{"id":9988,"date":"2022-03-22T12:09:00","date_gmt":"2022-03-22T18:09:00","guid":{"rendered":"http:\/\/tvalaire.com\/?p=9988"},"modified":"2022-04-01T12:15:07","modified_gmt":"2022-04-01T18:15:07","slug":"realizan-expo-mujer-emprende-2022","status":"publish","type":"post","link":"http:\/\/tvalaire.com\/?p=9988","title":{"rendered":"REALIZAN EXPO MUJER EMPRENDE 2022"},"content":{"rendered":"\n<ul class=\"wp-block-list\"><li><strong>Se instalan 60 puestos comerciales de mujeres emprendedoras<\/strong><\/li><li><strong>Dan impulso a las marcas de las piedadenses<\/strong><\/li><\/ul>\n\n\n\n<p>El pasado fin de semana se llev\u00f3 a cabo en la plaza principal de La Piedad, la exposici\u00f3n \u201cExpo Mujer Emprende 2022\u201d, con la cual, se concluyeron las actividades que se llevaron a cabo en el marco del mes de la mujer; iniciativa organizada por la Direcci\u00f3n de Promoci\u00f3n Econ\u00f3mica, bajo la encomienda del presidente municipal Samuel Hidalgo.<\/p>\n\n\n\n<p>As\u00ed mismo, se instalan 60 puestos comerciales y m\u00e1s de 80 participantes, de las cuales, en su totalidad, fueron mujeres originarias del municipio y por primera vez se cont\u00f3, con la integraci\u00f3n de un stand de personas con discapacidad intelectual.<\/p>\n\n\n\n<p>Dentro del objetivo principal de ese evento, fue que las mujeres emprendedoras pudieran mostrar y comercializar su propia marca, a trav\u00e9s de este espacio que les permiti\u00f3 mayor visibilidad para ense\u00f1ar sus productos.<\/p>\n\n\n\n<p>Existieron diferentes puestos, entre ellos de bisuter\u00eda, herbolar\u00eda, artesan\u00edas, cosm\u00e9ticos, ropa artesanal, alimentos, postres, entre otros, mismos, que adem\u00e1s de apoyarlas en la reactivaci\u00f3n econ\u00f3mica de sus hogares, les permite tener mayor independencia financiera al desarrollar su propia marca.&nbsp;<\/p>\n\n\n\n<p>La realizaci\u00f3n de la Expo, fue una convocatoria abierta para que todas las mujeres pudieran participar y ser parte; a su vez, las expositoras agradecieron a las autoridades municipales por el apoyo, as\u00ed como el inter\u00e9s que el alcalde ha mostrado para favorecerlas.&nbsp;<\/p>\n","protected":false},"excerpt":{"rendered":"<p>Se instalan 60 puestos comerciales de mujeres emprendedoras Dan impulso a las marcas de las&#8230;<\/p>\n","protected":false},"author":1,"featured_media":9996,"comment_status":"open","ping_status":"open","sticky":false,"template":"","format":"standard","meta":{"jetpack_post_was_ever_published":false,"_jetpack_newsletter_access":"","_jetpack_dont_email_post_to_subs":false,"_jetpack_newsletter_tier_id":0,"_jetpack_memberships_contains_paywalled_content":false,"_jetpack_memberships_contains_paid_content":false,"footnotes":"","jetpack_publicize_message":"","jetpack_publicize_feature_enabled":true,"jetpack_social_post_already_shared":true,"jetpack_social_options":{"image_generator_settings":{"template":"highway","enabled":false},"version":2}},"categories":[1],"tags":[15,36],"class_list":["post-9988","post","type-post","status-publish","format-standard","has-post-thumbnail","hentry","category-la-piedad","tag-la-piedad","tag-principales"],"jetpack_publicize_connections":[],"jetpack_sharing_enabled":true,"featured_image_urls":{"full":["http:\/\/tvalaire.com\/wp-content\/uploads\/2022\/04\/01-1-4-1080x675-1.jpeg",1080,675,false],"thumbnail":["http:\/\/tvalaire.com\/wp-content\/uploads\/2022\/04\/01-1-4-1080x675-1-150x150.jpeg",150,150,true],"medium":["http:\/\/tvalaire.com\/wp-content\/uploads\/2022\/04\/01-1-4-1080x675-1-300x188.jpeg",300,188,true],"medium_large":["http:\/\/tvalaire.com\/wp-content\/uploads\/2022\/04\/01-1-4-1080x675-1-768x480.jpeg",640,400,true],"large":["http:\/\/tvalaire.com\/wp-content\/uploads\/2022\/04\/01-1-4-1080x675-1-1024x640.jpeg",640,400,true],"post-slider-thumb-size":["http:\/\/tvalaire.com\/wp-content\/uploads\/2022\/04\/01-1-4-1080x675-1-330x190.jpeg",330,190,true],"post-category-slider-size":["http:\/\/tvalaire.com\/wp-content\/uploads\/2022\/04\/01-1-4-1080x675-1.jpeg",330,206,false],"1536x1536":["http:\/\/tvalaire.com\/wp-content\/uploads\/2022\/04\/01-1-4-1080x675-1.jpeg",1080,675,false],"2048x2048":["http:\/\/tvalaire.com\/wp-content\/uploads\/2022\/04\/01-1-4-1080x675-1.jpeg",1080,675,false],"newsium-slider-full":["http:\/\/tvalaire.com\/wp-content\/uploads\/2022\/04\/01-1-4-1080x675-1.jpeg",1080,675,false],"newsium-featured":["http:\/\/tvalaire.com\/wp-content\/uploads\/2022\/04\/01-1-4-1080x675-1-1024x640.jpeg",1024,640,true],"newsium-medium":["http:\/\/tvalaire.com\/wp-content\/uploads\/2022\/04\/01-1-4-1080x675-1-720x475.jpeg",720,475,true]},"author_info":{"info":["tvalairenoti"]},"category_info":"<a href=\"http:\/\/tvalaire.com\/?cat=1\" rel=\"category\">La Piedad<\/a>","tag_info":"La Piedad","comment_count":"0","jetpack_featured_media_url":"http:\/\/tvalaire.com\/wp-content\/uploads\/2022\/04\/01-1-4-1080x675-1.jpeg","_links":{"self":[{"href":"http:\/\/tvalaire.com\/index.php?rest_route=\/wp\/v2\/posts\/9988"}],"collection":[{"href":"http:\/\/tvalaire.com\/index.php?rest_route=\/wp\/v2\/posts"}],"about":[{"href":"http:\/\/tvalaire.com\/index.php?rest_route=\/wp\/v2\/types\/post"}],"author":[{"embeddable":true,"href":"http:\/\/tvalaire.com\/index.php?rest_route=\/wp\/v2\/users\/1"}],"replies":[{"embeddable":true,"href":"http:\/\/tvalaire.com\/index.php?rest_route=%2Fwp%2Fv2%2Fcomments&post=9988"}],"version-history":[{"count":1,"href":"http:\/\/tvalaire.com\/index.php?rest_route=\/wp\/v2\/posts\/9988\/revisions"}],"predecessor-version":[{"id":9997,"href":"http:\/\/tvalaire.com\/index.php?rest_route=\/wp\/v2\/posts\/9988\/revisions\/9997"}],"wp:featuredmedia":[{"embeddable":true,"href":"http:\/\/tvalaire.com\/index.php?rest_route=\/wp\/v2\/media\/9996"}],"wp:attachment":[{"href":"http:\/\/tvalaire.com\/index.php?rest_route=%2Fwp%2Fv2%2Fmedia&parent=9988"}],"wp:term":[{"taxonomy":"category","embeddable":true,"href":"http:\/\/tvalaire.com\/index.php?rest_route=%2Fwp%2Fv2%2Fcategories&post=9988"},{"taxonomy":"post_tag","embeddable":true,"href":"http:\/\/tvalaire.com\/index.php?rest_route=%2Fwp%2Fv2%2Ftags&post=9988"}],"curies":[{"name":"wp","href":"https:\/\/api.w.org\/{rel}","templated":true}]}}