{"id":9986,"date":"2022-03-25T12:09:00","date_gmt":"2022-03-25T18:09:00","guid":{"rendered":"http:\/\/tvalaire.com\/?p=9986"},"modified":"2022-04-01T12:12:26","modified_gmt":"2022-04-01T18:12:26","slug":"se-inaugura-en-el-municipio-de-la-piedad-el-festival-del-cuento-y-la-lectura","status":"publish","type":"post","link":"http:\/\/tvalaire.com\/?p=9986","title":{"rendered":"SE INAUGURA EN EL MUNICIPIO DE LA PIEDAD EL FESTIVAL DEL CUENTO Y LA LECTURA"},"content":{"rendered":"\n<ul class=\"wp-block-list\"><li><strong>Durante 10 d\u00edas habr\u00e1 actividades art\u00edsticas y culturales en el centro<\/strong><\/li><li><strong>1 y 2 de abril estar\u00e1 el Festival Mundial de Danza en el municipio<\/strong><\/li><\/ul>\n\n\n\n<p>Autoridades municipales e instituciones educativas participantes en la organizaci\u00f3n del evento encabezadas por el alcalde de La Piedad, Samuel Hidalgo Gallardo, inauguraron la s\u00e9ptima edici\u00f3n del Festival del Cuento y la Lectura, que este a\u00f1o se realiza bajo el lema; leer es crear, imaginar, transformar.<\/p>\n\n\n\n<p>Las actividades que se tienen organizadas para desarrollarse durante 10 d\u00edas en el centro de la ciudad, tienen como principal objetivo la difusi\u00f3n y el fomento de la lectura de manera colectiva, as\u00ed como presentaciones art\u00edsticas.<\/p>\n\n\n\n<p>En su intervenci\u00f3n el presidente Hidalgo Gallardo, se\u00f1al\u00f3 que durante m\u00e1s de una semana la poblaci\u00f3n podr\u00e1 disfrutar de diversidad de actividades tales como canto, cuenta cuentos, lectura en voz alta, talleres art\u00edsticos, declamaci\u00f3n, presentaciones de libros, exhibici\u00f3n y venta de libros de diferentes g\u00e9neros literarios, entre otras expresiones.<\/p>\n\n\n\n<p>\u201cSoy un convencido de que la educaci\u00f3n y la cultura son armas poderosas para combatir la desigualdad y abrir oportunidades para todos\u201d, se\u00f1al\u00f3 el Presidente municipal.<\/p>\n\n\n\n<p>Ah\u00ed mismo, el Alcalde reconoci\u00f3 y agradeci\u00f3 el esfuerzo de todas las instituciones educativas participantes de todos los niveles que para este a\u00f1o se sumaron. De igual manera invit\u00f3 a los padres de familia para que sigan contribuyendo en la formaci\u00f3n de sus hijos y fomentando el gusto por la lectura.<\/p>\n\n\n\n<p>De igual manera dio a conocer que bajo este mismo precepto cultural durante el d\u00eda 1 y 2 de abril se desarrollar\u00e1 en el Centro Hist\u00f3rico de la ciudad, una extensi\u00f3n del Festival Mundial de Danza, en donde se tendr\u00e1 la presentaci\u00f3n del folclore de los pa\u00edses de Ecuador y Colombia.<\/p>\n","protected":false},"excerpt":{"rendered":"<p>Durante 10 d\u00edas habr\u00e1 actividades art\u00edsticas y culturales en el centro 1 y 2 de&#8230;<\/p>\n","protected":false},"author":1,"featured_media":9992,"comment_status":"open","ping_status":"open","sticky":false,"template":"","format":"standard","meta":{"jetpack_post_was_ever_published":false,"_jetpack_newsletter_access":"","_jetpack_dont_email_post_to_subs":false,"_jetpack_newsletter_tier_id":0,"_jetpack_memberships_contains_paywalled_content":false,"_jetpack_memberships_contains_paid_content":false,"footnotes":"","jetpack_publicize_message":"","jetpack_publicize_feature_enabled":true,"jetpack_social_post_already_shared":true,"jetpack_social_options":{"image_generator_settings":{"template":"highway","enabled":false},"version":2}},"categories":[1],"tags":[15,36],"class_list":["post-9986","post","type-post","status-publish","format-standard","has-post-thumbnail","hentry","category-la-piedad","tag-la-piedad","tag-principales"],"jetpack_publicize_connections":[],"jetpack_sharing_enabled":true,"featured_image_urls":{"full":["http:\/\/tvalaire.com\/wp-content\/uploads\/2022\/04\/01-1-5-1080x675-1.jpeg",1080,675,false],"thumbnail":["http:\/\/tvalaire.com\/wp-content\/uploads\/2022\/04\/01-1-5-1080x675-1-150x150.jpeg",150,150,true],"medium":["http:\/\/tvalaire.com\/wp-content\/uploads\/2022\/04\/01-1-5-1080x675-1-300x188.jpeg",300,188,true],"medium_large":["http:\/\/tvalaire.com\/wp-content\/uploads\/2022\/04\/01-1-5-1080x675-1-768x480.jpeg",640,400,true],"large":["http:\/\/tvalaire.com\/wp-content\/uploads\/2022\/04\/01-1-5-1080x675-1-1024x640.jpeg",640,400,true],"post-slider-thumb-size":["http:\/\/tvalaire.com\/wp-content\/uploads\/2022\/04\/01-1-5-1080x675-1-330x190.jpeg",330,190,true],"post-category-slider-size":["http:\/\/tvalaire.com\/wp-content\/uploads\/2022\/04\/01-1-5-1080x675-1.jpeg",330,206,false],"1536x1536":["http:\/\/tvalaire.com\/wp-content\/uploads\/2022\/04\/01-1-5-1080x675-1.jpeg",1080,675,false],"2048x2048":["http:\/\/tvalaire.com\/wp-content\/uploads\/2022\/04\/01-1-5-1080x675-1.jpeg",1080,675,false],"newsium-slider-full":["http:\/\/tvalaire.com\/wp-content\/uploads\/2022\/04\/01-1-5-1080x675-1.jpeg",1080,675,false],"newsium-featured":["http:\/\/tvalaire.com\/wp-content\/uploads\/2022\/04\/01-1-5-1080x675-1-1024x640.jpeg",1024,640,true],"newsium-medium":["http:\/\/tvalaire.com\/wp-content\/uploads\/2022\/04\/01-1-5-1080x675-1-720x475.jpeg",720,475,true]},"author_info":{"info":["tvalairenoti"]},"category_info":"<a href=\"http:\/\/tvalaire.com\/?cat=1\" rel=\"category\">La Piedad<\/a>","tag_info":"La Piedad","comment_count":"0","jetpack_featured_media_url":"http:\/\/tvalaire.com\/wp-content\/uploads\/2022\/04\/01-1-5-1080x675-1.jpeg","_links":{"self":[{"href":"http:\/\/tvalaire.com\/index.php?rest_route=\/wp\/v2\/posts\/9986"}],"collection":[{"href":"http:\/\/tvalaire.com\/index.php?rest_route=\/wp\/v2\/posts"}],"about":[{"href":"http:\/\/tvalaire.com\/index.php?rest_route=\/wp\/v2\/types\/post"}],"author":[{"embeddable":true,"href":"http:\/\/tvalaire.com\/index.php?rest_route=\/wp\/v2\/users\/1"}],"replies":[{"embeddable":true,"href":"http:\/\/tvalaire.com\/index.php?rest_route=%2Fwp%2Fv2%2Fcomments&post=9986"}],"version-history":[{"count":1,"href":"http:\/\/tvalaire.com\/index.php?rest_route=\/wp\/v2\/posts\/9986\/revisions"}],"predecessor-version":[{"id":9993,"href":"http:\/\/tvalaire.com\/index.php?rest_route=\/wp\/v2\/posts\/9986\/revisions\/9993"}],"wp:featuredmedia":[{"embeddable":true,"href":"http:\/\/tvalaire.com\/index.php?rest_route=\/wp\/v2\/media\/9992"}],"wp:attachment":[{"href":"http:\/\/tvalaire.com\/index.php?rest_route=%2Fwp%2Fv2%2Fmedia&parent=9986"}],"wp:term":[{"taxonomy":"category","embeddable":true,"href":"http:\/\/tvalaire.com\/index.php?rest_route=%2Fwp%2Fv2%2Fcategories&post=9986"},{"taxonomy":"post_tag","embeddable":true,"href":"http:\/\/tvalaire.com\/index.php?rest_route=%2Fwp%2Fv2%2Ftags&post=9986"}],"curies":[{"name":"wp","href":"https:\/\/api.w.org\/{rel}","templated":true}]}}