{"id":9985,"date":"2022-03-28T12:09:00","date_gmt":"2022-03-28T18:09:00","guid":{"rendered":"http:\/\/tvalaire.com\/?p=9985"},"modified":"2022-04-01T12:10:42","modified_gmt":"2022-04-01T18:10:42","slug":"acerca-gobierno-de-la-piedad-servicios-de-salud-visual-hasta-comunidades","status":"publish","type":"post","link":"http:\/\/tvalaire.com\/?p=9985","title":{"rendered":"ACERCA GOBIERNO DE LA PIEDAD SERVICIOS DE SALUD VISUAL HASTA COMUNIDADES"},"content":{"rendered":"\n<ul class=\"wp-block-list\"><li><strong>Llevan ex\u00e1menes de la vista totalmente gratuitos a las comunidades<\/strong><\/li><li><strong>Sistema DIF La Piedad propone atender las 43 localidades rurales<\/strong><\/li><\/ul>\n\n\n\n<p>En seguimiento a la indicaci\u00f3n de nuestro Alcalde de La Piedad, Samuel Hidalgo Gallardo, por acercar servicios que puedan mejorar las condiciones de salud y vida, arrancaron las Campa\u00f1as de Salud Visual en la zona rural del municipio con ex\u00e1menes de la vista gratuitos, acercados por el Sistema Municipal para el Desarrollo Integral de la Familia (DIF).<\/p>\n\n\n\n<p>Para extender la atenci\u00f3n a m\u00e1s ciudadanos que lo requieran, la atenci\u00f3n de Optometr\u00eda continuar\u00e1 su servicio al interior del organismo DIF, los d\u00edas martes y viernes como se ha realizado en horario de 9:00 de la ma\u00f1ana a 4:00 de tarde.<\/p>\n\n\n\n<p>A fin de favorecer a todos los ciudadanos que requieran de una intervenci\u00f3n especializada para sus ojos, se realizar\u00e1n los ex\u00e1menes de forma gratuita para los habitantes de las comunidades los d\u00edas jueves de cada semana, bajo visitas que programar\u00e1 el Sistema DIF.<\/p>\n\n\n\n<p>El servicio de optometr\u00eda que se brindar\u00e1 tiene como principal objetivo revisar y diagnosticar y en su caso si es necesario se invitar\u00e1 al paciente a que visite a su oftalm\u00f3logo de confianza.<\/p>\n\n\n\n<p>Para recibir mayor informaci\u00f3n sobre las Campa\u00f1as de Salud Visual en La Piedad, los interesados pueden comunicarse a la l\u00ednea DIF: 352 52 201 22<\/p>\n","protected":false},"excerpt":{"rendered":"<p>Llevan ex\u00e1menes de la vista totalmente gratuitos a las comunidades Sistema DIF La Piedad propone&#8230;<\/p>\n","protected":false},"author":1,"featured_media":9990,"comment_status":"open","ping_status":"open","sticky":false,"template":"","format":"standard","meta":{"jetpack_post_was_ever_published":false,"_jetpack_newsletter_access":"","_jetpack_dont_email_post_to_subs":false,"_jetpack_newsletter_tier_id":0,"_jetpack_memberships_contains_paywalled_content":false,"_jetpack_memberships_contains_paid_content":false,"footnotes":"","jetpack_publicize_message":"","jetpack_publicize_feature_enabled":true,"jetpack_social_post_already_shared":true,"jetpack_social_options":{"image_generator_settings":{"template":"highway","enabled":false},"version":2}},"categories":[1],"tags":[15,36],"class_list":["post-9985","post","type-post","status-publish","format-standard","has-post-thumbnail","hentry","category-la-piedad","tag-la-piedad","tag-principales"],"jetpack_publicize_connections":[],"jetpack_sharing_enabled":true,"featured_image_urls":{"full":["http:\/\/tvalaire.com\/wp-content\/uploads\/2022\/04\/01-1-6-768x675-1.jpeg",768,675,false],"thumbnail":["http:\/\/tvalaire.com\/wp-content\/uploads\/2022\/04\/01-1-6-768x675-1-150x150.jpeg",150,150,true],"medium":["http:\/\/tvalaire.com\/wp-content\/uploads\/2022\/04\/01-1-6-768x675-1-300x264.jpeg",300,264,true],"medium_large":["http:\/\/tvalaire.com\/wp-content\/uploads\/2022\/04\/01-1-6-768x675-1.jpeg",640,563,false],"large":["http:\/\/tvalaire.com\/wp-content\/uploads\/2022\/04\/01-1-6-768x675-1.jpeg",640,563,false],"post-slider-thumb-size":["http:\/\/tvalaire.com\/wp-content\/uploads\/2022\/04\/01-1-6-768x675-1-330x190.jpeg",330,190,true],"post-category-slider-size":["http:\/\/tvalaire.com\/wp-content\/uploads\/2022\/04\/01-1-6-768x675-1.jpeg",330,290,false],"1536x1536":["http:\/\/tvalaire.com\/wp-content\/uploads\/2022\/04\/01-1-6-768x675-1.jpeg",768,675,false],"2048x2048":["http:\/\/tvalaire.com\/wp-content\/uploads\/2022\/04\/01-1-6-768x675-1.jpeg",768,675,false],"newsium-slider-full":["http:\/\/tvalaire.com\/wp-content\/uploads\/2022\/04\/01-1-6-768x675-1.jpeg",768,675,false],"newsium-featured":["http:\/\/tvalaire.com\/wp-content\/uploads\/2022\/04\/01-1-6-768x675-1.jpeg",768,675,false],"newsium-medium":["http:\/\/tvalaire.com\/wp-content\/uploads\/2022\/04\/01-1-6-768x675-1-720x475.jpeg",720,475,true]},"author_info":{"info":["tvalairenoti"]},"category_info":"<a href=\"http:\/\/tvalaire.com\/?cat=1\" rel=\"category\">La Piedad<\/a>","tag_info":"La Piedad","comment_count":"0","jetpack_featured_media_url":"http:\/\/tvalaire.com\/wp-content\/uploads\/2022\/04\/01-1-6-768x675-1.jpeg","_links":{"self":[{"href":"http:\/\/tvalaire.com\/index.php?rest_route=\/wp\/v2\/posts\/9985"}],"collection":[{"href":"http:\/\/tvalaire.com\/index.php?rest_route=\/wp\/v2\/posts"}],"about":[{"href":"http:\/\/tvalaire.com\/index.php?rest_route=\/wp\/v2\/types\/post"}],"author":[{"embeddable":true,"href":"http:\/\/tvalaire.com\/index.php?rest_route=\/wp\/v2\/users\/1"}],"replies":[{"embeddable":true,"href":"http:\/\/tvalaire.com\/index.php?rest_route=%2Fwp%2Fv2%2Fcomments&post=9985"}],"version-history":[{"count":1,"href":"http:\/\/tvalaire.com\/index.php?rest_route=\/wp\/v2\/posts\/9985\/revisions"}],"predecessor-version":[{"id":9991,"href":"http:\/\/tvalaire.com\/index.php?rest_route=\/wp\/v2\/posts\/9985\/revisions\/9991"}],"wp:featuredmedia":[{"embeddable":true,"href":"http:\/\/tvalaire.com\/index.php?rest_route=\/wp\/v2\/media\/9990"}],"wp:attachment":[{"href":"http:\/\/tvalaire.com\/index.php?rest_route=%2Fwp%2Fv2%2Fmedia&parent=9985"}],"wp:term":[{"taxonomy":"category","embeddable":true,"href":"http:\/\/tvalaire.com\/index.php?rest_route=%2Fwp%2Fv2%2Fcategories&post=9985"},{"taxonomy":"post_tag","embeddable":true,"href":"http:\/\/tvalaire.com\/index.php?rest_route=%2Fwp%2Fv2%2Ftags&post=9985"}],"curies":[{"name":"wp","href":"https:\/\/api.w.org\/{rel}","templated":true}]}}