{"id":9969,"date":"2022-03-30T11:59:00","date_gmt":"2022-03-30T17:59:00","guid":{"rendered":"http:\/\/tvalaire.com\/?p=9969"},"modified":"2022-04-01T12:01:39","modified_gmt":"2022-04-01T18:01:39","slug":"samuel-hidalgo-busca-reactivar-centros-comunitarios-a-traves-de-actividades","status":"publish","type":"post","link":"http:\/\/tvalaire.com\/?p=9969","title":{"rendered":"SAMUEL HIDALGO BUSCA REACTIVAR CENTROS COMUNITARIOS A TRAV\u00c9S DE ACTIVIDADES"},"content":{"rendered":"\n<ul class=\"wp-block-list\"><li><strong>Alcalde firma convenio con Universidad de Le\u00f3n, Campus La Piedad<\/strong><\/li><li><strong>Llevar\u00e1n platicas, conferencias y asesor\u00edas a Centros Comunitarios<\/strong><\/li><\/ul>\n\n\n\n<p>Samuel Hidalgo, presidente municipal, firm\u00f3 un convenio con la Universidad de Le\u00f3n Campus La Piedad, para que los j\u00f3venes estudiantes de diferentes carreras, a trav\u00e9s de su servicio social, lleven a los diversos centros comunitarios de la ciudad, pl\u00e1ticas, conferencias o bien asesor\u00edas, en funci\u00f3n de la reactivaci\u00f3n de estos espacios p\u00fablicos.<\/p>\n\n\n\n<p>El Alcalde enfatiz\u00f3 la importancia de acercar a los vecinos de las distintas colonias del municipio, diversas actividades recreativas que les permitir\u00e1 informarse y participar en eventos de car\u00e1cter profesional, social y cultural, por ello, agradeci\u00f3 que se hagan este tipo de vinculaciones con las instituciones.<\/p>\n\n\n\n<p>Dentro de los j\u00f3venes que participar\u00e1n en estas acciones, ser\u00e1n los estudiantes de las carreras de: Derecho, Administraci\u00f3n de Empresas, Contadur\u00eda P\u00fablica, Comunicaci\u00f3n, Arquitectura y Psicolog\u00eda Organizacional, quienes compartir\u00e1n su conocimiento en los diferentes Centros de Desarrollo Comunitario.<\/p>\n\n\n\n<p>A su vez, la Direcci\u00f3n de Desarrollo Social, quien estuvo a cargo de esta vinculaci\u00f3n, brind\u00f3 las gracias a la Universidad de Le\u00f3n Campus La Piedad, por tener esta apertura en funci\u00f3n de realizar el bien com\u00fan a los ciudadanos, as\u00ed mismo, el mun\u00edcipe se despidi\u00f3 no sin antes reconocer el esfuerzo que cada uno de los miembros de la Universidad hace por impartirles buena educaci\u00f3n a los j\u00f3venes estudiantes.<\/p>\n","protected":false},"excerpt":{"rendered":"<p>Alcalde firma convenio con Universidad de Le\u00f3n, Campus La Piedad Llevar\u00e1n platicas, conferencias y asesor\u00edas&#8230;<\/p>\n","protected":false},"author":1,"featured_media":9979,"comment_status":"open","ping_status":"open","sticky":false,"template":"","format":"standard","meta":{"jetpack_post_was_ever_published":false,"_jetpack_newsletter_access":"","_jetpack_dont_email_post_to_subs":false,"_jetpack_newsletter_tier_id":0,"_jetpack_memberships_contains_paywalled_content":false,"_jetpack_memberships_contains_paid_content":false,"footnotes":"","jetpack_publicize_message":"","jetpack_publicize_feature_enabled":true,"jetpack_social_post_already_shared":true,"jetpack_social_options":{"image_generator_settings":{"template":"highway","enabled":false},"version":2}},"categories":[1],"tags":[15,36],"class_list":["post-9969","post","type-post","status-publish","format-standard","has-post-thumbnail","hentry","category-la-piedad","tag-la-piedad","tag-principales"],"jetpack_publicize_connections":[],"jetpack_sharing_enabled":true,"featured_image_urls":{"full":["http:\/\/tvalaire.com\/wp-content\/uploads\/2022\/04\/01-6-4-980x652-1.jpeg",980,652,false],"thumbnail":["http:\/\/tvalaire.com\/wp-content\/uploads\/2022\/04\/01-6-4-980x652-1-150x150.jpeg",150,150,true],"medium":["http:\/\/tvalaire.com\/wp-content\/uploads\/2022\/04\/01-6-4-980x652-1-300x200.jpeg",300,200,true],"medium_large":["http:\/\/tvalaire.com\/wp-content\/uploads\/2022\/04\/01-6-4-980x652-1-768x511.jpeg",640,426,true],"large":["http:\/\/tvalaire.com\/wp-content\/uploads\/2022\/04\/01-6-4-980x652-1.jpeg",640,426,false],"post-slider-thumb-size":["http:\/\/tvalaire.com\/wp-content\/uploads\/2022\/04\/01-6-4-980x652-1-330x190.jpeg",330,190,true],"post-category-slider-size":["http:\/\/tvalaire.com\/wp-content\/uploads\/2022\/04\/01-6-4-980x652-1.jpeg",330,220,false],"1536x1536":["http:\/\/tvalaire.com\/wp-content\/uploads\/2022\/04\/01-6-4-980x652-1.jpeg",980,652,false],"2048x2048":["http:\/\/tvalaire.com\/wp-content\/uploads\/2022\/04\/01-6-4-980x652-1.jpeg",980,652,false],"newsium-slider-full":["http:\/\/tvalaire.com\/wp-content\/uploads\/2022\/04\/01-6-4-980x652-1.jpeg",980,652,false],"newsium-featured":["http:\/\/tvalaire.com\/wp-content\/uploads\/2022\/04\/01-6-4-980x652-1.jpeg",980,652,false],"newsium-medium":["http:\/\/tvalaire.com\/wp-content\/uploads\/2022\/04\/01-6-4-980x652-1-720x475.jpeg",720,475,true]},"author_info":{"info":["tvalairenoti"]},"category_info":"<a href=\"http:\/\/tvalaire.com\/?cat=1\" rel=\"category\">La Piedad<\/a>","tag_info":"La Piedad","comment_count":"0","jetpack_featured_media_url":"http:\/\/tvalaire.com\/wp-content\/uploads\/2022\/04\/01-6-4-980x652-1.jpeg","_links":{"self":[{"href":"http:\/\/tvalaire.com\/index.php?rest_route=\/wp\/v2\/posts\/9969"}],"collection":[{"href":"http:\/\/tvalaire.com\/index.php?rest_route=\/wp\/v2\/posts"}],"about":[{"href":"http:\/\/tvalaire.com\/index.php?rest_route=\/wp\/v2\/types\/post"}],"author":[{"embeddable":true,"href":"http:\/\/tvalaire.com\/index.php?rest_route=\/wp\/v2\/users\/1"}],"replies":[{"embeddable":true,"href":"http:\/\/tvalaire.com\/index.php?rest_route=%2Fwp%2Fv2%2Fcomments&post=9969"}],"version-history":[{"count":1,"href":"http:\/\/tvalaire.com\/index.php?rest_route=\/wp\/v2\/posts\/9969\/revisions"}],"predecessor-version":[{"id":9980,"href":"http:\/\/tvalaire.com\/index.php?rest_route=\/wp\/v2\/posts\/9969\/revisions\/9980"}],"wp:featuredmedia":[{"embeddable":true,"href":"http:\/\/tvalaire.com\/index.php?rest_route=\/wp\/v2\/media\/9979"}],"wp:attachment":[{"href":"http:\/\/tvalaire.com\/index.php?rest_route=%2Fwp%2Fv2%2Fmedia&parent=9969"}],"wp:term":[{"taxonomy":"category","embeddable":true,"href":"http:\/\/tvalaire.com\/index.php?rest_route=%2Fwp%2Fv2%2Fcategories&post=9969"},{"taxonomy":"post_tag","embeddable":true,"href":"http:\/\/tvalaire.com\/index.php?rest_route=%2Fwp%2Fv2%2Ftags&post=9969"}],"curies":[{"name":"wp","href":"https:\/\/api.w.org\/{rel}","templated":true}]}}