{"id":994,"date":"2017-03-21T09:10:18","date_gmt":"2017-03-21T15:10:18","guid":{"rendered":"http:\/\/tvalaire.com\/?p=994"},"modified":"2017-03-21T09:10:18","modified_gmt":"2017-03-21T15:10:18","slug":"queda-mejorado-el-deposito-de-agua-potable-en-la-comunidad-de-san-pedro","status":"publish","type":"post","link":"http:\/\/tvalaire.com\/?p=994","title":{"rendered":"QUEDA MEJORADO EL DEPOSITO DE AGUA POTABLE EN LA COMUNIDAD DE SAN PEDRO"},"content":{"rendered":"<p>Atendiendo las necesidades de mayor prioridad el Presidente Municipal V\u00edctor V\u00e1zquez inaugura dep\u00f3sito de agua potable en la comunidad de San Pedro Carano, en donde se\u00f1ala que gracias al Honorable Cabildo se hizo esta y muchas obras por la autorizaci\u00f3n de las mismas.<\/p>\n<p>\u201cM\u00e1s que venir a inaugurar una obra, es tener acercamiento con ustedes, el poderlos saludar, escuchar, el poder saber algunas de sus necesidades y que gracias a esa comunicaci\u00f3n nos permita de manera conjunta ir resolviendo algunas de sus necesidades, otro motivo es el poder constatar el recurso que se emple\u00f3 en esta obras\u201d extern\u00f3 V\u00edctor V\u00e1zquez.<\/p>\n<p>De igual forma\u00a0 les inform\u00f3 que se estar\u00e1 planeando realizar en el mismo lugar un espacio recreativo para que puedan disfrutar de este lugar, adem\u00e1s mencion\u00f3 las obras que se les estar\u00e1n realizando en este a\u00f1o.<\/p>\n<p>&nbsp;<\/p>\n<p><img loading=\"lazy\" decoding=\"async\" class=\"alignnone size-medium wp-image-998\" src=\"http:\/\/tvalaire.com\/wp-content\/uploads\/2017\/03\/queda-rehabilitado-el-deposito-del-agua-4-300x199.jpg\" alt=\"\" width=\"300\" height=\"199\" srcset=\"http:\/\/tvalaire.com\/wp-content\/uploads\/2017\/03\/queda-rehabilitado-el-deposito-del-agua-4-300x199.jpg 300w, http:\/\/tvalaire.com\/wp-content\/uploads\/2017\/03\/queda-rehabilitado-el-deposito-del-agua-4-768x509.jpg 768w, http:\/\/tvalaire.com\/wp-content\/uploads\/2017\/03\/queda-rehabilitado-el-deposito-del-agua-4-1024x678.jpg 1024w\" sizes=\"(max-width: 300px) 100vw, 300px\" \/><\/p>\n<p><img loading=\"lazy\" decoding=\"async\" class=\"alignnone size-medium wp-image-997\" src=\"http:\/\/tvalaire.com\/wp-content\/uploads\/2017\/03\/queda-rehabilitado-el-deposito-del-agua-3-300x199.jpg\" alt=\"\" width=\"300\" height=\"199\" srcset=\"http:\/\/tvalaire.com\/wp-content\/uploads\/2017\/03\/queda-rehabilitado-el-deposito-del-agua-3-300x199.jpg 300w, http:\/\/tvalaire.com\/wp-content\/uploads\/2017\/03\/queda-rehabilitado-el-deposito-del-agua-3-768x509.jpg 768w, http:\/\/tvalaire.com\/wp-content\/uploads\/2017\/03\/queda-rehabilitado-el-deposito-del-agua-3-1024x678.jpg 1024w\" sizes=\"(max-width: 300px) 100vw, 300px\" \/><\/p>\n<p><img loading=\"lazy\" decoding=\"async\" class=\"alignnone size-medium wp-image-996\" src=\"http:\/\/tvalaire.com\/wp-content\/uploads\/2017\/03\/queda-rehabilitado-el-deposito-del-agua-2-300x199.jpg\" alt=\"\" width=\"300\" height=\"199\" srcset=\"http:\/\/tvalaire.com\/wp-content\/uploads\/2017\/03\/queda-rehabilitado-el-deposito-del-agua-2-300x199.jpg 300w, http:\/\/tvalaire.com\/wp-content\/uploads\/2017\/03\/queda-rehabilitado-el-deposito-del-agua-2-768x509.jpg 768w, http:\/\/tvalaire.com\/wp-content\/uploads\/2017\/03\/queda-rehabilitado-el-deposito-del-agua-2-1024x678.jpg 1024w\" sizes=\"(max-width: 300px) 100vw, 300px\" \/><\/p>\n<p><img loading=\"lazy\" decoding=\"async\" class=\"alignnone size-medium wp-image-995\" src=\"http:\/\/tvalaire.com\/wp-content\/uploads\/2017\/03\/queda-rehabilitado-el-deposito-del-agua-1-300x199.jpg\" alt=\"\" width=\"300\" height=\"199\" srcset=\"http:\/\/tvalaire.com\/wp-content\/uploads\/2017\/03\/queda-rehabilitado-el-deposito-del-agua-1-300x199.jpg 300w, http:\/\/tvalaire.com\/wp-content\/uploads\/2017\/03\/queda-rehabilitado-el-deposito-del-agua-1-768x509.jpg 768w, http:\/\/tvalaire.com\/wp-content\/uploads\/2017\/03\/queda-rehabilitado-el-deposito-del-agua-1-1024x678.jpg 1024w\" sizes=\"(max-width: 300px) 100vw, 300px\" \/><\/p>\n","protected":false},"excerpt":{"rendered":"<p>Atendiendo las necesidades de mayor prioridad el Presidente Municipal V\u00edctor V\u00e1zquez inaugura dep\u00f3sito de agua&#8230;<\/p>\n","protected":false},"author":1,"featured_media":999,"comment_status":"open","ping_status":"open","sticky":false,"template":"","format":"standard","meta":{"jetpack_post_was_ever_published":false,"_jetpack_newsletter_access":"","_jetpack_dont_email_post_to_subs":false,"_jetpack_newsletter_tier_id":0,"_jetpack_memberships_contains_paywalled_content":false,"_jetpack_memberships_contains_paid_content":false,"footnotes":"","jetpack_publicize_message":"","jetpack_publicize_feature_enabled":true,"jetpack_social_post_already_shared":false,"jetpack_social_options":{"image_generator_settings":{"template":"highway","enabled":false},"version":2}},"categories":[4],"tags":[24],"class_list":["post-994","post","type-post","status-publish","format-standard","has-post-thumbnail","hentry","category-puruandiro","tag-puruandiro"],"jetpack_publicize_connections":[],"jetpack_sharing_enabled":true,"featured_image_urls":{"full":["http:\/\/tvalaire.com\/wp-content\/uploads\/2017\/03\/queda-rehabilitado-el-deposito-del-agua-5.jpg",1632,2464,false],"thumbnail":["http:\/\/tvalaire.com\/wp-content\/uploads\/2017\/03\/queda-rehabilitado-el-deposito-del-agua-5-150x150.jpg",150,150,true],"medium":["http:\/\/tvalaire.com\/wp-content\/uploads\/2017\/03\/queda-rehabilitado-el-deposito-del-agua-5-199x300.jpg",199,300,true],"medium_large":["http:\/\/tvalaire.com\/wp-content\/uploads\/2017\/03\/queda-rehabilitado-el-deposito-del-agua-5-768x1160.jpg",640,967,true],"large":["http:\/\/tvalaire.com\/wp-content\/uploads\/2017\/03\/queda-rehabilitado-el-deposito-del-agua-5-678x1024.jpg",640,967,true],"post-slider-thumb-size":["http:\/\/tvalaire.com\/wp-content\/uploads\/2017\/03\/queda-rehabilitado-el-deposito-del-agua-5.jpg",126,190,false],"post-category-slider-size":["http:\/\/tvalaire.com\/wp-content\/uploads\/2017\/03\/queda-rehabilitado-el-deposito-del-agua-5.jpg",232,350,false],"1536x1536":["http:\/\/tvalaire.com\/wp-content\/uploads\/2017\/03\/queda-rehabilitado-el-deposito-del-agua-5.jpg",1017,1536,false],"2048x2048":["http:\/\/tvalaire.com\/wp-content\/uploads\/2017\/03\/queda-rehabilitado-el-deposito-del-agua-5.jpg",1356,2048,false],"newsium-slider-full":["http:\/\/tvalaire.com\/wp-content\/uploads\/2017\/03\/queda-rehabilitado-el-deposito-del-agua-5.jpg",560,845,false],"newsium-featured":["http:\/\/tvalaire.com\/wp-content\/uploads\/2017\/03\/queda-rehabilitado-el-deposito-del-agua-5.jpg",1024,1546,false],"newsium-medium":["http:\/\/tvalaire.com\/wp-content\/uploads\/2017\/03\/queda-rehabilitado-el-deposito-del-agua-5.jpg",315,475,false]},"author_info":{"info":["tvalairenoti"]},"category_info":"<a href=\"http:\/\/tvalaire.com\/?cat=4\" rel=\"category\">Puru\u00e1ndiro<\/a>","tag_info":"Puru\u00e1ndiro","comment_count":"0","jetpack_featured_media_url":"http:\/\/tvalaire.com\/wp-content\/uploads\/2017\/03\/queda-rehabilitado-el-deposito-del-agua-5.jpg","_links":{"self":[{"href":"http:\/\/tvalaire.com\/index.php?rest_route=\/wp\/v2\/posts\/994"}],"collection":[{"href":"http:\/\/tvalaire.com\/index.php?rest_route=\/wp\/v2\/posts"}],"about":[{"href":"http:\/\/tvalaire.com\/index.php?rest_route=\/wp\/v2\/types\/post"}],"author":[{"embeddable":true,"href":"http:\/\/tvalaire.com\/index.php?rest_route=\/wp\/v2\/users\/1"}],"replies":[{"embeddable":true,"href":"http:\/\/tvalaire.com\/index.php?rest_route=%2Fwp%2Fv2%2Fcomments&post=994"}],"version-history":[{"count":1,"href":"http:\/\/tvalaire.com\/index.php?rest_route=\/wp\/v2\/posts\/994\/revisions"}],"predecessor-version":[{"id":1000,"href":"http:\/\/tvalaire.com\/index.php?rest_route=\/wp\/v2\/posts\/994\/revisions\/1000"}],"wp:featuredmedia":[{"embeddable":true,"href":"http:\/\/tvalaire.com\/index.php?rest_route=\/wp\/v2\/media\/999"}],"wp:attachment":[{"href":"http:\/\/tvalaire.com\/index.php?rest_route=%2Fwp%2Fv2%2Fmedia&parent=994"}],"wp:term":[{"taxonomy":"category","embeddable":true,"href":"http:\/\/tvalaire.com\/index.php?rest_route=%2Fwp%2Fv2%2Fcategories&post=994"},{"taxonomy":"post_tag","embeddable":true,"href":"http:\/\/tvalaire.com\/index.php?rest_route=%2Fwp%2Fv2%2Ftags&post=994"}],"curies":[{"name":"wp","href":"https:\/\/api.w.org\/{rel}","templated":true}]}}