{"id":9918,"date":"2022-03-03T16:41:00","date_gmt":"2022-03-03T22:41:00","guid":{"rendered":"http:\/\/tvalaire.com\/?p=9918"},"modified":"2022-03-10T16:51:39","modified_gmt":"2022-03-10T22:51:39","slug":"se-reunen-integrantes-del-sistema-pasev","status":"publish","type":"post","link":"http:\/\/tvalaire.com\/?p=9918","title":{"rendered":"SE RE\u00daNEN INTEGRANTES DEL SISTEMA PASEV"},"content":{"rendered":"\n<p><\/p>\n\n\n\n<ul class=\"wp-block-list\"><li><strong>\u201cPrevenir, Atender, Sancionar y Erradicar la Violencia\u201d<\/strong><\/li><li><strong>Acciones en torno a la conmemoraci\u00f3n del D\u00eda Internacional de la Mujer<\/strong><\/li><\/ul>\n\n\n\n<p>Continuando con los eventos conmemorativos en torno al D\u00eda Internacional de la Mujer, se reunieron los integrantes del Sistema PASEV, el cual consiste en \u201cPrevenir, Atender, Sancionar y Erradicar la Violencia\u201d, contra las mujeres por razones de g\u00e9nero, en el municipio de La Piedad.<\/p>\n\n\n\n<p>Por su parte, la sesi\u00f3n estuvo encabezada por el presidente municipal Samuel Hidalgo, donde se expusieron los eventos que se han<a><\/a> estado llevado a cabo en torno a esta conmemoraci\u00f3n, entre ellas la colocaci\u00f3n de las \u201cPuertas x ti\u201d y las distintas conferencias que informan sobre c\u00f3mo detectar la violencia de g\u00e9nero.<\/p>\n\n\n\n<p>As\u00ed mismo, el prop\u00f3sito del Gobierno Municipal es enunciar acciones para evitar los riesgos contra la mujer, esto con la finalidad de crear e integrar espacios donde se puedan detectar aquellos factores que puedan interrumpir su seguridad y tranquilidad.<\/p>\n\n\n\n<p>Por \u00faltimo, el edil y los integrantes del sistema PASEV, hicieron hincapi\u00e9 en tomar conciencia sobre los eventos que puedan poner en situaciones de riesgo a la mujer, para ello, a partir de las iniciativas ejercidas en los \u00faltimos d\u00edas, se continuar\u00e1 realizando acciones que las beneficien.<\/p>\n","protected":false},"excerpt":{"rendered":"<p>\u201cPrevenir, Atender, Sancionar y Erradicar la Violencia\u201d Acciones en torno a la conmemoraci\u00f3n del D\u00eda&#8230;<\/p>\n","protected":false},"author":1,"featured_media":9950,"comment_status":"open","ping_status":"open","sticky":false,"template":"","format":"standard","meta":{"jetpack_post_was_ever_published":false,"_jetpack_newsletter_access":"","_jetpack_dont_email_post_to_subs":false,"_jetpack_newsletter_tier_id":0,"_jetpack_memberships_contains_paywalled_content":false,"_jetpack_memberships_contains_paid_content":false,"footnotes":"","jetpack_publicize_message":"","jetpack_publicize_feature_enabled":true,"jetpack_social_post_already_shared":true,"jetpack_social_options":{"image_generator_settings":{"template":"highway","enabled":false},"version":2}},"categories":[1],"tags":[15,36],"class_list":["post-9918","post","type-post","status-publish","format-standard","has-post-thumbnail","hentry","category-la-piedad","tag-la-piedad","tag-principales"],"jetpack_publicize_connections":[],"jetpack_sharing_enabled":true,"featured_image_urls":{"full":["http:\/\/tvalaire.com\/wp-content\/uploads\/2022\/03\/01-2-1.jpeg",1280,853,false],"thumbnail":["http:\/\/tvalaire.com\/wp-content\/uploads\/2022\/03\/01-2-1-150x150.jpeg",150,150,true],"medium":["http:\/\/tvalaire.com\/wp-content\/uploads\/2022\/03\/01-2-1-300x200.jpeg",300,200,true],"medium_large":["http:\/\/tvalaire.com\/wp-content\/uploads\/2022\/03\/01-2-1-768x512.jpeg",640,427,true],"large":["http:\/\/tvalaire.com\/wp-content\/uploads\/2022\/03\/01-2-1-1024x682.jpeg",640,426,true],"post-slider-thumb-size":["http:\/\/tvalaire.com\/wp-content\/uploads\/2022\/03\/01-2-1-330x190.jpeg",330,190,true],"post-category-slider-size":["http:\/\/tvalaire.com\/wp-content\/uploads\/2022\/03\/01-2-1.jpeg",330,220,false],"1536x1536":["http:\/\/tvalaire.com\/wp-content\/uploads\/2022\/03\/01-2-1.jpeg",1280,853,false],"2048x2048":["http:\/\/tvalaire.com\/wp-content\/uploads\/2022\/03\/01-2-1.jpeg",1280,853,false],"newsium-slider-full":["http:\/\/tvalaire.com\/wp-content\/uploads\/2022\/03\/01-2-1-1280x845.jpeg",1280,845,true],"newsium-featured":["http:\/\/tvalaire.com\/wp-content\/uploads\/2022\/03\/01-2-1-1024x682.jpeg",1024,682,true],"newsium-medium":["http:\/\/tvalaire.com\/wp-content\/uploads\/2022\/03\/01-2-1-720x475.jpeg",720,475,true]},"author_info":{"info":["tvalairenoti"]},"category_info":"<a href=\"http:\/\/tvalaire.com\/?cat=1\" rel=\"category\">La Piedad<\/a>","tag_info":"La Piedad","comment_count":"0","jetpack_featured_media_url":"http:\/\/tvalaire.com\/wp-content\/uploads\/2022\/03\/01-2-1.jpeg","_links":{"self":[{"href":"http:\/\/tvalaire.com\/index.php?rest_route=\/wp\/v2\/posts\/9918"}],"collection":[{"href":"http:\/\/tvalaire.com\/index.php?rest_route=\/wp\/v2\/posts"}],"about":[{"href":"http:\/\/tvalaire.com\/index.php?rest_route=\/wp\/v2\/types\/post"}],"author":[{"embeddable":true,"href":"http:\/\/tvalaire.com\/index.php?rest_route=\/wp\/v2\/users\/1"}],"replies":[{"embeddable":true,"href":"http:\/\/tvalaire.com\/index.php?rest_route=%2Fwp%2Fv2%2Fcomments&post=9918"}],"version-history":[{"count":1,"href":"http:\/\/tvalaire.com\/index.php?rest_route=\/wp\/v2\/posts\/9918\/revisions"}],"predecessor-version":[{"id":9951,"href":"http:\/\/tvalaire.com\/index.php?rest_route=\/wp\/v2\/posts\/9918\/revisions\/9951"}],"wp:featuredmedia":[{"embeddable":true,"href":"http:\/\/tvalaire.com\/index.php?rest_route=\/wp\/v2\/media\/9950"}],"wp:attachment":[{"href":"http:\/\/tvalaire.com\/index.php?rest_route=%2Fwp%2Fv2%2Fmedia&parent=9918"}],"wp:term":[{"taxonomy":"category","embeddable":true,"href":"http:\/\/tvalaire.com\/index.php?rest_route=%2Fwp%2Fv2%2Fcategories&post=9918"},{"taxonomy":"post_tag","embeddable":true,"href":"http:\/\/tvalaire.com\/index.php?rest_route=%2Fwp%2Fv2%2Ftags&post=9918"}],"curies":[{"name":"wp","href":"https:\/\/api.w.org\/{rel}","templated":true}]}}