{"id":9913,"date":"2022-03-10T16:45:17","date_gmt":"2022-03-10T22:45:17","guid":{"rendered":"http:\/\/tvalaire.com\/?p=9913"},"modified":"2022-03-10T16:45:21","modified_gmt":"2022-03-10T22:45:21","slug":"ciudadanos-con-discapacidad-mejoran-con-atencion-del-cri-la-piedad","status":"publish","type":"post","link":"http:\/\/tvalaire.com\/?p=9913","title":{"rendered":"CIUDADANOS CON DISCAPACIDAD MEJORAN CON ATENCI\u00d3N DEL CRI LA PIEDAD"},"content":{"rendered":"\n<p><\/p>\n\n\n\n<ul class=\"wp-block-list\"><li><strong>Servicio de rehabilitaci\u00f3n trabaja bajo instrucci\u00f3n m\u00e9dica especializada<\/strong><\/li><li><strong>Tratan secuelas por enfermedad, accidentes y condiciones de nacimiento<a><\/a><\/strong><\/li><\/ul>\n\n\n\n<p>Para coadyuvar en la asistencia de personas con da\u00f1os f\u00edsicos reparables, el Centro de Rehabilitaci\u00f3n Integral (CRI) del Sistema DIF en La Piedad, da continuidad puntual al tratamiento f\u00edsico-terap\u00e9utico con costos accesibles, ayudando as\u00ed a las personascon discapacidad a recuperar el movimiento corporal paulatinamente.<\/p>\n\n\n\n<p>Con el uso de los espacios y recursos en el CRI se implementa un conjunto de m\u00e9todos, actuaciones y t\u00e9cnicas, bajo la instrucci\u00f3n Dilia E. Grau,titular y especialista en medicina f\u00edsica, quien adapta a cada paciente hacia la recuperaci\u00f3n.<\/p>\n\n\n\n<p>Cada d\u00eda de la semana, esta \u00e1rea que depende del DIF en La Piedad, dirigido por Vanesa Caratachea S\u00e1nchez, asume el reto de regresar a las actividades cotidianas a personas con secuelas de enfermedades, condiciones desde el nacimiento, o da\u00f1os originados por accidentes que limitan las capacidades de movilidad.<\/p>\n\n\n\n<p>Las t\u00e9cnicas de trabajo que maneja el CRI, consisten en la aplicaci\u00f3n de ejercicios de aumento del grado de movilidad, fortalecimiento muscular, hasta la estimulaci\u00f3n en el desplazamiento, deambulaci\u00f3n, coordinaci\u00f3n y equilibrio, de acuerdo a las necesidades espec\u00edficas en cada caso, siempre bajo la consideraci\u00f3n m\u00e9dica.<\/p>\n\n\n\n<p>Las personas interesadas en los servicios de rehabilitaci\u00f3n, deben acudir a las instalaciones del DIF ubicadas en Enrique Ram\u00edrez No.75, colonia Jardines del Carmen en La Piedad. Para obtener mayor informaci\u00f3n, puede llamar a la l\u00ednea 352 5220122.<\/p>\n\n\n\n<figure class=\"wp-block-image size-large is-style-default\"><img loading=\"lazy\" decoding=\"async\" width=\"768\" height=\"1024\" src=\"http:\/\/tvalaire.com\/wp-content\/uploads\/2022\/03\/01-5-1-768x1024.jpeg\" alt=\"\" class=\"wp-image-9932\" srcset=\"http:\/\/tvalaire.com\/wp-content\/uploads\/2022\/03\/01-5-1-768x1024.jpeg 768w, http:\/\/tvalaire.com\/wp-content\/uploads\/2022\/03\/01-5-1-225x300.jpeg 225w, http:\/\/tvalaire.com\/wp-content\/uploads\/2022\/03\/01-5-1.jpeg 780w\" sizes=\"(max-width: 768px) 100vw, 768px\" \/><\/figure>\n","protected":false},"excerpt":{"rendered":"<p>Servicio de rehabilitaci\u00f3n trabaja bajo instrucci\u00f3n m\u00e9dica especializada Tratan secuelas por enfermedad, accidentes y condiciones&#8230;<\/p>\n","protected":false},"author":1,"featured_media":9931,"comment_status":"open","ping_status":"open","sticky":false,"template":"","format":"standard","meta":{"jetpack_post_was_ever_published":false,"_jetpack_newsletter_access":"","_jetpack_dont_email_post_to_subs":false,"_jetpack_newsletter_tier_id":0,"_jetpack_memberships_contains_paywalled_content":false,"_jetpack_memberships_contains_paid_content":false,"footnotes":"","jetpack_publicize_message":"","jetpack_publicize_feature_enabled":true,"jetpack_social_post_already_shared":true,"jetpack_social_options":{"image_generator_settings":{"template":"highway","enabled":false},"version":2}},"categories":[1],"tags":[15,36],"class_list":["post-9913","post","type-post","status-publish","format-standard","has-post-thumbnail","hentry","category-la-piedad","tag-la-piedad","tag-principales"],"jetpack_publicize_connections":[],"jetpack_sharing_enabled":true,"featured_image_urls":{"full":["http:\/\/tvalaire.com\/wp-content\/uploads\/2022\/03\/01-1-3.jpeg",1040,780,false],"thumbnail":["http:\/\/tvalaire.com\/wp-content\/uploads\/2022\/03\/01-1-3-150x150.jpeg",150,150,true],"medium":["http:\/\/tvalaire.com\/wp-content\/uploads\/2022\/03\/01-1-3-300x225.jpeg",300,225,true],"medium_large":["http:\/\/tvalaire.com\/wp-content\/uploads\/2022\/03\/01-1-3-768x576.jpeg",640,480,true],"large":["http:\/\/tvalaire.com\/wp-content\/uploads\/2022\/03\/01-1-3-1024x768.jpeg",640,480,true],"post-slider-thumb-size":["http:\/\/tvalaire.com\/wp-content\/uploads\/2022\/03\/01-1-3-330x190.jpeg",330,190,true],"post-category-slider-size":["http:\/\/tvalaire.com\/wp-content\/uploads\/2022\/03\/01-1-3.jpeg",330,248,false],"1536x1536":["http:\/\/tvalaire.com\/wp-content\/uploads\/2022\/03\/01-1-3.jpeg",1040,780,false],"2048x2048":["http:\/\/tvalaire.com\/wp-content\/uploads\/2022\/03\/01-1-3.jpeg",1040,780,false],"newsium-slider-full":["http:\/\/tvalaire.com\/wp-content\/uploads\/2022\/03\/01-1-3.jpeg",1040,780,false],"newsium-featured":["http:\/\/tvalaire.com\/wp-content\/uploads\/2022\/03\/01-1-3-1024x768.jpeg",1024,768,true],"newsium-medium":["http:\/\/tvalaire.com\/wp-content\/uploads\/2022\/03\/01-1-3-720x475.jpeg",720,475,true]},"author_info":{"info":["tvalairenoti"]},"category_info":"<a href=\"http:\/\/tvalaire.com\/?cat=1\" rel=\"category\">La Piedad<\/a>","tag_info":"La Piedad","comment_count":"0","jetpack_featured_media_url":"http:\/\/tvalaire.com\/wp-content\/uploads\/2022\/03\/01-1-3.jpeg","_links":{"self":[{"href":"http:\/\/tvalaire.com\/index.php?rest_route=\/wp\/v2\/posts\/9913"}],"collection":[{"href":"http:\/\/tvalaire.com\/index.php?rest_route=\/wp\/v2\/posts"}],"about":[{"href":"http:\/\/tvalaire.com\/index.php?rest_route=\/wp\/v2\/types\/post"}],"author":[{"embeddable":true,"href":"http:\/\/tvalaire.com\/index.php?rest_route=\/wp\/v2\/users\/1"}],"replies":[{"embeddable":true,"href":"http:\/\/tvalaire.com\/index.php?rest_route=%2Fwp%2Fv2%2Fcomments&post=9913"}],"version-history":[{"count":1,"href":"http:\/\/tvalaire.com\/index.php?rest_route=\/wp\/v2\/posts\/9913\/revisions"}],"predecessor-version":[{"id":9933,"href":"http:\/\/tvalaire.com\/index.php?rest_route=\/wp\/v2\/posts\/9913\/revisions\/9933"}],"wp:featuredmedia":[{"embeddable":true,"href":"http:\/\/tvalaire.com\/index.php?rest_route=\/wp\/v2\/media\/9931"}],"wp:attachment":[{"href":"http:\/\/tvalaire.com\/index.php?rest_route=%2Fwp%2Fv2%2Fmedia&parent=9913"}],"wp:term":[{"taxonomy":"category","embeddable":true,"href":"http:\/\/tvalaire.com\/index.php?rest_route=%2Fwp%2Fv2%2Fcategories&post=9913"},{"taxonomy":"post_tag","embeddable":true,"href":"http:\/\/tvalaire.com\/index.php?rest_route=%2Fwp%2Fv2%2Ftags&post=9913"}],"curies":[{"name":"wp","href":"https:\/\/api.w.org\/{rel}","templated":true}]}}