{"id":9893,"date":"2022-02-28T11:49:00","date_gmt":"2022-02-28T17:49:00","guid":{"rendered":"http:\/\/tvalaire.com\/?p=9893"},"modified":"2022-03-04T11:50:59","modified_gmt":"2022-03-04T17:50:59","slug":"promuven-jornada-de-esterilizacion-animal","status":"publish","type":"post","link":"http:\/\/tvalaire.com\/?p=9893","title":{"rendered":"PROMUVEN JORNADA DE ESTERILIZACI\u00d3N ANIMAL"},"content":{"rendered":"\n<p><\/p>\n\n\n\n<ul class=\"wp-block-list\"><li><strong>Domingo 3 de abril en la Unidad de Abajo<\/strong><\/li><li><strong>Registro previo a partir del 10 al 30 de marzo<\/strong><\/li><\/ul>\n\n\n\n<p>El Gobierno Municipal de La Piedad, en conjunto con el Consejo Municipal para la Atenci\u00f3n y bienestar de los Animales y la Jurisdicci\u00f3n Sanitaria No. 6, iniciar\u00e1n la \u201cJornada de Esterilizaci\u00f3n Animal\u201d, el domingo 3 de abril en las instalaciones de la Unidad Deportiva \u201cLic. Humberto Romero P\u00e9rez\u201d (unidad de abajo) donde a partir de las 8:00 de la ma\u00f1ana, llevar\u00e1n a cabo de forma gratuita esta acci\u00f3n en beneficio de los animales.<\/p>\n\n\n\n<p>Por su parte, la Jornada de Esterilizaci\u00f3n se ofrecer\u00e1 para las especies caninas y felinas, esto mediante un registro previo de los interesados, mismos que a partir del d\u00eda 10 al 30 de marzo podr\u00e1n pasar a las instalaciones de Presidencia Municipal en las oficinas de regidores del Ayuntamiento o bien a la Direcci\u00f3n de Ecolog\u00eda a realizar dicho registro.<\/p>\n\n\n\n<p>El objetivo principal de esta campa\u00f1a es buscar acciones enfocadas al bienestar animal, principalmente beneficiar a los animales en situaci\u00f3n de calle o que se encuentren bajo resguardo de los ciudadanos y as\u00ed mismo se pueda contribuir a que haya un control de reproducci\u00f3n animal.<\/p>\n\n\n\n<p>Dicha acci\u00f3n se realizar\u00e1 para emprender actividades previas a la apertura del Centro de Atenci\u00f3n y Control Animal, que se pretende entre en operaci\u00f3n este mismo a\u00f1o, todo ello, con el prop\u00f3sito de ayudar a que las condiciones de los animalitos mejoren y se vean favorecidos.&nbsp;&nbsp;<\/p>\n","protected":false},"excerpt":{"rendered":"<p>Domingo 3 de abril en la Unidad de Abajo Registro previo a partir del 10&#8230;<\/p>\n","protected":false},"author":1,"featured_media":9894,"comment_status":"open","ping_status":"open","sticky":false,"template":"","format":"standard","meta":{"jetpack_post_was_ever_published":false,"_jetpack_newsletter_access":"","_jetpack_dont_email_post_to_subs":false,"_jetpack_newsletter_tier_id":0,"_jetpack_memberships_contains_paywalled_content":false,"_jetpack_memberships_contains_paid_content":false,"footnotes":"","jetpack_publicize_message":"","jetpack_publicize_feature_enabled":true,"jetpack_social_post_already_shared":true,"jetpack_social_options":{"image_generator_settings":{"template":"highway","enabled":false},"version":2}},"categories":[1],"tags":[15,36],"class_list":["post-9893","post","type-post","status-publish","format-standard","has-post-thumbnail","hentry","category-la-piedad","tag-la-piedad","tag-principales"],"jetpack_publicize_connections":[],"jetpack_sharing_enabled":true,"featured_image_urls":{"full":["http:\/\/tvalaire.com\/wp-content\/uploads\/2022\/03\/01-1-scaled.jpg",2560,2560,false],"thumbnail":["http:\/\/tvalaire.com\/wp-content\/uploads\/2022\/03\/01-1-150x150.jpg",150,150,true],"medium":["http:\/\/tvalaire.com\/wp-content\/uploads\/2022\/03\/01-1-300x300.jpg",300,300,true],"medium_large":["http:\/\/tvalaire.com\/wp-content\/uploads\/2022\/03\/01-1-768x768.jpg",640,640,true],"large":["http:\/\/tvalaire.com\/wp-content\/uploads\/2022\/03\/01-1-1024x1024.jpg",640,640,true],"post-slider-thumb-size":["http:\/\/tvalaire.com\/wp-content\/uploads\/2022\/03\/01-1-330x190.jpg",330,190,true],"post-category-slider-size":["http:\/\/tvalaire.com\/wp-content\/uploads\/2022\/03\/01-1-scaled.jpg",330,330,false],"1536x1536":["http:\/\/tvalaire.com\/wp-content\/uploads\/2022\/03\/01-1-1536x1536.jpg",1536,1536,true],"2048x2048":["http:\/\/tvalaire.com\/wp-content\/uploads\/2022\/03\/01-1-2048x2048.jpg",2048,2048,true],"newsium-slider-full":["http:\/\/tvalaire.com\/wp-content\/uploads\/2022\/03\/01-1-1280x845.jpg",1280,845,true],"newsium-featured":["http:\/\/tvalaire.com\/wp-content\/uploads\/2022\/03\/01-1-1024x1024.jpg",1024,1024,true],"newsium-medium":["http:\/\/tvalaire.com\/wp-content\/uploads\/2022\/03\/01-1-720x475.jpg",720,475,true]},"author_info":{"info":["tvalairenoti"]},"category_info":"<a href=\"http:\/\/tvalaire.com\/?cat=1\" rel=\"category\">La Piedad<\/a>","tag_info":"La Piedad","comment_count":"0","jetpack_featured_media_url":"http:\/\/tvalaire.com\/wp-content\/uploads\/2022\/03\/01-1-scaled.jpg","_links":{"self":[{"href":"http:\/\/tvalaire.com\/index.php?rest_route=\/wp\/v2\/posts\/9893"}],"collection":[{"href":"http:\/\/tvalaire.com\/index.php?rest_route=\/wp\/v2\/posts"}],"about":[{"href":"http:\/\/tvalaire.com\/index.php?rest_route=\/wp\/v2\/types\/post"}],"author":[{"embeddable":true,"href":"http:\/\/tvalaire.com\/index.php?rest_route=\/wp\/v2\/users\/1"}],"replies":[{"embeddable":true,"href":"http:\/\/tvalaire.com\/index.php?rest_route=%2Fwp%2Fv2%2Fcomments&post=9893"}],"version-history":[{"count":1,"href":"http:\/\/tvalaire.com\/index.php?rest_route=\/wp\/v2\/posts\/9893\/revisions"}],"predecessor-version":[{"id":9895,"href":"http:\/\/tvalaire.com\/index.php?rest_route=\/wp\/v2\/posts\/9893\/revisions\/9895"}],"wp:featuredmedia":[{"embeddable":true,"href":"http:\/\/tvalaire.com\/index.php?rest_route=\/wp\/v2\/media\/9894"}],"wp:attachment":[{"href":"http:\/\/tvalaire.com\/index.php?rest_route=%2Fwp%2Fv2%2Fmedia&parent=9893"}],"wp:term":[{"taxonomy":"category","embeddable":true,"href":"http:\/\/tvalaire.com\/index.php?rest_route=%2Fwp%2Fv2%2Fcategories&post=9893"},{"taxonomy":"post_tag","embeddable":true,"href":"http:\/\/tvalaire.com\/index.php?rest_route=%2Fwp%2Fv2%2Ftags&post=9893"}],"curies":[{"name":"wp","href":"https:\/\/api.w.org\/{rel}","templated":true}]}}