{"id":9871,"date":"2022-02-22T11:02:00","date_gmt":"2022-02-22T17:02:00","guid":{"rendered":"http:\/\/tvalaire.com\/?p=9871"},"modified":"2022-02-23T11:03:53","modified_gmt":"2022-02-23T17:03:53","slug":"alcalde-entrega-grua-con-canastilla-para-mejoras-del-alumbrado-publico","status":"publish","type":"post","link":"http:\/\/tvalaire.com\/?p=9871","title":{"rendered":"ALCALDE ENTREGA GR\u00daA CON CANASTILLA PARA MEJORAS DEL ALUMBRADO P\u00daBLICO"},"content":{"rendered":"\n<p><\/p>\n\n\n\n<ul class=\"wp-block-list\"><li><strong>Se adquiere gr\u00faa nueva para la Direcci\u00f3n de Servicios P\u00fablicos<\/strong><\/li><\/ul>\n\n\n\n<p>El presidente de La Piedad Samuel Hidalgo, hizo entrega de una gr\u00faa nueva con canastilla elevadora al \u00e1rea de Alumbrado de la Direcci\u00f3n de Servicios P\u00fablicos, esto con el objetivo de que se pueda atender de manera m\u00e1s r\u00e1pida y eficiente los servicios de instalaci\u00f3n o arreglo de las luminarias de la ciudad.<\/p>\n\n\n\n<p>\u201cSomos un gobierno cercano, que adem\u00e1s de escuchar a su gente, realizamos acciones concretas para brindar soluciones, por ello, poco a poco iremos mejorando e instalando las m\u00e1s de cuatro mil quinientas luminarias de tipo LED, que adem\u00e1s de mejorar la imagen urbana contribuir\u00e1 a reducir costos en el alumbrado p\u00fablico\u201d, expres\u00f3 el mun\u00edcipe.<\/p>\n\n\n\n<p>El edil recalc\u00f3 que desde el a\u00f1o 2016 no se hab\u00eda entregado una gr\u00faa de este tipo, la cual viene a reforzar el trabajo que se va a realizar en los pr\u00f3ximos a\u00f1os respecto a la inversi\u00f3n de la sustituci\u00f3n de luminarias tipo LED, coment\u00f3.<\/p>\n\n\n\n<p>As\u00ed mismo, esta unidad se suma al parque vehicular que atiende las solicitudes de la zona rural y urbana, ya que en promedio se reciben diez reportes diarios referentes a l\u00e1mparas da\u00f1adas, por ello, gracias a la adquisici\u00f3n de esta gr\u00faa y a la inversi\u00f3n de alumbrado p\u00fablico, se podr\u00e1 ir resolviendo esta situaci\u00f3n.<\/p>\n\n\n\n<p>Por su parte, la Direcci\u00f3n de Servicios P\u00fablicos, sigue atendiendo a la ciudadan\u00eda en un horario de 8:00 de la ma\u00f1ana a 3:00 de la tarde, donde a trav\u00e9s del n\u00famero 352 52 2 90 39 extensi\u00f3n 122, se podr\u00e1n comunicar para que sean atendidos y posterior se d\u00e9 seguimiento paulatinamente a la situaci\u00f3n de luminarias.<\/p>\n","protected":false},"excerpt":{"rendered":"<p>Se adquiere gr\u00faa nueva para la Direcci\u00f3n de Servicios P\u00fablicos El presidente de La Piedad&#8230;<\/p>\n","protected":false},"author":1,"featured_media":9877,"comment_status":"open","ping_status":"open","sticky":false,"template":"","format":"standard","meta":{"jetpack_post_was_ever_published":false,"_jetpack_newsletter_access":"","_jetpack_dont_email_post_to_subs":false,"_jetpack_newsletter_tier_id":0,"_jetpack_memberships_contains_paywalled_content":false,"_jetpack_memberships_contains_paid_content":false,"footnotes":"","jetpack_publicize_message":"","jetpack_publicize_feature_enabled":true,"jetpack_social_post_already_shared":true,"jetpack_social_options":{"image_generator_settings":{"template":"highway","enabled":false},"version":2}},"categories":[1],"tags":[15,36],"class_list":["post-9871","post","type-post","status-publish","format-standard","has-post-thumbnail","hentry","category-la-piedad","tag-la-piedad","tag-principales"],"jetpack_publicize_connections":[],"jetpack_sharing_enabled":true,"featured_image_urls":{"full":["http:\/\/tvalaire.com\/wp-content\/uploads\/2022\/02\/01-2-5.jpeg",1280,853,false],"thumbnail":["http:\/\/tvalaire.com\/wp-content\/uploads\/2022\/02\/01-2-5-150x150.jpeg",150,150,true],"medium":["http:\/\/tvalaire.com\/wp-content\/uploads\/2022\/02\/01-2-5-300x200.jpeg",300,200,true],"medium_large":["http:\/\/tvalaire.com\/wp-content\/uploads\/2022\/02\/01-2-5-768x512.jpeg",640,427,true],"large":["http:\/\/tvalaire.com\/wp-content\/uploads\/2022\/02\/01-2-5-1024x682.jpeg",640,426,true],"post-slider-thumb-size":["http:\/\/tvalaire.com\/wp-content\/uploads\/2022\/02\/01-2-5-330x190.jpeg",330,190,true],"post-category-slider-size":["http:\/\/tvalaire.com\/wp-content\/uploads\/2022\/02\/01-2-5.jpeg",330,220,false],"1536x1536":["http:\/\/tvalaire.com\/wp-content\/uploads\/2022\/02\/01-2-5.jpeg",1280,853,false],"2048x2048":["http:\/\/tvalaire.com\/wp-content\/uploads\/2022\/02\/01-2-5.jpeg",1280,853,false],"newsium-slider-full":["http:\/\/tvalaire.com\/wp-content\/uploads\/2022\/02\/01-2-5-1280x845.jpeg",1280,845,true],"newsium-featured":["http:\/\/tvalaire.com\/wp-content\/uploads\/2022\/02\/01-2-5-1024x682.jpeg",1024,682,true],"newsium-medium":["http:\/\/tvalaire.com\/wp-content\/uploads\/2022\/02\/01-2-5-720x475.jpeg",720,475,true]},"author_info":{"info":["tvalairenoti"]},"category_info":"<a href=\"http:\/\/tvalaire.com\/?cat=1\" rel=\"category\">La Piedad<\/a>","tag_info":"La Piedad","comment_count":"0","jetpack_featured_media_url":"http:\/\/tvalaire.com\/wp-content\/uploads\/2022\/02\/01-2-5.jpeg","_links":{"self":[{"href":"http:\/\/tvalaire.com\/index.php?rest_route=\/wp\/v2\/posts\/9871"}],"collection":[{"href":"http:\/\/tvalaire.com\/index.php?rest_route=\/wp\/v2\/posts"}],"about":[{"href":"http:\/\/tvalaire.com\/index.php?rest_route=\/wp\/v2\/types\/post"}],"author":[{"embeddable":true,"href":"http:\/\/tvalaire.com\/index.php?rest_route=\/wp\/v2\/users\/1"}],"replies":[{"embeddable":true,"href":"http:\/\/tvalaire.com\/index.php?rest_route=%2Fwp%2Fv2%2Fcomments&post=9871"}],"version-history":[{"count":1,"href":"http:\/\/tvalaire.com\/index.php?rest_route=\/wp\/v2\/posts\/9871\/revisions"}],"predecessor-version":[{"id":9878,"href":"http:\/\/tvalaire.com\/index.php?rest_route=\/wp\/v2\/posts\/9871\/revisions\/9878"}],"wp:featuredmedia":[{"embeddable":true,"href":"http:\/\/tvalaire.com\/index.php?rest_route=\/wp\/v2\/media\/9877"}],"wp:attachment":[{"href":"http:\/\/tvalaire.com\/index.php?rest_route=%2Fwp%2Fv2%2Fmedia&parent=9871"}],"wp:term":[{"taxonomy":"category","embeddable":true,"href":"http:\/\/tvalaire.com\/index.php?rest_route=%2Fwp%2Fv2%2Fcategories&post=9871"},{"taxonomy":"post_tag","embeddable":true,"href":"http:\/\/tvalaire.com\/index.php?rest_route=%2Fwp%2Fv2%2Ftags&post=9871"}],"curies":[{"name":"wp","href":"https:\/\/api.w.org\/{rel}","templated":true}]}}