{"id":9841,"date":"2022-02-09T12:02:00","date_gmt":"2022-02-09T18:02:00","guid":{"rendered":"http:\/\/tvalaire.com\/?p=9841"},"modified":"2022-02-18T12:14:46","modified_gmt":"2022-02-18T18:14:46","slug":"refuerzan-terapia-para-ninos-con-asistencia-de-poni","status":"publish","type":"post","link":"http:\/\/tvalaire.com\/?p=9841","title":{"rendered":"REFUERZAN TERAPIA PARA NI\u00d1OS CON ASISTENCIA DE PONI"},"content":{"rendered":"\n<p><\/p>\n\n\n\n<ul class=\"wp-block-list\"><li><strong>Promueven beneficios fisioterap\u00e9uticos con caballo<\/strong><\/li><\/ul>\n\n\n\n<p>Con la intenci\u00f3n de ofrecer alternativas de terapia que mejoren las condicionescognitivas de los ni\u00f1os delCentro de Atenci\u00f3n Psicopedag\u00f3gica de Educaci\u00f3n Preescolar (CAPEP)el Sistema DIF facilit\u00f3 la visita temporal de un caballo poniparacontribuir con las terapiasde contacto.<a><\/a><\/p>\n\n\n\n<p>Es de se\u00f1alar que el CAPEP ofrece atenci\u00f3n a menores en edad preescolar con alguna discapacidad o discapacidad m\u00faltiple odificultadesen el lenguaje y locomotrices, entre otras necesidades de atenci\u00f3n espec\u00edfica. El sistema de asistencia social hizo posible ofrecer el apoyo ocupacional del equino.<\/p>\n\n\n\n<p>\u201cChaparro\u201d, como es llamado el caballo, tiene 6 a\u00f1os de edad y ahora interact\u00faa bajo supervisi\u00f3n asistida con m\u00e1s de 30 alumnos matriculados en la escuela, provenientes de la zona urbana y rural del municipio.<\/p>\n\n\n\n<p>La maestra Elizabeth Franco, directora del CAPEP, acompa\u00f1ada por la comunidad escolar recibi\u00f3 la ma\u00f1ana de este mi\u00e9rcoles a la presidenta y la directora del sistema para el Desarrollo Integral de la Familia, as\u00ed como al Presidente Municipal con quienes comparti\u00f3 que la escuela lleva tres a\u00f1os desarrollando la terapia de contacto entre los ni\u00f1os y animales de granja como conejos, gallinas y patos.<\/p>\n\n\n\n<p>La interacci\u00f3n de los ni\u00f1os y los animales ha logrado un impacto positivo en el desarrollo cognitivo, f\u00edsico, emocional, social y ocupacional de los menores, por lo que se espera que esta acci\u00f3n logre reforzar estas condiciones en el entorno pedag\u00f3gico, tratando diferentes discapacidades que afectan el desarrollo educativo.<\/p>\n\n\n\n<p>Complacidos de la llegada de \u201cchaparro\u201d a su escuela, los peque\u00f1os aceptaron la invitaci\u00f3n del Edil para buscarle un nuevo nombre e implementar los cuidados necesarios para el bien de la comunidad estudiantil.<\/p>\n\n\n\n<p>En su intervenci\u00f3n la directora del Sistema DIF invit\u00f3 a las madres de familia para que se acerquen a las instalaciones de la instituci\u00f3n para recibir los diferentes servicios terap\u00e9uticos que se ofrecen a la poblaci\u00f3n en general.<\/p>\n\n\n\n<figure class=\"wp-block-image size-large is-style-default\"><img loading=\"lazy\" decoding=\"async\" width=\"768\" height=\"1024\" src=\"http:\/\/tvalaire.com\/wp-content\/uploads\/2022\/02\/01-3-2-1-768x1024.jpeg\" alt=\"\" class=\"wp-image-9868\" srcset=\"http:\/\/tvalaire.com\/wp-content\/uploads\/2022\/02\/01-3-2-1-768x1024.jpeg 768w, http:\/\/tvalaire.com\/wp-content\/uploads\/2022\/02\/01-3-2-1-225x300.jpeg 225w, http:\/\/tvalaire.com\/wp-content\/uploads\/2022\/02\/01-3-2-1-1152x1536.jpeg 1152w, http:\/\/tvalaire.com\/wp-content\/uploads\/2022\/02\/01-3-2-1-1024x1365.jpeg 1024w, http:\/\/tvalaire.com\/wp-content\/uploads\/2022\/02\/01-3-2-1.jpeg 1200w\" sizes=\"(max-width: 768px) 100vw, 768px\" \/><\/figure>\n","protected":false},"excerpt":{"rendered":"<p>Promueven beneficios fisioterap\u00e9uticos con caballo Con la intenci\u00f3n de ofrecer alternativas de terapia que mejoren&#8230;<\/p>\n","protected":false},"author":1,"featured_media":9867,"comment_status":"open","ping_status":"open","sticky":false,"template":"","format":"standard","meta":{"jetpack_post_was_ever_published":false,"_jetpack_newsletter_access":"","_jetpack_dont_email_post_to_subs":false,"_jetpack_newsletter_tier_id":0,"_jetpack_memberships_contains_paywalled_content":false,"_jetpack_memberships_contains_paid_content":false,"footnotes":"","jetpack_publicize_message":"","jetpack_publicize_feature_enabled":true,"jetpack_social_post_already_shared":true,"jetpack_social_options":{"image_generator_settings":{"template":"highway","enabled":false},"version":2}},"categories":[1],"tags":[15,36],"class_list":["post-9841","post","type-post","status-publish","format-standard","has-post-thumbnail","hentry","category-la-piedad","tag-la-piedad","tag-principales"],"jetpack_publicize_connections":[],"jetpack_sharing_enabled":true,"featured_image_urls":{"full":["http:\/\/tvalaire.com\/wp-content\/uploads\/2022\/02\/01-2-4.jpeg",1600,1064,false],"thumbnail":["http:\/\/tvalaire.com\/wp-content\/uploads\/2022\/02\/01-2-4-150x150.jpeg",150,150,true],"medium":["http:\/\/tvalaire.com\/wp-content\/uploads\/2022\/02\/01-2-4-300x200.jpeg",300,200,true],"medium_large":["http:\/\/tvalaire.com\/wp-content\/uploads\/2022\/02\/01-2-4-768x511.jpeg",640,426,true],"large":["http:\/\/tvalaire.com\/wp-content\/uploads\/2022\/02\/01-2-4-1024x681.jpeg",640,426,true],"post-slider-thumb-size":["http:\/\/tvalaire.com\/wp-content\/uploads\/2022\/02\/01-2-4-330x190.jpeg",330,190,true],"post-category-slider-size":["http:\/\/tvalaire.com\/wp-content\/uploads\/2022\/02\/01-2-4.jpeg",330,219,false],"1536x1536":["http:\/\/tvalaire.com\/wp-content\/uploads\/2022\/02\/01-2-4-1536x1021.jpeg",1536,1021,true],"2048x2048":["http:\/\/tvalaire.com\/wp-content\/uploads\/2022\/02\/01-2-4.jpeg",1600,1064,false],"newsium-slider-full":["http:\/\/tvalaire.com\/wp-content\/uploads\/2022\/02\/01-2-4-1280x845.jpeg",1280,845,true],"newsium-featured":["http:\/\/tvalaire.com\/wp-content\/uploads\/2022\/02\/01-2-4-1024x681.jpeg",1024,681,true],"newsium-medium":["http:\/\/tvalaire.com\/wp-content\/uploads\/2022\/02\/01-2-4-720x475.jpeg",720,475,true]},"author_info":{"info":["tvalairenoti"]},"category_info":"<a href=\"http:\/\/tvalaire.com\/?cat=1\" rel=\"category\">La Piedad<\/a>","tag_info":"La Piedad","comment_count":"0","jetpack_featured_media_url":"http:\/\/tvalaire.com\/wp-content\/uploads\/2022\/02\/01-2-4.jpeg","_links":{"self":[{"href":"http:\/\/tvalaire.com\/index.php?rest_route=\/wp\/v2\/posts\/9841"}],"collection":[{"href":"http:\/\/tvalaire.com\/index.php?rest_route=\/wp\/v2\/posts"}],"about":[{"href":"http:\/\/tvalaire.com\/index.php?rest_route=\/wp\/v2\/types\/post"}],"author":[{"embeddable":true,"href":"http:\/\/tvalaire.com\/index.php?rest_route=\/wp\/v2\/users\/1"}],"replies":[{"embeddable":true,"href":"http:\/\/tvalaire.com\/index.php?rest_route=%2Fwp%2Fv2%2Fcomments&post=9841"}],"version-history":[{"count":1,"href":"http:\/\/tvalaire.com\/index.php?rest_route=\/wp\/v2\/posts\/9841\/revisions"}],"predecessor-version":[{"id":9869,"href":"http:\/\/tvalaire.com\/index.php?rest_route=\/wp\/v2\/posts\/9841\/revisions\/9869"}],"wp:featuredmedia":[{"embeddable":true,"href":"http:\/\/tvalaire.com\/index.php?rest_route=\/wp\/v2\/media\/9867"}],"wp:attachment":[{"href":"http:\/\/tvalaire.com\/index.php?rest_route=%2Fwp%2Fv2%2Fmedia&parent=9841"}],"wp:term":[{"taxonomy":"category","embeddable":true,"href":"http:\/\/tvalaire.com\/index.php?rest_route=%2Fwp%2Fv2%2Fcategories&post=9841"},{"taxonomy":"post_tag","embeddable":true,"href":"http:\/\/tvalaire.com\/index.php?rest_route=%2Fwp%2Fv2%2Ftags&post=9841"}],"curies":[{"name":"wp","href":"https:\/\/api.w.org\/{rel}","templated":true}]}}