{"id":9836,"date":"2022-02-17T12:01:00","date_gmt":"2022-02-17T18:01:00","guid":{"rendered":"http:\/\/tvalaire.com\/?p=9836"},"modified":"2022-02-18T12:07:29","modified_gmt":"2022-02-18T18:07:29","slug":"ratifica-gobierno-municipal-de-la-piedad-apoyo-a-instituciones-culturales","status":"publish","type":"post","link":"http:\/\/tvalaire.com\/?p=9836","title":{"rendered":"RATIFICA GOBIERNO MUNICIPAL DE LA PIEDAD APOYO A INSTITUCIONES CULTURALES\u00a0"},"content":{"rendered":"\n<p><\/p>\n\n\n\n<ul class=\"wp-block-list\"><li><strong>Presidente de La Piedad reafirma su apoyo al arte a trav\u00e9s de convenio<\/strong><\/li><li><strong>Se benefician a instituciones y artistas del municipio<\/strong><\/li><\/ul>\n\n\n\n<p>El pasado martes se llev\u00f3 a cabo en las instalaciones de la Biblioteca \u201cJos\u00e9 Hern\u00e1ndez\u201d, la firma del convenio entre el \u201cObservatorio Cultural de La Piedad\u201d y el Gobierno Municipal, esto a trav\u00e9s de la Direcci\u00f3n de Cultura, dicho convenio pretende beneficiar a las instituciones culturales de la ciudad, as\u00ed como a los maestros que imparten talleres art\u00edsticos en los diversos espacios.<\/p>\n\n\n\n<p>El presidente municipal Samuel Hidalgo, adem\u00e1s de reiterar su apoyo con todos los artistas e instituciones de cultura y arte del municipio, hizo la entrega de apoyos econ\u00f3micos a la \u201cCasa de la Cultura\u201d, esto para brindar un mejor desarrollo para los alumnos que ah\u00ed asisten.<\/p>\n\n\n\n<p>Las acciones que se pretenden llevar a cabo con el convenio son: un registro de gestores y promotores culturales, creadores, artesanos y maestros art\u00edsticos, as\u00ed como gestiones encaminadas a la capacitaci\u00f3n y certificaci\u00f3n de los antes mencionados, adem\u00e1s de la creaci\u00f3n de una agenda cultural municipal que consistir\u00e1 en una relaci\u00f3n ordenada de actividades culturales, todo ello para difundir con objetivos fijos una cultura de la paz en la ciudad.<\/p>\n\n\n\n<p>Por su parte, el observatorio cultural que est\u00e1 conformado por artistas y maestros de \u201cEscuela de Artes\u201d, \u201cCasa de la Cultura\u201d as\u00ed como de las asociaciones \u201cARTEM CollectiveGallery\u201d, \u201cS\u00e9 Arte\u201d, \u201cShock Dance\u201d y la Universidad UNIVA, estas se comprometieron<a><\/a> a trabajar de la mano con el Gobierno Municipal para promover y difundir la cultura.<\/p>\n\n\n\n<figure class=\"wp-block-image size-large is-style-default\"><img loading=\"lazy\" decoding=\"async\" width=\"1024\" height=\"682\" src=\"http:\/\/tvalaire.com\/wp-content\/uploads\/2022\/02\/01-5-1-2-1024x682.jpeg\" alt=\"\" class=\"wp-image-9855\" srcset=\"http:\/\/tvalaire.com\/wp-content\/uploads\/2022\/02\/01-5-1-2-1024x682.jpeg 1024w, http:\/\/tvalaire.com\/wp-content\/uploads\/2022\/02\/01-5-1-2-300x200.jpeg 300w, http:\/\/tvalaire.com\/wp-content\/uploads\/2022\/02\/01-5-1-2-768x512.jpeg 768w, http:\/\/tvalaire.com\/wp-content\/uploads\/2022\/02\/01-5-1-2.jpeg 1280w\" sizes=\"(max-width: 1024px) 100vw, 1024px\" \/><\/figure>\n\n\n\n<figure class=\"wp-block-image size-large is-style-default\"><img loading=\"lazy\" decoding=\"async\" width=\"1024\" height=\"559\" src=\"http:\/\/tvalaire.com\/wp-content\/uploads\/2022\/02\/01-2-1-1-1024x559.jpeg\" alt=\"\" class=\"wp-image-9856\" srcset=\"http:\/\/tvalaire.com\/wp-content\/uploads\/2022\/02\/01-2-1-1-1024x559.jpeg 1024w, http:\/\/tvalaire.com\/wp-content\/uploads\/2022\/02\/01-2-1-1-300x164.jpeg 300w, http:\/\/tvalaire.com\/wp-content\/uploads\/2022\/02\/01-2-1-1-768x419.jpeg 768w, http:\/\/tvalaire.com\/wp-content\/uploads\/2022\/02\/01-2-1-1.jpeg 1280w\" sizes=\"(max-width: 1024px) 100vw, 1024px\" \/><\/figure>\n","protected":false},"excerpt":{"rendered":"<p>Presidente de La Piedad reafirma su apoyo al arte a trav\u00e9s de convenio Se benefician&#8230;<\/p>\n","protected":false},"author":1,"featured_media":9854,"comment_status":"open","ping_status":"open","sticky":false,"template":"","format":"standard","meta":{"jetpack_post_was_ever_published":false,"_jetpack_newsletter_access":"","_jetpack_dont_email_post_to_subs":false,"_jetpack_newsletter_tier_id":0,"_jetpack_memberships_contains_paywalled_content":false,"_jetpack_memberships_contains_paid_content":false,"footnotes":"","jetpack_publicize_message":"","jetpack_publicize_feature_enabled":true,"jetpack_social_post_already_shared":true,"jetpack_social_options":{"image_generator_settings":{"template":"highway","enabled":false},"version":2}},"categories":[1],"tags":[15,36],"class_list":["post-9836","post","type-post","status-publish","format-standard","has-post-thumbnail","hentry","category-la-piedad","tag-la-piedad","tag-principales"],"jetpack_publicize_connections":[],"jetpack_sharing_enabled":true,"featured_image_urls":{"full":["http:\/\/tvalaire.com\/wp-content\/uploads\/2022\/02\/01-4-1.jpeg",1280,930,false],"thumbnail":["http:\/\/tvalaire.com\/wp-content\/uploads\/2022\/02\/01-4-1-150x150.jpeg",150,150,true],"medium":["http:\/\/tvalaire.com\/wp-content\/uploads\/2022\/02\/01-4-1-300x218.jpeg",300,218,true],"medium_large":["http:\/\/tvalaire.com\/wp-content\/uploads\/2022\/02\/01-4-1-768x558.jpeg",640,465,true],"large":["http:\/\/tvalaire.com\/wp-content\/uploads\/2022\/02\/01-4-1-1024x744.jpeg",640,465,true],"post-slider-thumb-size":["http:\/\/tvalaire.com\/wp-content\/uploads\/2022\/02\/01-4-1-330x190.jpeg",330,190,true],"post-category-slider-size":["http:\/\/tvalaire.com\/wp-content\/uploads\/2022\/02\/01-4-1.jpeg",330,240,false],"1536x1536":["http:\/\/tvalaire.com\/wp-content\/uploads\/2022\/02\/01-4-1.jpeg",1280,930,false],"2048x2048":["http:\/\/tvalaire.com\/wp-content\/uploads\/2022\/02\/01-4-1.jpeg",1280,930,false],"newsium-slider-full":["http:\/\/tvalaire.com\/wp-content\/uploads\/2022\/02\/01-4-1-1280x845.jpeg",1280,845,true],"newsium-featured":["http:\/\/tvalaire.com\/wp-content\/uploads\/2022\/02\/01-4-1-1024x744.jpeg",1024,744,true],"newsium-medium":["http:\/\/tvalaire.com\/wp-content\/uploads\/2022\/02\/01-4-1-720x475.jpeg",720,475,true]},"author_info":{"info":["tvalairenoti"]},"category_info":"<a href=\"http:\/\/tvalaire.com\/?cat=1\" rel=\"category\">La Piedad<\/a>","tag_info":"La Piedad","comment_count":"0","jetpack_featured_media_url":"http:\/\/tvalaire.com\/wp-content\/uploads\/2022\/02\/01-4-1.jpeg","_links":{"self":[{"href":"http:\/\/tvalaire.com\/index.php?rest_route=\/wp\/v2\/posts\/9836"}],"collection":[{"href":"http:\/\/tvalaire.com\/index.php?rest_route=\/wp\/v2\/posts"}],"about":[{"href":"http:\/\/tvalaire.com\/index.php?rest_route=\/wp\/v2\/types\/post"}],"author":[{"embeddable":true,"href":"http:\/\/tvalaire.com\/index.php?rest_route=\/wp\/v2\/users\/1"}],"replies":[{"embeddable":true,"href":"http:\/\/tvalaire.com\/index.php?rest_route=%2Fwp%2Fv2%2Fcomments&post=9836"}],"version-history":[{"count":1,"href":"http:\/\/tvalaire.com\/index.php?rest_route=\/wp\/v2\/posts\/9836\/revisions"}],"predecessor-version":[{"id":9857,"href":"http:\/\/tvalaire.com\/index.php?rest_route=\/wp\/v2\/posts\/9836\/revisions\/9857"}],"wp:featuredmedia":[{"embeddable":true,"href":"http:\/\/tvalaire.com\/index.php?rest_route=\/wp\/v2\/media\/9854"}],"wp:attachment":[{"href":"http:\/\/tvalaire.com\/index.php?rest_route=%2Fwp%2Fv2%2Fmedia&parent=9836"}],"wp:term":[{"taxonomy":"category","embeddable":true,"href":"http:\/\/tvalaire.com\/index.php?rest_route=%2Fwp%2Fv2%2Fcategories&post=9836"},{"taxonomy":"post_tag","embeddable":true,"href":"http:\/\/tvalaire.com\/index.php?rest_route=%2Fwp%2Fv2%2Ftags&post=9836"}],"curies":[{"name":"wp","href":"https:\/\/api.w.org\/{rel}","templated":true}]}}