{"id":9834,"date":"2022-02-18T12:03:12","date_gmt":"2022-02-18T18:03:12","guid":{"rendered":"http:\/\/tvalaire.com\/?p=9834"},"modified":"2022-02-18T12:03:19","modified_gmt":"2022-02-18T18:03:19","slug":"injup-y-canaco-firman-convenio-en-pro-de-los-jovenes-piedadenses","status":"publish","type":"post","link":"http:\/\/tvalaire.com\/?p=9834","title":{"rendered":"INJUP Y CANACO FIRMAN CONVENIO EN PRO DE LOS J\u00d3VENES PIEDADENSES"},"content":{"rendered":"\n<p><\/p>\n\n\n\n<ul class=\"wp-block-list\"><li><strong>Se establecen acuerdos para beneficiar al comercio y la juventud<\/strong><\/li><\/ul>\n\n\n\n<p>El Edil de La Piedad, en conjunto con el director del Instituto de la Juventud Piedadense (INJUP) firm\u00f3 un convenio con la C\u00e1mara Nacional de Comercio, Servicios y Turismo de la ciudad, acuerdo donde se establecieron alianzas estrat\u00e9gicas entre el sector p\u00fablico, privado y social para gestionar, impulsar y realizar acciones conjuntas en beneficio de la juventud y el comercio del municipio.<\/p>\n\n\n\n<p>A decir del titular del INJUP, dentro de los compromisos establecidos entre ambas dependencias, se estar\u00e1n programando estrategias en conjunto a fin de ofrecer al sector juvenil asesor\u00edas en liderazgo, desarrollo de negocios, comunicaci\u00f3n efectiva, capacitaci\u00f3n, entre otras actividades que impulsen el asesoramiento para el emprendimiento de negocios en la ciudad.<\/p>\n\n\n\n<p>El funcionario destac\u00f3 que la invitaci\u00f3n para este sector de la poblaci\u00f3n est\u00e1 hecha y pueden acercarse a las oficinas de CANACO o el INJUP para recibir la informaci\u00f3n necesaria y los j\u00f3venes que as\u00ed lo consideren se beneficien del programa que se trabaja en conjunto.<\/p>\n\n\n\n<p>A su vez, se hizo \u00e9nfasis en crear y difundir espacios informativos de las actividades que se lleven a cabo entre ambas instituciones, tambi\u00e9n crear o elaborar informaci\u00f3n \u00fatil referente a los temas de inter\u00e9s, a su vez como coadyuvar en la organizaci\u00f3n y talleres, sobre temas vinculados.<\/p>\n\n\n\n<p>En dicho convenio, los representantes de la CANACO agradecieron que se lleven a cabo este tipo de compromisos que favorecen a los j\u00f3venes del municipio, tanto para tener asesor\u00edas en procesos de emprendimiento, como para acercarse a proyectos que los benefician.&nbsp;<\/p>\n","protected":false},"excerpt":{"rendered":"<p>Se establecen acuerdos para beneficiar al comercio y la juventud El Edil de La Piedad,&#8230;<\/p>\n","protected":false},"author":1,"featured_media":9845,"comment_status":"open","ping_status":"open","sticky":false,"template":"","format":"standard","meta":{"jetpack_post_was_ever_published":false,"_jetpack_newsletter_access":"","_jetpack_dont_email_post_to_subs":false,"_jetpack_newsletter_tier_id":0,"_jetpack_memberships_contains_paywalled_content":false,"_jetpack_memberships_contains_paid_content":false,"footnotes":"","jetpack_publicize_message":"","jetpack_publicize_feature_enabled":true,"jetpack_social_post_already_shared":true,"jetpack_social_options":{"image_generator_settings":{"template":"highway","enabled":false},"version":2}},"categories":[1],"tags":[15,36],"class_list":["post-9834","post","type-post","status-publish","format-standard","has-post-thumbnail","hentry","category-la-piedad","tag-la-piedad","tag-principales"],"jetpack_publicize_connections":[],"jetpack_sharing_enabled":true,"featured_image_urls":{"full":["http:\/\/tvalaire.com\/wp-content\/uploads\/2022\/02\/01.jpeg",1267,845,false],"thumbnail":["http:\/\/tvalaire.com\/wp-content\/uploads\/2022\/02\/01-150x150.jpeg",150,150,true],"medium":["http:\/\/tvalaire.com\/wp-content\/uploads\/2022\/02\/01-300x200.jpeg",300,200,true],"medium_large":["http:\/\/tvalaire.com\/wp-content\/uploads\/2022\/02\/01-768x512.jpeg",640,427,true],"large":["http:\/\/tvalaire.com\/wp-content\/uploads\/2022\/02\/01-1024x683.jpeg",640,427,true],"post-slider-thumb-size":["http:\/\/tvalaire.com\/wp-content\/uploads\/2022\/02\/01-330x190.jpeg",330,190,true],"post-category-slider-size":["http:\/\/tvalaire.com\/wp-content\/uploads\/2022\/02\/01.jpeg",330,220,false],"1536x1536":["http:\/\/tvalaire.com\/wp-content\/uploads\/2022\/02\/01.jpeg",1267,845,false],"2048x2048":["http:\/\/tvalaire.com\/wp-content\/uploads\/2022\/02\/01.jpeg",1267,845,false],"newsium-slider-full":["http:\/\/tvalaire.com\/wp-content\/uploads\/2022\/02\/01.jpeg",1267,845,false],"newsium-featured":["http:\/\/tvalaire.com\/wp-content\/uploads\/2022\/02\/01-1024x683.jpeg",1024,683,true],"newsium-medium":["http:\/\/tvalaire.com\/wp-content\/uploads\/2022\/02\/01-720x475.jpeg",720,475,true]},"author_info":{"info":["tvalairenoti"]},"category_info":"<a href=\"http:\/\/tvalaire.com\/?cat=1\" rel=\"category\">La Piedad<\/a>","tag_info":"La Piedad","comment_count":"0","jetpack_featured_media_url":"http:\/\/tvalaire.com\/wp-content\/uploads\/2022\/02\/01.jpeg","_links":{"self":[{"href":"http:\/\/tvalaire.com\/index.php?rest_route=\/wp\/v2\/posts\/9834"}],"collection":[{"href":"http:\/\/tvalaire.com\/index.php?rest_route=\/wp\/v2\/posts"}],"about":[{"href":"http:\/\/tvalaire.com\/index.php?rest_route=\/wp\/v2\/types\/post"}],"author":[{"embeddable":true,"href":"http:\/\/tvalaire.com\/index.php?rest_route=\/wp\/v2\/users\/1"}],"replies":[{"embeddable":true,"href":"http:\/\/tvalaire.com\/index.php?rest_route=%2Fwp%2Fv2%2Fcomments&post=9834"}],"version-history":[{"count":1,"href":"http:\/\/tvalaire.com\/index.php?rest_route=\/wp\/v2\/posts\/9834\/revisions"}],"predecessor-version":[{"id":9846,"href":"http:\/\/tvalaire.com\/index.php?rest_route=\/wp\/v2\/posts\/9834\/revisions\/9846"}],"wp:featuredmedia":[{"embeddable":true,"href":"http:\/\/tvalaire.com\/index.php?rest_route=\/wp\/v2\/media\/9845"}],"wp:attachment":[{"href":"http:\/\/tvalaire.com\/index.php?rest_route=%2Fwp%2Fv2%2Fmedia&parent=9834"}],"wp:term":[{"taxonomy":"category","embeddable":true,"href":"http:\/\/tvalaire.com\/index.php?rest_route=%2Fwp%2Fv2%2Fcategories&post=9834"},{"taxonomy":"post_tag","embeddable":true,"href":"http:\/\/tvalaire.com\/index.php?rest_route=%2Fwp%2Fv2%2Ftags&post=9834"}],"curies":[{"name":"wp","href":"https:\/\/api.w.org\/{rel}","templated":true}]}}