{"id":982,"date":"2017-03-21T09:06:16","date_gmt":"2017-03-21T15:06:16","guid":{"rendered":"http:\/\/tvalaire.com\/?p=982"},"modified":"2017-03-21T09:06:16","modified_gmt":"2017-03-21T15:06:16","slug":"encuentro-de-cocineras-puruandirenses-de-comida-tradicional-de-cuaresma","status":"publish","type":"post","link":"http:\/\/tvalaire.com\/?p=982","title":{"rendered":"ENCUENTRO DE COCINERAS PURUANDIRENSES DE COMIDA TRADICIONAL DE CUARESMA"},"content":{"rendered":"<p>En el marco de la conmemoraci\u00f3n del mes de la mujer, el Gobierno Municipal que encabeza V\u00edctor V\u00e1zquez reconoci\u00f3 a las mejores cocineras Puruandirenses de la comida tradicional de temporada, en un encuentro culinario que se realiz\u00f3 en el mercado San Juan Puru\u00e1ndiro.<\/p>\n<p>\u201cEs para nosotros un honor reconocer esa habilidad que tienen para realizar los alimentos tradicionales de nuestra regi\u00f3n, ya que el arte culinario en Puru\u00e1ndiro es muy rico y muy basto, por eso muchas felicidades, a trav\u00e9s de ello seguimos invitando para que prueben los platillos tradicionales de nuestro municipio a la gente que nos visita de fuera, que siempre se ha ido muy contenta por degustar los ricos antojitos que se hacen en nuestro municipio, porque ha sido una caracter\u00edstica muy importante de nuestro arte culinario\u201d resalt\u00f3 V\u00edctor V\u00e1zquez.<\/p>\n<p>De esta manera tambi\u00e9n se\u00f1al\u00f3 que \u201cmi reconocimiento para todas las mujeres que luchan por conseguir mayores espacios,\u00a0 por conquistar mayores derechos, hoy afortunadamente ya hay mayor igualdad, pero todav\u00eda no es suficiente tendremos que seguir luchando de manera conjunta, para que haya mayor igual, equidad, respeto a los derechos, no solamente de las mujeres si no de todos los seres humanos\u201d.<\/p>\n<p>Por parte de la Instancia de la Mujer, la maestra Fermina Arellano Mantero, indic\u00f3 que \u201cen el marco del D\u00eda Internacional de la Mujer, que mejor motivo para reconocer a esas mujeres que sobresalen en la elaboraci\u00f3n de la comida tradicional que va dirigida a rescatar las recetas de nuestras antecesoras, porque en cuaresma en Puru\u00e1ndiro se come muy bien\u201d.<\/p>\n<p>Adem\u00e1s enfatiz\u00f3 Fermina que \u201cel D\u00eda Internacional de la Mujer, es un d\u00eda donde se conmemora las luchas de las mujeres por sus derechos pol\u00edticos sociales y econ\u00f3micos y esta muestra tradicional en manos de estas cocineras es un ejemplo de lo que se puede hacer como rescate de la val\u00eda de las mujeres, es una manera de poder reconocer que los alimentos que realizan, hacen que se desarrolle la familia pero a veces no reconocemos ese trabajo que hace a quien nos da de comer\u00a0 y hoy en este marco por eso quisimos reconocerlas simb\u00f3licamente con las compa\u00f1eras que est\u00e1n aqu\u00ed con estos platillos\u201d.<\/p>\n<p>&nbsp;<\/p>\n<p><img loading=\"lazy\" decoding=\"async\" class=\"alignnone size-medium wp-image-983\" src=\"http:\/\/tvalaire.com\/wp-content\/uploads\/2017\/03\/encuentro-de-cocineras-1-300x199.jpg\" alt=\"\" width=\"300\" height=\"199\" srcset=\"http:\/\/tvalaire.com\/wp-content\/uploads\/2017\/03\/encuentro-de-cocineras-1-300x199.jpg 300w, http:\/\/tvalaire.com\/wp-content\/uploads\/2017\/03\/encuentro-de-cocineras-1-768x509.jpg 768w, http:\/\/tvalaire.com\/wp-content\/uploads\/2017\/03\/encuentro-de-cocineras-1-1024x678.jpg 1024w\" sizes=\"(max-width: 300px) 100vw, 300px\" \/><\/p>\n","protected":false},"excerpt":{"rendered":"<p>En el marco de la conmemoraci\u00f3n del mes de la mujer, el Gobierno Municipal que&#8230;<\/p>\n","protected":false},"author":1,"featured_media":984,"comment_status":"open","ping_status":"open","sticky":false,"template":"","format":"standard","meta":{"jetpack_post_was_ever_published":false,"_jetpack_newsletter_access":"","_jetpack_dont_email_post_to_subs":false,"_jetpack_newsletter_tier_id":0,"_jetpack_memberships_contains_paywalled_content":false,"_jetpack_memberships_contains_paid_content":false,"footnotes":"","jetpack_publicize_message":"","jetpack_publicize_feature_enabled":true,"jetpack_social_post_already_shared":false,"jetpack_social_options":{"image_generator_settings":{"template":"highway","enabled":false},"version":2}},"categories":[4],"tags":[36,24],"class_list":["post-982","post","type-post","status-publish","format-standard","has-post-thumbnail","hentry","category-puruandiro","tag-principales","tag-puruandiro"],"jetpack_publicize_connections":[],"jetpack_sharing_enabled":true,"featured_image_urls":{"full":["http:\/\/tvalaire.com\/wp-content\/uploads\/2017\/03\/encuentro-de-cocineras-2.jpg",2464,1632,false],"thumbnail":["http:\/\/tvalaire.com\/wp-content\/uploads\/2017\/03\/encuentro-de-cocineras-2-150x150.jpg",150,150,true],"medium":["http:\/\/tvalaire.com\/wp-content\/uploads\/2017\/03\/encuentro-de-cocineras-2-300x199.jpg",300,199,true],"medium_large":["http:\/\/tvalaire.com\/wp-content\/uploads\/2017\/03\/encuentro-de-cocineras-2-768x509.jpg",640,424,true],"large":["http:\/\/tvalaire.com\/wp-content\/uploads\/2017\/03\/encuentro-de-cocineras-2-1024x678.jpg",640,424,true],"post-slider-thumb-size":["http:\/\/tvalaire.com\/wp-content\/uploads\/2017\/03\/encuentro-de-cocineras-2.jpg",287,190,false],"post-category-slider-size":["http:\/\/tvalaire.com\/wp-content\/uploads\/2017\/03\/encuentro-de-cocineras-2.jpg",330,219,false],"1536x1536":["http:\/\/tvalaire.com\/wp-content\/uploads\/2017\/03\/encuentro-de-cocineras-2.jpg",1536,1017,false],"2048x2048":["http:\/\/tvalaire.com\/wp-content\/uploads\/2017\/03\/encuentro-de-cocineras-2.jpg",2048,1356,false],"newsium-slider-full":["http:\/\/tvalaire.com\/wp-content\/uploads\/2017\/03\/encuentro-de-cocineras-2.jpg",1276,845,false],"newsium-featured":["http:\/\/tvalaire.com\/wp-content\/uploads\/2017\/03\/encuentro-de-cocineras-2.jpg",1024,678,false],"newsium-medium":["http:\/\/tvalaire.com\/wp-content\/uploads\/2017\/03\/encuentro-de-cocineras-2.jpg",717,475,false]},"author_info":{"info":["tvalairenoti"]},"category_info":"<a href=\"http:\/\/tvalaire.com\/?cat=4\" rel=\"category\">Puru\u00e1ndiro<\/a>","tag_info":"Puru\u00e1ndiro","comment_count":"0","jetpack_featured_media_url":"http:\/\/tvalaire.com\/wp-content\/uploads\/2017\/03\/encuentro-de-cocineras-2.jpg","_links":{"self":[{"href":"http:\/\/tvalaire.com\/index.php?rest_route=\/wp\/v2\/posts\/982"}],"collection":[{"href":"http:\/\/tvalaire.com\/index.php?rest_route=\/wp\/v2\/posts"}],"about":[{"href":"http:\/\/tvalaire.com\/index.php?rest_route=\/wp\/v2\/types\/post"}],"author":[{"embeddable":true,"href":"http:\/\/tvalaire.com\/index.php?rest_route=\/wp\/v2\/users\/1"}],"replies":[{"embeddable":true,"href":"http:\/\/tvalaire.com\/index.php?rest_route=%2Fwp%2Fv2%2Fcomments&post=982"}],"version-history":[{"count":1,"href":"http:\/\/tvalaire.com\/index.php?rest_route=\/wp\/v2\/posts\/982\/revisions"}],"predecessor-version":[{"id":985,"href":"http:\/\/tvalaire.com\/index.php?rest_route=\/wp\/v2\/posts\/982\/revisions\/985"}],"wp:featuredmedia":[{"embeddable":true,"href":"http:\/\/tvalaire.com\/index.php?rest_route=\/wp\/v2\/media\/984"}],"wp:attachment":[{"href":"http:\/\/tvalaire.com\/index.php?rest_route=%2Fwp%2Fv2%2Fmedia&parent=982"}],"wp:term":[{"taxonomy":"category","embeddable":true,"href":"http:\/\/tvalaire.com\/index.php?rest_route=%2Fwp%2Fv2%2Fcategories&post=982"},{"taxonomy":"post_tag","embeddable":true,"href":"http:\/\/tvalaire.com\/index.php?rest_route=%2Fwp%2Fv2%2Ftags&post=982"}],"curies":[{"name":"wp","href":"https:\/\/api.w.org\/{rel}","templated":true}]}}