{"id":980,"date":"2017-03-21T09:03:12","date_gmt":"2017-03-21T15:03:12","guid":{"rendered":"http:\/\/tvalaire.com\/?p=980"},"modified":"2017-03-21T09:03:12","modified_gmt":"2017-03-21T15:03:12","slug":"se-lleva-a-cabo-conferencia-motivacional-para-los-jovenes-piedadenses","status":"publish","type":"post","link":"http:\/\/tvalaire.com\/?p=980","title":{"rendered":"SE LLEVA A CABO CONFERENCIA MOTIVACIONAL PARA LOS J\u00d3VENES PIEDADENSES"},"content":{"rendered":"<p>El Instituto de la\u00a0Juventud\u00a0Piedadense\u00a0\u00a0(INJUP) promovi\u00f3 entre el sector juvenil una charla en la que se promovieron los valores para ser mejores personas.<br \/>\nLa conferencia se\u00a0llev\u00f3\u00a0cabo en el auditorio de las instalaciones de la preparatoria M\u00e1rtires\u00a0de la Reforma donde varios de sus alumnos entraron a la conferencia y se mostraron muy participativos\u00a0con\u00a0el conferencista el cual dict\u00f3 la pl\u00e1tica en un entorno din\u00e1mico para el agrado de los asistentes.<br \/>\nEl encargado de ofrecer la conferencia fue Eduardo Escamilla el cual\u00a0comenz\u00f3\u00a0con una\u00a0din\u00e1mica\u00a0para que los\u00a0j\u00f3venes\u00a0se adentraran en el tema,\u00a0posteriormente\u00a0continu\u00f3\u00a0con la conferencia en la que con su intervenci\u00f3n invit\u00f3 a los estudiantes hacer reflexi\u00f3n sobre las cosas que han obtenido.<br \/>\nAh\u00ed exhort\u00f3 a la reflexi\u00f3n de diversos temas que \u00e9l toc\u00f3, tales como el amor, la\u00a0familia, el dinero, la amistad, la\u00a0diversi\u00f3n, entre otros t\u00f3picos, los cuales fueron motivaciones para los\u00a0j\u00f3venes\u00a0preparatorianos quienes continuaron\u00a0participando\u00a0a lo largo de toda la conferencia.<br \/>\nPara finalizar con la ponencia se hizo una \u00faltima\u00a0din\u00e1mica\u00a0la cual\u00a0consist\u00eda\u00a0en\u00a0encontrar\u00a0una llave y\u00a0abrir\u00a0un regalo, mismo que le fue entregado al participante y con lo cual se concluyeron las actividades.<\/p>\n","protected":false},"excerpt":{"rendered":"<p>El Instituto de la\u00a0Juventud\u00a0Piedadense\u00a0\u00a0(INJUP) promovi\u00f3 entre el sector juvenil una charla en la que se&#8230;<\/p>\n","protected":false},"author":1,"featured_media":978,"comment_status":"open","ping_status":"open","sticky":false,"template":"","format":"standard","meta":{"jetpack_post_was_ever_published":false,"_jetpack_newsletter_access":"","_jetpack_dont_email_post_to_subs":false,"_jetpack_newsletter_tier_id":0,"_jetpack_memberships_contains_paywalled_content":false,"_jetpack_memberships_contains_paid_content":false,"footnotes":"","jetpack_publicize_message":"","jetpack_publicize_feature_enabled":true,"jetpack_social_post_already_shared":false,"jetpack_social_options":{"image_generator_settings":{"template":"highway","enabled":false},"version":2}},"categories":[1],"tags":[15,36],"class_list":["post-980","post","type-post","status-publish","format-standard","has-post-thumbnail","hentry","category-la-piedad","tag-la-piedad","tag-principales"],"jetpack_publicize_connections":[],"jetpack_sharing_enabled":true,"featured_image_urls":{"full":["http:\/\/tvalaire.com\/wp-content\/uploads\/2017\/03\/SE-LLEVA-A-CABO-CONFERENCIA-MOTIVACIONAL-PARA-LOS-J\u00d3VENES-PIEDADENSES2.jpg",1024,683,false],"thumbnail":["http:\/\/tvalaire.com\/wp-content\/uploads\/2017\/03\/SE-LLEVA-A-CABO-CONFERENCIA-MOTIVACIONAL-PARA-LOS-J\u00d3VENES-PIEDADENSES2-150x150.jpg",150,150,true],"medium":["http:\/\/tvalaire.com\/wp-content\/uploads\/2017\/03\/SE-LLEVA-A-CABO-CONFERENCIA-MOTIVACIONAL-PARA-LOS-J\u00d3VENES-PIEDADENSES2-300x200.jpg",300,200,true],"medium_large":["http:\/\/tvalaire.com\/wp-content\/uploads\/2017\/03\/SE-LLEVA-A-CABO-CONFERENCIA-MOTIVACIONAL-PARA-LOS-J\u00d3VENES-PIEDADENSES2-768x512.jpg",640,427,true],"large":["http:\/\/tvalaire.com\/wp-content\/uploads\/2017\/03\/SE-LLEVA-A-CABO-CONFERENCIA-MOTIVACIONAL-PARA-LOS-J\u00d3VENES-PIEDADENSES2-1024x683.jpg",640,427,true],"post-slider-thumb-size":["http:\/\/tvalaire.com\/wp-content\/uploads\/2017\/03\/SE-LLEVA-A-CABO-CONFERENCIA-MOTIVACIONAL-PARA-LOS-J\u00d3VENES-PIEDADENSES2.jpg",285,190,false],"post-category-slider-size":["http:\/\/tvalaire.com\/wp-content\/uploads\/2017\/03\/SE-LLEVA-A-CABO-CONFERENCIA-MOTIVACIONAL-PARA-LOS-J\u00d3VENES-PIEDADENSES2.jpg",330,220,false],"1536x1536":["http:\/\/tvalaire.com\/wp-content\/uploads\/2017\/03\/SE-LLEVA-A-CABO-CONFERENCIA-MOTIVACIONAL-PARA-LOS-J\u00d3VENES-PIEDADENSES2.jpg",1024,683,false],"2048x2048":["http:\/\/tvalaire.com\/wp-content\/uploads\/2017\/03\/SE-LLEVA-A-CABO-CONFERENCIA-MOTIVACIONAL-PARA-LOS-J\u00d3VENES-PIEDADENSES2.jpg",1024,683,false],"newsium-slider-full":["http:\/\/tvalaire.com\/wp-content\/uploads\/2017\/03\/SE-LLEVA-A-CABO-CONFERENCIA-MOTIVACIONAL-PARA-LOS-J\u00d3VENES-PIEDADENSES2.jpg",1024,683,false],"newsium-featured":["http:\/\/tvalaire.com\/wp-content\/uploads\/2017\/03\/SE-LLEVA-A-CABO-CONFERENCIA-MOTIVACIONAL-PARA-LOS-J\u00d3VENES-PIEDADENSES2.jpg",1024,683,false],"newsium-medium":["http:\/\/tvalaire.com\/wp-content\/uploads\/2017\/03\/SE-LLEVA-A-CABO-CONFERENCIA-MOTIVACIONAL-PARA-LOS-J\u00d3VENES-PIEDADENSES2.jpg",712,475,false]},"author_info":{"info":["tvalairenoti"]},"category_info":"<a href=\"http:\/\/tvalaire.com\/?cat=1\" rel=\"category\">La Piedad<\/a>","tag_info":"La Piedad","comment_count":"0","jetpack_featured_media_url":"http:\/\/tvalaire.com\/wp-content\/uploads\/2017\/03\/SE-LLEVA-A-CABO-CONFERENCIA-MOTIVACIONAL-PARA-LOS-J\u00d3VENES-PIEDADENSES2.jpg","_links":{"self":[{"href":"http:\/\/tvalaire.com\/index.php?rest_route=\/wp\/v2\/posts\/980"}],"collection":[{"href":"http:\/\/tvalaire.com\/index.php?rest_route=\/wp\/v2\/posts"}],"about":[{"href":"http:\/\/tvalaire.com\/index.php?rest_route=\/wp\/v2\/types\/post"}],"author":[{"embeddable":true,"href":"http:\/\/tvalaire.com\/index.php?rest_route=\/wp\/v2\/users\/1"}],"replies":[{"embeddable":true,"href":"http:\/\/tvalaire.com\/index.php?rest_route=%2Fwp%2Fv2%2Fcomments&post=980"}],"version-history":[{"count":1,"href":"http:\/\/tvalaire.com\/index.php?rest_route=\/wp\/v2\/posts\/980\/revisions"}],"predecessor-version":[{"id":981,"href":"http:\/\/tvalaire.com\/index.php?rest_route=\/wp\/v2\/posts\/980\/revisions\/981"}],"wp:featuredmedia":[{"embeddable":true,"href":"http:\/\/tvalaire.com\/index.php?rest_route=\/wp\/v2\/media\/978"}],"wp:attachment":[{"href":"http:\/\/tvalaire.com\/index.php?rest_route=%2Fwp%2Fv2%2Fmedia&parent=980"}],"wp:term":[{"taxonomy":"category","embeddable":true,"href":"http:\/\/tvalaire.com\/index.php?rest_route=%2Fwp%2Fv2%2Fcategories&post=980"},{"taxonomy":"post_tag","embeddable":true,"href":"http:\/\/tvalaire.com\/index.php?rest_route=%2Fwp%2Fv2%2Ftags&post=980"}],"curies":[{"name":"wp","href":"https:\/\/api.w.org\/{rel}","templated":true}]}}