{"id":9784,"date":"2022-02-04T08:27:00","date_gmt":"2022-02-04T14:27:00","guid":{"rendered":"http:\/\/tvalaire.com\/?p=9784"},"modified":"2022-02-08T08:30:22","modified_gmt":"2022-02-08T14:30:22","slug":"la-piedad-cuenta-con-consejo-municipal-de-seguridad-publica","status":"publish","type":"post","link":"http:\/\/tvalaire.com\/?p=9784","title":{"rendered":"LA PIEDAD CUENTA CON CONSEJO MUNICIPAL DE SEGURIDAD P\u00daBLICA"},"content":{"rendered":"\n<p><\/p>\n\n\n\n<ul class=\"wp-block-list\"><li><strong>Acciones con fundamento en la Ley del Sistema Estatal de Seguridad<\/strong><\/li><li><strong>En todo momento se buscar\u00e1 garantizar los derechos individuales<\/strong><\/li><\/ul>\n\n\n\n<p>En pasada reuni\u00f3n de trabajo el Alcalde, tom\u00f3 protesta a los integrantes del Consejo Municipal de Seguridad P\u00fablica, el cual se pone en funciones a fin de salvaguardar la integridad y derechos de la ciudadan\u00eda en general en el municipio.<\/p>\n\n\n\n<p>Dicho Consejo estar\u00e1 presidido por el propio Alcalde, un Secretario Ejecutivo y como la encargada de este programa estar\u00e1 la S\u00edndico Municipal.<\/p>\n\n\n\n<p>En la reuni\u00f3n se coment\u00f3 que dicho Consejo tiene su fundamento legal en el art\u00edculo 88 de la Ley del Sistema Estatal de Seguridad P\u00fablica, en el que se establece que los municipios coordinar\u00e1n, planear\u00e1n e implementar\u00e1n el Sistema de acuerdo a sus \u00e1mbitos.<\/p>\n\n\n\n<p>As\u00ed mismo, se dio a conocer que dentro de las funciones que tendr\u00e1 el Consejo Municipal est\u00e1n las de dar cumplimiento a la pol\u00edticas y lineamientos de Seguridad, as\u00ed como de promover acciones con las diferentes instancias con las que se est\u00e9 vinculado para trabajar a favor de la poblaci\u00f3n.<\/p>\n\n\n\n<p>A su cargo tambi\u00e9n est\u00e1 el fomentar la participaci\u00f3n de la sociedad en las tareas de planeaci\u00f3n, programaci\u00f3n, supervisi\u00f3n, evaluaci\u00f3n e informaci\u00f3n de la Seguridad P\u00fablica.<\/p>\n\n\n\n<p>Cabe se\u00f1alar que sumado a este Consejo, en el \u00e1mbito de Seguridad P\u00fablica, el municipio tambi\u00e9n cuenta con el Sistema Nacional de Protecci\u00f3n Integral de Ni\u00f1as, Ni\u00f1os y Adolescentes (SIPINNA).<\/p>\n\n\n\n<p>De igual manera destacar que anteriormente se conform\u00f3 la Mesa de Seguridad P\u00fablica Operativa, con lo que con estas acciones coment\u00f3 el Edil<a><\/a>, se buscar\u00e1 dar un seguimiento puntual a las acciones conforme a la Ley y en todo momento garantizando los derechos individuales.&nbsp;<\/p>\n","protected":false},"excerpt":{"rendered":"<p>Acciones con fundamento en la Ley del Sistema Estatal de Seguridad En todo momento se&#8230;<\/p>\n","protected":false},"author":1,"featured_media":9794,"comment_status":"open","ping_status":"open","sticky":false,"template":"","format":"standard","meta":{"jetpack_post_was_ever_published":false,"_jetpack_newsletter_access":"","_jetpack_dont_email_post_to_subs":false,"_jetpack_newsletter_tier_id":0,"_jetpack_memberships_contains_paywalled_content":false,"_jetpack_memberships_contains_paid_content":false,"footnotes":"","jetpack_publicize_message":"","jetpack_publicize_feature_enabled":true,"jetpack_social_post_already_shared":true,"jetpack_social_options":{"image_generator_settings":{"template":"highway","enabled":false},"version":2}},"categories":[1],"tags":[15,36],"class_list":["post-9784","post","type-post","status-publish","format-standard","has-post-thumbnail","hentry","category-la-piedad","tag-la-piedad","tag-principales"],"jetpack_publicize_connections":[],"jetpack_sharing_enabled":true,"featured_image_urls":{"full":["http:\/\/tvalaire.com\/wp-content\/uploads\/2022\/02\/01-1.jpeg",1280,852,false],"thumbnail":["http:\/\/tvalaire.com\/wp-content\/uploads\/2022\/02\/01-1-150x150.jpeg",150,150,true],"medium":["http:\/\/tvalaire.com\/wp-content\/uploads\/2022\/02\/01-1-300x200.jpeg",300,200,true],"medium_large":["http:\/\/tvalaire.com\/wp-content\/uploads\/2022\/02\/01-1-768x511.jpeg",640,426,true],"large":["http:\/\/tvalaire.com\/wp-content\/uploads\/2022\/02\/01-1-1024x682.jpeg",640,426,true],"post-slider-thumb-size":["http:\/\/tvalaire.com\/wp-content\/uploads\/2022\/02\/01-1-330x190.jpeg",330,190,true],"post-category-slider-size":["http:\/\/tvalaire.com\/wp-content\/uploads\/2022\/02\/01-1.jpeg",330,220,false],"1536x1536":["http:\/\/tvalaire.com\/wp-content\/uploads\/2022\/02\/01-1.jpeg",1280,852,false],"2048x2048":["http:\/\/tvalaire.com\/wp-content\/uploads\/2022\/02\/01-1.jpeg",1280,852,false],"newsium-slider-full":["http:\/\/tvalaire.com\/wp-content\/uploads\/2022\/02\/01-1-1280x845.jpeg",1280,845,true],"newsium-featured":["http:\/\/tvalaire.com\/wp-content\/uploads\/2022\/02\/01-1-1024x682.jpeg",1024,682,true],"newsium-medium":["http:\/\/tvalaire.com\/wp-content\/uploads\/2022\/02\/01-1-720x475.jpeg",720,475,true]},"author_info":{"info":["tvalairenoti"]},"category_info":"<a href=\"http:\/\/tvalaire.com\/?cat=1\" rel=\"category\">La Piedad<\/a>","tag_info":"La Piedad","comment_count":"0","jetpack_featured_media_url":"http:\/\/tvalaire.com\/wp-content\/uploads\/2022\/02\/01-1.jpeg","_links":{"self":[{"href":"http:\/\/tvalaire.com\/index.php?rest_route=\/wp\/v2\/posts\/9784"}],"collection":[{"href":"http:\/\/tvalaire.com\/index.php?rest_route=\/wp\/v2\/posts"}],"about":[{"href":"http:\/\/tvalaire.com\/index.php?rest_route=\/wp\/v2\/types\/post"}],"author":[{"embeddable":true,"href":"http:\/\/tvalaire.com\/index.php?rest_route=\/wp\/v2\/users\/1"}],"replies":[{"embeddable":true,"href":"http:\/\/tvalaire.com\/index.php?rest_route=%2Fwp%2Fv2%2Fcomments&post=9784"}],"version-history":[{"count":1,"href":"http:\/\/tvalaire.com\/index.php?rest_route=\/wp\/v2\/posts\/9784\/revisions"}],"predecessor-version":[{"id":9795,"href":"http:\/\/tvalaire.com\/index.php?rest_route=\/wp\/v2\/posts\/9784\/revisions\/9795"}],"wp:featuredmedia":[{"embeddable":true,"href":"http:\/\/tvalaire.com\/index.php?rest_route=\/wp\/v2\/media\/9794"}],"wp:attachment":[{"href":"http:\/\/tvalaire.com\/index.php?rest_route=%2Fwp%2Fv2%2Fmedia&parent=9784"}],"wp:term":[{"taxonomy":"category","embeddable":true,"href":"http:\/\/tvalaire.com\/index.php?rest_route=%2Fwp%2Fv2%2Fcategories&post=9784"},{"taxonomy":"post_tag","embeddable":true,"href":"http:\/\/tvalaire.com\/index.php?rest_route=%2Fwp%2Fv2%2Ftags&post=9784"}],"curies":[{"name":"wp","href":"https:\/\/api.w.org\/{rel}","templated":true}]}}