{"id":9767,"date":"2022-01-07T10:01:00","date_gmt":"2022-01-07T16:01:00","guid":{"rendered":"http:\/\/tvalaire.com\/?p=9767"},"modified":"2022-01-07T10:11:49","modified_gmt":"2022-01-07T16:11:49","slug":"habra-subsidio-en-semillas-para-los-productores-del-campo","status":"publish","type":"post","link":"http:\/\/tvalaire.com\/?p=9767","title":{"rendered":"HABR\u00c1 SUBSIDIO EN SEMILLAS PARA LOS PRODUCTORES DEL CAMPO"},"content":{"rendered":"\n<p><\/p>\n\n\n\n<ul class=\"wp-block-list\"><li><strong>Informaci\u00f3n del programa en el tel\u00e9fono 52 271 30 extensi\u00f3n 114<\/strong><\/li><li><strong>La meta es poder colaborar con la econom\u00eda del productor del campo<\/strong><\/li><\/ul>\n\n\n\n<p>A fin de colaborar con el sector agropecuario del municipio de La Piedad, el Gobierno encabezado por el presidente Samuel Hidalgo Gallardo, a trav\u00e9s de la Direcci\u00f3n de Fomento Agropecuario, estar\u00e1 promoviendo el programa de semilla de ma\u00edz y sorgo.<\/p>\n\n\n\n<p>El esquema de trabajo consiste en la oferta de semillas mejoradas de distintas marcas las que se tienen disponibles hasta con un 25% de descuento, esto de acuerdo al mes de adquisici\u00f3n y de la variedad que se elija.<\/p>\n\n\n\n<p>Heriberto L\u00f3pez Ram\u00edrez, responsable de la Direcci\u00f3n local de Fomento Agropecuario, dijo que, por instrucci\u00f3n del propio Alcalde, el subsidio es con el objetivo de contribuir con la econom\u00eda de los productores del campo y as\u00ed puedan obtener mayores rendimientos en sus cosechas.<\/p>\n\n\n\n<p>De igual manera L\u00f3pez Ram\u00edrez, subray\u00f3 que los interesados en ser parte del programa pueden acudir a las oficinas de Fomento Agropecuario, que se ubican en la calle Mariano Jim\u00e9nez #115 o bien marcar al 52 271 30 extensi\u00f3n 114 para que les brinden mayor informaci\u00f3n.<\/p>\n\n\n\n<p>Subray\u00f3 el funcionario que NK Syngenta, Dekalb, Pioneer, Asgrow, Ceres, Eagle, son algunas de las marcas en semillas de ma\u00edz y sorgo que se tendr\u00e1n dispuestas para los agricultores que as\u00ed las requieran y quienes como requisito tendr\u00e1n que ser del municipio de La Piedad, presentar una copia del INE y del Comprobante de Domicilio.<\/p>\n","protected":false},"excerpt":{"rendered":"<p>Informaci\u00f3n del programa en el tel\u00e9fono 52 271 30 extensi\u00f3n 114 La meta es poder&#8230;<\/p>\n","protected":false},"author":1,"featured_media":9780,"comment_status":"open","ping_status":"open","sticky":false,"template":"","format":"standard","meta":{"jetpack_post_was_ever_published":false,"_jetpack_newsletter_access":"","_jetpack_dont_email_post_to_subs":false,"_jetpack_newsletter_tier_id":0,"_jetpack_memberships_contains_paywalled_content":false,"_jetpack_memberships_contains_paid_content":false,"footnotes":"","jetpack_publicize_message":"","jetpack_publicize_feature_enabled":true,"jetpack_social_post_already_shared":true,"jetpack_social_options":{"image_generator_settings":{"template":"highway","enabled":false},"version":2}},"categories":[1],"tags":[15,36],"class_list":["post-9767","post","type-post","status-publish","format-standard","has-post-thumbnail","hentry","category-la-piedad","tag-la-piedad","tag-principales"],"jetpack_publicize_connections":[],"jetpack_sharing_enabled":true,"featured_image_urls":{"full":["http:\/\/tvalaire.com\/wp-content\/uploads\/2022\/01\/1-1.jpg",1024,683,false],"thumbnail":["http:\/\/tvalaire.com\/wp-content\/uploads\/2022\/01\/1-1-150x150.jpg",150,150,true],"medium":["http:\/\/tvalaire.com\/wp-content\/uploads\/2022\/01\/1-1-300x200.jpg",300,200,true],"medium_large":["http:\/\/tvalaire.com\/wp-content\/uploads\/2022\/01\/1-1-768x512.jpg",640,427,true],"large":["http:\/\/tvalaire.com\/wp-content\/uploads\/2022\/01\/1-1.jpg",640,427,false],"post-slider-thumb-size":["http:\/\/tvalaire.com\/wp-content\/uploads\/2022\/01\/1-1-330x190.jpg",330,190,true],"post-category-slider-size":["http:\/\/tvalaire.com\/wp-content\/uploads\/2022\/01\/1-1.jpg",330,220,false],"1536x1536":["http:\/\/tvalaire.com\/wp-content\/uploads\/2022\/01\/1-1.jpg",1024,683,false],"2048x2048":["http:\/\/tvalaire.com\/wp-content\/uploads\/2022\/01\/1-1.jpg",1024,683,false],"newsium-slider-full":["http:\/\/tvalaire.com\/wp-content\/uploads\/2022\/01\/1-1.jpg",1024,683,false],"newsium-featured":["http:\/\/tvalaire.com\/wp-content\/uploads\/2022\/01\/1-1.jpg",1024,683,false],"newsium-medium":["http:\/\/tvalaire.com\/wp-content\/uploads\/2022\/01\/1-1-720x475.jpg",720,475,true]},"author_info":{"info":["tvalairenoti"]},"category_info":"<a href=\"http:\/\/tvalaire.com\/?cat=1\" rel=\"category\">La Piedad<\/a>","tag_info":"La Piedad","comment_count":"0","jetpack_featured_media_url":"http:\/\/tvalaire.com\/wp-content\/uploads\/2022\/01\/1-1.jpg","_links":{"self":[{"href":"http:\/\/tvalaire.com\/index.php?rest_route=\/wp\/v2\/posts\/9767"}],"collection":[{"href":"http:\/\/tvalaire.com\/index.php?rest_route=\/wp\/v2\/posts"}],"about":[{"href":"http:\/\/tvalaire.com\/index.php?rest_route=\/wp\/v2\/types\/post"}],"author":[{"embeddable":true,"href":"http:\/\/tvalaire.com\/index.php?rest_route=\/wp\/v2\/users\/1"}],"replies":[{"embeddable":true,"href":"http:\/\/tvalaire.com\/index.php?rest_route=%2Fwp%2Fv2%2Fcomments&post=9767"}],"version-history":[{"count":1,"href":"http:\/\/tvalaire.com\/index.php?rest_route=\/wp\/v2\/posts\/9767\/revisions"}],"predecessor-version":[{"id":9781,"href":"http:\/\/tvalaire.com\/index.php?rest_route=\/wp\/v2\/posts\/9767\/revisions\/9781"}],"wp:featuredmedia":[{"embeddable":true,"href":"http:\/\/tvalaire.com\/index.php?rest_route=\/wp\/v2\/media\/9780"}],"wp:attachment":[{"href":"http:\/\/tvalaire.com\/index.php?rest_route=%2Fwp%2Fv2%2Fmedia&parent=9767"}],"wp:term":[{"taxonomy":"category","embeddable":true,"href":"http:\/\/tvalaire.com\/index.php?rest_route=%2Fwp%2Fv2%2Fcategories&post=9767"},{"taxonomy":"post_tag","embeddable":true,"href":"http:\/\/tvalaire.com\/index.php?rest_route=%2Fwp%2Fv2%2Ftags&post=9767"}],"curies":[{"name":"wp","href":"https:\/\/api.w.org\/{rel}","templated":true}]}}