{"id":975,"date":"2017-03-21T09:02:10","date_gmt":"2017-03-21T15:02:10","guid":{"rendered":"http:\/\/tvalaire.com\/?p=975"},"modified":"2017-03-21T09:02:10","modified_gmt":"2017-03-21T15:02:10","slug":"se-capacitan-directores-de-sre-y-vinculacion-internacional-para-orientar-a-migrantes","status":"publish","type":"post","link":"http:\/\/tvalaire.com\/?p=975","title":{"rendered":"SE CAPACITAN DIRECTORES DE SRE Y VINCULACI\u00d3N INTERNACIONAL PARA ORIENTAR A MIGRANTES"},"content":{"rendered":"<p><strong>\u00a0<\/strong><\/p>\n<p>Los directores de las \u00e1reas de Vinculaci\u00f3n Internacional y de la oficina municipal de enlace de la Secretar\u00eda de Relaciones Exteriores, asistieron a un curso de capacitaci\u00f3n por parte del Departamento de Protecci\u00f3n dentro de la SRE, con el fin de dar las herramientas necesarias para orientar a los migrantes.<\/p>\n<p>Esto, ante las amenazas que enfrentan en el vecino pa\u00eds del Norte, por las constantes amenazas de deportaciones que ya se han llevado a cabo en distintos puntos de los Estados Unidos.<\/p>\n<p>La capacitaci\u00f3n que se brind\u00f3 a los directores de estas dos dependencias municipales de La Piedad, se hizo con la finalidad de dar las herramientas que ellos requieren para ofrecer la orientaci\u00f3n adecuada que deben transmitir a los familiares de nuestros connacionales.<\/p>\n<p>Por tanto, en ambas dependencias municipales, cuentan con la capacitaci\u00f3n e informaci\u00f3n necesaria para otorgarla a los familiares o personas que por alguna raz\u00f3n sean deportadas de los Estados Unidos.<\/p>\n<p>Es de vital importancia el contar con funcionarios que tengan la capacidad de atenci\u00f3n a este sector, as\u00ed como la informaci\u00f3n adecuada para orientar sobre las acciones o medidas que tengan que aplicarse para recibir a nuestros connacionales que pidan ayuda.<\/p>\n<p>Es por ello, que ante cualquier duda en relaci\u00f3n a la situaci\u00f3n que se vive en los Estados Unidos, se dar\u00e1 a conocer a trav\u00e9s de las direcciones de Vinculaci\u00f3n Internacional y oficina municipal de enlace de la Secretar\u00eda de Relaciones Exteriores la informaci\u00f3n y orientaci\u00f3n necesaria.<\/p>\n","protected":false},"excerpt":{"rendered":"<p>\u00a0 Los directores de las \u00e1reas de Vinculaci\u00f3n Internacional y de la oficina municipal de&#8230;<\/p>\n","protected":false},"author":1,"featured_media":976,"comment_status":"open","ping_status":"open","sticky":false,"template":"","format":"standard","meta":{"jetpack_post_was_ever_published":false,"_jetpack_newsletter_access":"","_jetpack_dont_email_post_to_subs":false,"_jetpack_newsletter_tier_id":0,"_jetpack_memberships_contains_paywalled_content":false,"_jetpack_memberships_contains_paid_content":false,"footnotes":"","jetpack_publicize_message":"","jetpack_publicize_feature_enabled":true,"jetpack_social_post_already_shared":false,"jetpack_social_options":{"image_generator_settings":{"template":"highway","enabled":false},"version":2}},"categories":[1],"tags":[15,36],"class_list":["post-975","post","type-post","status-publish","format-standard","has-post-thumbnail","hentry","category-la-piedad","tag-la-piedad","tag-principales"],"jetpack_publicize_connections":[],"jetpack_sharing_enabled":true,"featured_image_urls":{"full":["http:\/\/tvalaire.com\/wp-content\/uploads\/2017\/03\/SE-CAPACITAN-DIRECTORES-DE-SRE-Y-VINCULACI\u00d3N-INTERNACIONAL-PARA-ORIENTAR-A-MIGRANTES.jpg",1040,780,false],"thumbnail":["http:\/\/tvalaire.com\/wp-content\/uploads\/2017\/03\/SE-CAPACITAN-DIRECTORES-DE-SRE-Y-VINCULACI\u00d3N-INTERNACIONAL-PARA-ORIENTAR-A-MIGRANTES-150x150.jpg",150,150,true],"medium":["http:\/\/tvalaire.com\/wp-content\/uploads\/2017\/03\/SE-CAPACITAN-DIRECTORES-DE-SRE-Y-VINCULACI\u00d3N-INTERNACIONAL-PARA-ORIENTAR-A-MIGRANTES-300x225.jpg",300,225,true],"medium_large":["http:\/\/tvalaire.com\/wp-content\/uploads\/2017\/03\/SE-CAPACITAN-DIRECTORES-DE-SRE-Y-VINCULACI\u00d3N-INTERNACIONAL-PARA-ORIENTAR-A-MIGRANTES-768x576.jpg",640,480,true],"large":["http:\/\/tvalaire.com\/wp-content\/uploads\/2017\/03\/SE-CAPACITAN-DIRECTORES-DE-SRE-Y-VINCULACI\u00d3N-INTERNACIONAL-PARA-ORIENTAR-A-MIGRANTES-1024x768.jpg",640,480,true],"post-slider-thumb-size":["http:\/\/tvalaire.com\/wp-content\/uploads\/2017\/03\/SE-CAPACITAN-DIRECTORES-DE-SRE-Y-VINCULACI\u00d3N-INTERNACIONAL-PARA-ORIENTAR-A-MIGRANTES.jpg",253,190,false],"post-category-slider-size":["http:\/\/tvalaire.com\/wp-content\/uploads\/2017\/03\/SE-CAPACITAN-DIRECTORES-DE-SRE-Y-VINCULACI\u00d3N-INTERNACIONAL-PARA-ORIENTAR-A-MIGRANTES.jpg",330,248,false],"1536x1536":["http:\/\/tvalaire.com\/wp-content\/uploads\/2017\/03\/SE-CAPACITAN-DIRECTORES-DE-SRE-Y-VINCULACI\u00d3N-INTERNACIONAL-PARA-ORIENTAR-A-MIGRANTES.jpg",1040,780,false],"2048x2048":["http:\/\/tvalaire.com\/wp-content\/uploads\/2017\/03\/SE-CAPACITAN-DIRECTORES-DE-SRE-Y-VINCULACI\u00d3N-INTERNACIONAL-PARA-ORIENTAR-A-MIGRANTES.jpg",1040,780,false],"newsium-slider-full":["http:\/\/tvalaire.com\/wp-content\/uploads\/2017\/03\/SE-CAPACITAN-DIRECTORES-DE-SRE-Y-VINCULACI\u00d3N-INTERNACIONAL-PARA-ORIENTAR-A-MIGRANTES.jpg",1040,780,false],"newsium-featured":["http:\/\/tvalaire.com\/wp-content\/uploads\/2017\/03\/SE-CAPACITAN-DIRECTORES-DE-SRE-Y-VINCULACI\u00d3N-INTERNACIONAL-PARA-ORIENTAR-A-MIGRANTES.jpg",1024,768,false],"newsium-medium":["http:\/\/tvalaire.com\/wp-content\/uploads\/2017\/03\/SE-CAPACITAN-DIRECTORES-DE-SRE-Y-VINCULACI\u00d3N-INTERNACIONAL-PARA-ORIENTAR-A-MIGRANTES.jpg",633,475,false]},"author_info":{"info":["tvalairenoti"]},"category_info":"<a href=\"http:\/\/tvalaire.com\/?cat=1\" rel=\"category\">La Piedad<\/a>","tag_info":"La Piedad","comment_count":"0","jetpack_featured_media_url":"http:\/\/tvalaire.com\/wp-content\/uploads\/2017\/03\/SE-CAPACITAN-DIRECTORES-DE-SRE-Y-VINCULACI\u00d3N-INTERNACIONAL-PARA-ORIENTAR-A-MIGRANTES.jpg","_links":{"self":[{"href":"http:\/\/tvalaire.com\/index.php?rest_route=\/wp\/v2\/posts\/975"}],"collection":[{"href":"http:\/\/tvalaire.com\/index.php?rest_route=\/wp\/v2\/posts"}],"about":[{"href":"http:\/\/tvalaire.com\/index.php?rest_route=\/wp\/v2\/types\/post"}],"author":[{"embeddable":true,"href":"http:\/\/tvalaire.com\/index.php?rest_route=\/wp\/v2\/users\/1"}],"replies":[{"embeddable":true,"href":"http:\/\/tvalaire.com\/index.php?rest_route=%2Fwp%2Fv2%2Fcomments&post=975"}],"version-history":[{"count":1,"href":"http:\/\/tvalaire.com\/index.php?rest_route=\/wp\/v2\/posts\/975\/revisions"}],"predecessor-version":[{"id":979,"href":"http:\/\/tvalaire.com\/index.php?rest_route=\/wp\/v2\/posts\/975\/revisions\/979"}],"wp:featuredmedia":[{"embeddable":true,"href":"http:\/\/tvalaire.com\/index.php?rest_route=\/wp\/v2\/media\/976"}],"wp:attachment":[{"href":"http:\/\/tvalaire.com\/index.php?rest_route=%2Fwp%2Fv2%2Fmedia&parent=975"}],"wp:term":[{"taxonomy":"category","embeddable":true,"href":"http:\/\/tvalaire.com\/index.php?rest_route=%2Fwp%2Fv2%2Fcategories&post=975"},{"taxonomy":"post_tag","embeddable":true,"href":"http:\/\/tvalaire.com\/index.php?rest_route=%2Fwp%2Fv2%2Ftags&post=975"}],"curies":[{"name":"wp","href":"https:\/\/api.w.org\/{rel}","templated":true}]}}