{"id":9748,"date":"2021-11-26T10:12:00","date_gmt":"2021-11-26T16:12:00","guid":{"rendered":"http:\/\/tvalaire.com\/?p=9748"},"modified":"2021-12-06T10:21:28","modified_gmt":"2021-12-06T16:21:28","slug":"gobernador-de-michoacan-estuvo-en-el-municipio-de-la-piedad","status":"publish","type":"post","link":"http:\/\/tvalaire.com\/?p=9748","title":{"rendered":"GOBERNADOR DE MICHOAC\u00c1N ESTUVO EN EL MUNICIPIO DE LA PIEDAD"},"content":{"rendered":"\n<p><\/p>\n\n\n\n<ul class=\"wp-block-list\"><li><strong>Reconoce Hidalgo Gallardo, estos foros en los que se conoce el sentir de la poblaci\u00f3n<\/strong><\/li><li><strong>Solicita Alcalde apoyo para continuar con el crecimiento del municipio<\/strong><\/li><\/ul>\n\n\n\n<p>Durante el Foro de Consulta para el Plan de Desarrollo Integral del Estado de Michoac\u00e1n, Regi\u00f3n Baj\u00edo que estuvo encabezado por el gobernador Alfredo Ram\u00edrez Bedolla, el alcalde Samuel Hidalgo Gallardo, dio la bienvenida a todos los participantes.<\/p>\n\n\n\n<p>Ah\u00ed, el Presidente municipal de La Piedad, Hidalgo Gallardo, subray\u00f3 la importancia de reconstruir el tejido social a trav\u00e9s de la generaci\u00f3n de empleos y la mejora en el sector educativo. Destacando el trabajo en colaboraci\u00f3n con el Estado en este sentido.<\/p>\n\n\n\n<p>Al mismo tiempo el Presidente subray\u00f3 que, con la consolidaci\u00f3n del Espacio Emprendedor en la ciudad, se estar\u00e1 dando un impulso a los emprendedores de la localidad y la regi\u00f3n, con lo que espera que el titular del ejecutivo siga apoyando para el beneficio de la econom\u00eda.<\/p>\n\n\n\n<p>De igual manera solicit\u00f3 al mandatario estatal del apoyo para que el municipio contin\u00fae con avances en materia de infraestructura urbana y servicios p\u00fablicos b\u00e1sicos<a><\/a> que mejoren la calidad de vida de los habitantes del municipio.<\/p>\n\n\n\n<p>El Alcalde antes de terminar con el uso de la voz, reiter\u00f3 el compromiso de su Administraci\u00f3n para trabajar de cerca con todos los niveles de Gobierno y los ciudadanos, al mismo tiempo reconoci\u00f3 el trabajo de estos foros que buscan el acercamiento y escuchar las necesidades de los ciudadanos.<\/p>\n\n\n\n<figure class=\"wp-block-image size-large is-style-default\"><img loading=\"lazy\" decoding=\"async\" width=\"1024\" height=\"682\" src=\"http:\/\/tvalaire.com\/wp-content\/uploads\/2021\/12\/01-1-1-1024x682.jpeg\" alt=\"\" class=\"wp-image-9760\" srcset=\"http:\/\/tvalaire.com\/wp-content\/uploads\/2021\/12\/01-1-1-1024x682.jpeg 1024w, http:\/\/tvalaire.com\/wp-content\/uploads\/2021\/12\/01-1-1-300x200.jpeg 300w, http:\/\/tvalaire.com\/wp-content\/uploads\/2021\/12\/01-1-1-768x512.jpeg 768w, http:\/\/tvalaire.com\/wp-content\/uploads\/2021\/12\/01-1-1.jpeg 1280w\" sizes=\"(max-width: 1024px) 100vw, 1024px\" \/><\/figure>\n\n\n\n<figure class=\"wp-block-image size-large is-style-default\"><img loading=\"lazy\" decoding=\"async\" width=\"1024\" height=\"682\" src=\"http:\/\/tvalaire.com\/wp-content\/uploads\/2021\/12\/01-4-1024x682.jpeg\" alt=\"\" class=\"wp-image-9761\" srcset=\"http:\/\/tvalaire.com\/wp-content\/uploads\/2021\/12\/01-4-1024x682.jpeg 1024w, http:\/\/tvalaire.com\/wp-content\/uploads\/2021\/12\/01-4-300x200.jpeg 300w, http:\/\/tvalaire.com\/wp-content\/uploads\/2021\/12\/01-4-768x512.jpeg 768w, http:\/\/tvalaire.com\/wp-content\/uploads\/2021\/12\/01-4.jpeg 1280w\" sizes=\"(max-width: 1024px) 100vw, 1024px\" \/><\/figure>\n\n\n\n<p><\/p>\n\n\n\n<figure class=\"wp-block-image size-large is-style-default\"><img loading=\"lazy\" decoding=\"async\" width=\"1024\" height=\"682\" src=\"http:\/\/tvalaire.com\/wp-content\/uploads\/2021\/12\/01-6-1024x682.jpeg\" alt=\"\" class=\"wp-image-9762\" srcset=\"http:\/\/tvalaire.com\/wp-content\/uploads\/2021\/12\/01-6-1024x682.jpeg 1024w, http:\/\/tvalaire.com\/wp-content\/uploads\/2021\/12\/01-6-300x200.jpeg 300w, http:\/\/tvalaire.com\/wp-content\/uploads\/2021\/12\/01-6-768x512.jpeg 768w, http:\/\/tvalaire.com\/wp-content\/uploads\/2021\/12\/01-6.jpeg 1280w\" sizes=\"(max-width: 1024px) 100vw, 1024px\" \/><\/figure>\n\n\n\n<p><\/p>\n","protected":false},"excerpt":{"rendered":"<p>Reconoce Hidalgo Gallardo, estos foros en los que se conoce el sentir de la poblaci\u00f3n&#8230;<\/p>\n","protected":false},"author":1,"featured_media":9759,"comment_status":"open","ping_status":"open","sticky":false,"template":"","format":"standard","meta":{"jetpack_post_was_ever_published":false,"_jetpack_newsletter_access":"","_jetpack_dont_email_post_to_subs":false,"_jetpack_newsletter_tier_id":0,"_jetpack_memberships_contains_paywalled_content":false,"_jetpack_memberships_contains_paid_content":false,"footnotes":"","jetpack_publicize_message":"","jetpack_publicize_feature_enabled":true,"jetpack_social_post_already_shared":true,"jetpack_social_options":{"image_generator_settings":{"template":"highway","enabled":false},"version":2}},"categories":[1],"tags":[37,15,36],"class_list":["post-9748","post","type-post","status-publish","format-standard","has-post-thumbnail","hentry","category-la-piedad","tag-estado","tag-la-piedad","tag-principales"],"jetpack_publicize_connections":[],"jetpack_sharing_enabled":true,"featured_image_urls":{"full":["http:\/\/tvalaire.com\/wp-content\/uploads\/2021\/12\/01-2.jpeg",1280,853,false],"thumbnail":["http:\/\/tvalaire.com\/wp-content\/uploads\/2021\/12\/01-2-150x150.jpeg",150,150,true],"medium":["http:\/\/tvalaire.com\/wp-content\/uploads\/2021\/12\/01-2-300x200.jpeg",300,200,true],"medium_large":["http:\/\/tvalaire.com\/wp-content\/uploads\/2021\/12\/01-2-768x512.jpeg",640,427,true],"large":["http:\/\/tvalaire.com\/wp-content\/uploads\/2021\/12\/01-2-1024x682.jpeg",640,426,true],"post-slider-thumb-size":["http:\/\/tvalaire.com\/wp-content\/uploads\/2021\/12\/01-2-330x190.jpeg",330,190,true],"post-category-slider-size":["http:\/\/tvalaire.com\/wp-content\/uploads\/2021\/12\/01-2.jpeg",330,220,false],"1536x1536":["http:\/\/tvalaire.com\/wp-content\/uploads\/2021\/12\/01-2.jpeg",1280,853,false],"2048x2048":["http:\/\/tvalaire.com\/wp-content\/uploads\/2021\/12\/01-2.jpeg",1280,853,false],"newsium-slider-full":["http:\/\/tvalaire.com\/wp-content\/uploads\/2021\/12\/01-2-1280x845.jpeg",1280,845,true],"newsium-featured":["http:\/\/tvalaire.com\/wp-content\/uploads\/2021\/12\/01-2-1024x682.jpeg",1024,682,true],"newsium-medium":["http:\/\/tvalaire.com\/wp-content\/uploads\/2021\/12\/01-2-720x475.jpeg",720,475,true]},"author_info":{"info":["tvalairenoti"]},"category_info":"<a href=\"http:\/\/tvalaire.com\/?cat=1\" rel=\"category\">La Piedad<\/a>","tag_info":"La Piedad","comment_count":"0","jetpack_featured_media_url":"http:\/\/tvalaire.com\/wp-content\/uploads\/2021\/12\/01-2.jpeg","_links":{"self":[{"href":"http:\/\/tvalaire.com\/index.php?rest_route=\/wp\/v2\/posts\/9748"}],"collection":[{"href":"http:\/\/tvalaire.com\/index.php?rest_route=\/wp\/v2\/posts"}],"about":[{"href":"http:\/\/tvalaire.com\/index.php?rest_route=\/wp\/v2\/types\/post"}],"author":[{"embeddable":true,"href":"http:\/\/tvalaire.com\/index.php?rest_route=\/wp\/v2\/users\/1"}],"replies":[{"embeddable":true,"href":"http:\/\/tvalaire.com\/index.php?rest_route=%2Fwp%2Fv2%2Fcomments&post=9748"}],"version-history":[{"count":1,"href":"http:\/\/tvalaire.com\/index.php?rest_route=\/wp\/v2\/posts\/9748\/revisions"}],"predecessor-version":[{"id":9763,"href":"http:\/\/tvalaire.com\/index.php?rest_route=\/wp\/v2\/posts\/9748\/revisions\/9763"}],"wp:featuredmedia":[{"embeddable":true,"href":"http:\/\/tvalaire.com\/index.php?rest_route=\/wp\/v2\/media\/9759"}],"wp:attachment":[{"href":"http:\/\/tvalaire.com\/index.php?rest_route=%2Fwp%2Fv2%2Fmedia&parent=9748"}],"wp:term":[{"taxonomy":"category","embeddable":true,"href":"http:\/\/tvalaire.com\/index.php?rest_route=%2Fwp%2Fv2%2Fcategories&post=9748"},{"taxonomy":"post_tag","embeddable":true,"href":"http:\/\/tvalaire.com\/index.php?rest_route=%2Fwp%2Fv2%2Ftags&post=9748"}],"curies":[{"name":"wp","href":"https:\/\/api.w.org\/{rel}","templated":true}]}}