{"id":9713,"date":"2021-09-30T09:53:00","date_gmt":"2021-09-30T14:53:00","guid":{"rendered":"http:\/\/tvalaire.com\/?p=9713"},"modified":"2021-10-04T09:54:37","modified_gmt":"2021-10-04T14:54:37","slug":"conmemoran-autoridades-natalicio-del-generalisimo-morelos","status":"publish","type":"post","link":"http:\/\/tvalaire.com\/?p=9713","title":{"rendered":"CONMEMORAN AUTORIDADES NATALICIO DEL GENERAL\u00cdSIMO MORELOS"},"content":{"rendered":"\n<p><\/p>\n\n\n\n<ul class=\"wp-block-list\"><li><strong>El cura lider\u00f3 la segunda etapa de la Guerra de Independencia<\/strong><\/li><li><strong>Sentimientos de la Naci\u00f3n son la base para redactar la Carta Magna<\/strong><\/li><\/ul>\n\n\n\n<p>Integrantes del Ayuntamiento, encabezados por el presidente Samuel Hidalgo Gallardo, rindieron honores y conmemoraron el 256 aniversario del nataliciodel insurgente de origen michoacano Jos\u00e9 Mar\u00eda Morelos y Pav\u00f3n, conocido tambi\u00e9n como el \u201cS<a><\/a>iervo de la Naci\u00f3n\u201d.<\/p>\n\n\n\n<p>En el acto c\u00edvico celebrado en el patio central de la Escuela de Artes, el director de la Direcci\u00f3n de Educaci\u00f3n en el municipio, Horacio Mart\u00edn S\u00e1nchez Molina, se encarg\u00f3 de ofrecer una rese\u00f1a de algunos de los tantos eventos hist\u00f3ricos del personaje que lider\u00f3 la segunda etapa de la Guerra de Independencia.<\/p>\n\n\n\n<p>El funcionario destac\u00f3 el encuentro que tuvo con el Cura Miguel Hidalgo, en la poblaci\u00f3n de Charo, quien lo nombra General de los Ej\u00e9rcitos Americanos y le asigna la misi\u00f3n de levantar las tropas en el sur de pa\u00eds, siendo el principal objetivo el puerto de Acapulco Guerrero.<\/p>\n\n\n\n<p>Por su parte, el Regidor Noel Rinc\u00f3n S\u00e1nchez, se encarg\u00f3 del discurso oficial del evento en el cual subray\u00f3 los principios de igualdad y de justicia que promovieron los insurgentes en su lucha.<\/p>\n\n\n\n<p>De igual manera, mencion\u00f3 uno de los documentos m\u00e1s importantes escritos por Cura Morelos, denominado \u201cSentimientos de la Naci\u00f3n\u201d, en el cual el autorsent\u00f3 las bases para que se redactara la Carta Magna, y en la que se nos ha heredado un pueblo sin esclavitud, sin distinci\u00f3n de clases y castas.<\/p>\n\n\n\n<p>Termin\u00f3 su intervenci\u00f3n invitando a ser emp\u00e1ticos y congruentes con los principios que los promotores de la Independencia dejaron como legado y que las acciones de cada uno de los miembros que representan a la sociedad civil sean voz del reclamo social para tener una naci\u00f3n prospera y unida.<\/p>\n","protected":false},"excerpt":{"rendered":"<p>El cura lider\u00f3 la segunda etapa de la Guerra de Independencia Sentimientos de la Naci\u00f3n&#8230;<\/p>\n","protected":false},"author":1,"featured_media":9714,"comment_status":"open","ping_status":"open","sticky":false,"template":"","format":"standard","meta":{"jetpack_post_was_ever_published":false,"_jetpack_newsletter_access":"","_jetpack_dont_email_post_to_subs":false,"_jetpack_newsletter_tier_id":0,"_jetpack_memberships_contains_paywalled_content":false,"_jetpack_memberships_contains_paid_content":false,"footnotes":"","jetpack_publicize_message":"","jetpack_publicize_feature_enabled":true,"jetpack_social_post_already_shared":true,"jetpack_social_options":{"image_generator_settings":{"template":"highway","enabled":false},"version":2}},"categories":[1],"tags":[15],"class_list":["post-9713","post","type-post","status-publish","format-standard","has-post-thumbnail","hentry","category-la-piedad","tag-la-piedad"],"jetpack_publicize_connections":[],"jetpack_sharing_enabled":true,"featured_image_urls":{"full":["http:\/\/tvalaire.com\/wp-content\/uploads\/2021\/10\/1-5.jpeg",1280,853,false],"thumbnail":["http:\/\/tvalaire.com\/wp-content\/uploads\/2021\/10\/1-5-150x150.jpeg",150,150,true],"medium":["http:\/\/tvalaire.com\/wp-content\/uploads\/2021\/10\/1-5-300x200.jpeg",300,200,true],"medium_large":["http:\/\/tvalaire.com\/wp-content\/uploads\/2021\/10\/1-5-768x512.jpeg",640,427,true],"large":["http:\/\/tvalaire.com\/wp-content\/uploads\/2021\/10\/1-5-1024x682.jpeg",640,426,true],"post-slider-thumb-size":["http:\/\/tvalaire.com\/wp-content\/uploads\/2021\/10\/1-5-330x190.jpeg",330,190,true],"post-category-slider-size":["http:\/\/tvalaire.com\/wp-content\/uploads\/2021\/10\/1-5.jpeg",330,220,false],"1536x1536":["http:\/\/tvalaire.com\/wp-content\/uploads\/2021\/10\/1-5.jpeg",1280,853,false],"2048x2048":["http:\/\/tvalaire.com\/wp-content\/uploads\/2021\/10\/1-5.jpeg",1280,853,false],"newsium-slider-full":["http:\/\/tvalaire.com\/wp-content\/uploads\/2021\/10\/1-5-1280x845.jpeg",1280,845,true],"newsium-featured":["http:\/\/tvalaire.com\/wp-content\/uploads\/2021\/10\/1-5-1024x682.jpeg",1024,682,true],"newsium-medium":["http:\/\/tvalaire.com\/wp-content\/uploads\/2021\/10\/1-5-720x475.jpeg",720,475,true]},"author_info":{"info":["tvalairenoti"]},"category_info":"<a href=\"http:\/\/tvalaire.com\/?cat=1\" rel=\"category\">La Piedad<\/a>","tag_info":"La Piedad","comment_count":"0","jetpack_featured_media_url":"http:\/\/tvalaire.com\/wp-content\/uploads\/2021\/10\/1-5.jpeg","_links":{"self":[{"href":"http:\/\/tvalaire.com\/index.php?rest_route=\/wp\/v2\/posts\/9713"}],"collection":[{"href":"http:\/\/tvalaire.com\/index.php?rest_route=\/wp\/v2\/posts"}],"about":[{"href":"http:\/\/tvalaire.com\/index.php?rest_route=\/wp\/v2\/types\/post"}],"author":[{"embeddable":true,"href":"http:\/\/tvalaire.com\/index.php?rest_route=\/wp\/v2\/users\/1"}],"replies":[{"embeddable":true,"href":"http:\/\/tvalaire.com\/index.php?rest_route=%2Fwp%2Fv2%2Fcomments&post=9713"}],"version-history":[{"count":1,"href":"http:\/\/tvalaire.com\/index.php?rest_route=\/wp\/v2\/posts\/9713\/revisions"}],"predecessor-version":[{"id":9715,"href":"http:\/\/tvalaire.com\/index.php?rest_route=\/wp\/v2\/posts\/9713\/revisions\/9715"}],"wp:featuredmedia":[{"embeddable":true,"href":"http:\/\/tvalaire.com\/index.php?rest_route=\/wp\/v2\/media\/9714"}],"wp:attachment":[{"href":"http:\/\/tvalaire.com\/index.php?rest_route=%2Fwp%2Fv2%2Fmedia&parent=9713"}],"wp:term":[{"taxonomy":"category","embeddable":true,"href":"http:\/\/tvalaire.com\/index.php?rest_route=%2Fwp%2Fv2%2Fcategories&post=9713"},{"taxonomy":"post_tag","embeddable":true,"href":"http:\/\/tvalaire.com\/index.php?rest_route=%2Fwp%2Fv2%2Ftags&post=9713"}],"curies":[{"name":"wp","href":"https:\/\/api.w.org\/{rel}","templated":true}]}}