{"id":9668,"date":"2021-08-30T11:04:00","date_gmt":"2021-08-30T16:04:00","guid":{"rendered":"http:\/\/tvalaire.com\/?p=9668"},"modified":"2021-09-01T11:09:13","modified_gmt":"2021-09-01T16:09:13","slug":"entregan-aula-escolar-en-primaria-de-villas-de-la-loma","status":"publish","type":"post","link":"http:\/\/tvalaire.com\/?p=9668","title":{"rendered":"ENTREGAN AULA ESCOLAR EN PRIMARIA DE VILLAS DE LA LOMA"},"content":{"rendered":"\n<p><\/p>\n\n\n\n<ul class=\"wp-block-list\"><li><strong>Debelan busto de \u201cRicardo Guzm\u00e1n Romero\u201d<\/strong><\/li><li><strong>Se garantiza el derecho a la educaci\u00f3n de los ni\u00f1os de esa zona<\/strong><\/li><\/ul>\n\n\n\n<p>Autoridades municipales y escolares encabezadas por nuestro alcalde Alex Espinoza, estuvieron en la escuela primaria \u201cRicardo Guzm\u00e1n Romero\u201d, del Fraccionamiento Villas de la Loma para inaugurar un aula en dicho espacio educativo.<\/p>\n\n\n\n<p>Ah\u00ed nuestro Alcalde coment\u00f3 la importancia de crear y tener m\u00e1s espacios para que las ni\u00f1as y ni\u00f1os de esta zona habitacional que ha estado creciendo de manera significativa no tengan que salir a otros lugares cercanos a recibir su preparaci\u00f3n acad\u00e9mica.<\/p>\n\n\n\n<p>Con esta, son dos aulas escolares que el Presidente entrega en dicho espacio educativo, reconociendo que las acciones han sido en parte gracias a la suma de voluntades entre sociedad y Gobiernos a fin de garantizar el derecho a la educaci\u00f3n de ni\u00f1as y ni\u00f1os por un lugar m\u00e1s digno.<\/p>\n\n\n\n<p>En su intervenci\u00f3n, directivos del plantel y la representante de la Sociedad de Padres de Familia, mostraron su agradecimiento al Edil, destacando que de esta manera se evita arriesgar a los ni\u00f1os po<a><\/a>r desplazarlos a otro lugar para acudir a la escuela.<\/p>\n\n\n\n<p>Cabe mencionar que despu\u00e9s de la entrega simb\u00f3lica de calzado que se hizo a algunos alumnos, los presentes debelaron un busto del ex alcalde Ricardo Guzm\u00e1n Romero, el cual fue una donaci\u00f3n de la regidora Carmen L\u00f3pez Alvarado.&nbsp;<\/p>\n","protected":false},"excerpt":{"rendered":"<p>Debelan busto de \u201cRicardo Guzm\u00e1n Romero\u201d Se garantiza el derecho a la educaci\u00f3n de los&#8230;<\/p>\n","protected":false},"author":1,"featured_media":9672,"comment_status":"open","ping_status":"open","sticky":false,"template":"","format":"standard","meta":{"jetpack_post_was_ever_published":false,"_jetpack_newsletter_access":"","_jetpack_dont_email_post_to_subs":false,"_jetpack_newsletter_tier_id":0,"_jetpack_memberships_contains_paywalled_content":false,"_jetpack_memberships_contains_paid_content":false,"footnotes":"","jetpack_publicize_message":"","jetpack_publicize_feature_enabled":true,"jetpack_social_post_already_shared":true,"jetpack_social_options":{"image_generator_settings":{"template":"highway","enabled":false},"version":2}},"categories":[1],"tags":[15],"class_list":["post-9668","post","type-post","status-publish","format-standard","has-post-thumbnail","hentry","category-la-piedad","tag-la-piedad"],"jetpack_publicize_connections":[],"jetpack_sharing_enabled":true,"featured_image_urls":{"full":["http:\/\/tvalaire.com\/wp-content\/uploads\/2021\/09\/1-2-4.jpeg",1600,900,false],"thumbnail":["http:\/\/tvalaire.com\/wp-content\/uploads\/2021\/09\/1-2-4-150x150.jpeg",150,150,true],"medium":["http:\/\/tvalaire.com\/wp-content\/uploads\/2021\/09\/1-2-4-300x169.jpeg",300,169,true],"medium_large":["http:\/\/tvalaire.com\/wp-content\/uploads\/2021\/09\/1-2-4-768x432.jpeg",640,360,true],"large":["http:\/\/tvalaire.com\/wp-content\/uploads\/2021\/09\/1-2-4-1024x576.jpeg",640,360,true],"post-slider-thumb-size":["http:\/\/tvalaire.com\/wp-content\/uploads\/2021\/09\/1-2-4-330x190.jpeg",330,190,true],"post-category-slider-size":["http:\/\/tvalaire.com\/wp-content\/uploads\/2021\/09\/1-2-4.jpeg",330,186,false],"1536x1536":["http:\/\/tvalaire.com\/wp-content\/uploads\/2021\/09\/1-2-4-1536x864.jpeg",1536,864,true],"2048x2048":["http:\/\/tvalaire.com\/wp-content\/uploads\/2021\/09\/1-2-4.jpeg",1600,900,false],"newsium-slider-full":["http:\/\/tvalaire.com\/wp-content\/uploads\/2021\/09\/1-2-4-1280x845.jpeg",1280,845,true],"newsium-featured":["http:\/\/tvalaire.com\/wp-content\/uploads\/2021\/09\/1-2-4-1024x576.jpeg",1024,576,true],"newsium-medium":["http:\/\/tvalaire.com\/wp-content\/uploads\/2021\/09\/1-2-4-720x475.jpeg",720,475,true]},"author_info":{"info":["tvalairenoti"]},"category_info":"<a href=\"http:\/\/tvalaire.com\/?cat=1\" rel=\"category\">La Piedad<\/a>","tag_info":"La Piedad","comment_count":"0","jetpack_featured_media_url":"http:\/\/tvalaire.com\/wp-content\/uploads\/2021\/09\/1-2-4.jpeg","_links":{"self":[{"href":"http:\/\/tvalaire.com\/index.php?rest_route=\/wp\/v2\/posts\/9668"}],"collection":[{"href":"http:\/\/tvalaire.com\/index.php?rest_route=\/wp\/v2\/posts"}],"about":[{"href":"http:\/\/tvalaire.com\/index.php?rest_route=\/wp\/v2\/types\/post"}],"author":[{"embeddable":true,"href":"http:\/\/tvalaire.com\/index.php?rest_route=\/wp\/v2\/users\/1"}],"replies":[{"embeddable":true,"href":"http:\/\/tvalaire.com\/index.php?rest_route=%2Fwp%2Fv2%2Fcomments&post=9668"}],"version-history":[{"count":1,"href":"http:\/\/tvalaire.com\/index.php?rest_route=\/wp\/v2\/posts\/9668\/revisions"}],"predecessor-version":[{"id":9674,"href":"http:\/\/tvalaire.com\/index.php?rest_route=\/wp\/v2\/posts\/9668\/revisions\/9674"}],"wp:featuredmedia":[{"embeddable":true,"href":"http:\/\/tvalaire.com\/index.php?rest_route=\/wp\/v2\/media\/9672"}],"wp:attachment":[{"href":"http:\/\/tvalaire.com\/index.php?rest_route=%2Fwp%2Fv2%2Fmedia&parent=9668"}],"wp:term":[{"taxonomy":"category","embeddable":true,"href":"http:\/\/tvalaire.com\/index.php?rest_route=%2Fwp%2Fv2%2Fcategories&post=9668"},{"taxonomy":"post_tag","embeddable":true,"href":"http:\/\/tvalaire.com\/index.php?rest_route=%2Fwp%2Fv2%2Ftags&post=9668"}],"curies":[{"name":"wp","href":"https:\/\/api.w.org\/{rel}","templated":true}]}}