{"id":9665,"date":"2021-08-27T11:04:00","date_gmt":"2021-08-27T16:04:00","guid":{"rendered":"http:\/\/tvalaire.com\/?p=9665"},"modified":"2021-09-01T11:09:02","modified_gmt":"2021-09-01T16:09:02","slug":"se-tiene-vacuna-para-centennials-que-realizaron-su-registro","status":"publish","type":"post","link":"http:\/\/tvalaire.com\/?p=9665","title":{"rendered":"SE TIENE VACUNA PARA CENTENNIALS QUE REALIZARON SU REGISTRO"},"content":{"rendered":"\n<p><\/p>\n\n\n\n<ul class=\"wp-block-list\"><li><strong>Pr\u00f3ximo lunes 30 inicia la jornada m\u00e9dica en la Unidad de Arriba<\/strong><\/li><li><strong>Deben presentar todos sus documentos completos<\/strong><\/li><\/ul>\n\n\n\n<p>Para todos los Centennials en edad de 18 a 29 a\u00f1os que no alcanzaron vacuna en las fechas programadas, el Gobierno Municipal en coordinaci\u00f3n con la Secretar\u00eda de Salud en el estado y la Jurisdicci\u00f3n Sanitaria No. 6 informan que la vacuna para el COVID-19 se estar\u00e1 aplicando a partir del pr\u00f3ximo lunes 30.<\/p>\n\n\n\n<p>La jornada de salud se llevar\u00e1 a cabo en las instalaciones de la Unidad Deportiva \u201cJ. Jes\u00fas Romero Flores\u201d, de la colonia Vasco de Quiroga a partir de las 08:00 de la ma\u00f1ana.<\/p>\n\n\n\n<p>Las autoridades de Salud se\u00f1alaron que para esta ocasi\u00f3n el biol\u00f3gico se aplicar\u00e1 exclusivamente para las personas que realizaron su registro previo en las instalaciones del DIF y la Presidencia municipal el pasado jueves 19 de este mes.<\/p>\n\n\n\n<p>Los j\u00f3venes deber\u00e1n presentar toda la documentaci\u00f3n completa como:<a>INE y\/o carta de Origen y Vecindad, comprobante de domicilio y CURP todos en copias. <\/a>As\u00ed como el formato del expediente de vacunaci\u00f3n que se obtiene del sitio oficial <a href=\"https:\/\/mivacuna.salud.gob.mx\/\">https:\/\/mivacuna.salud.gob.mx\/<\/a><\/p>\n\n\n\n<p>Para las personas de 30 a\u00f1os en adelante que realizaron su registro en Presidencia Municipal y el DIF, en d\u00edas pr\u00f3ximos se dar\u00e1n a conocer las fechas para que acudan por el biol\u00f3gico. Las autoridades piden permanezcan pendientes de la informaci\u00f3n en los espacios oficiales y medios de comunicaci\u00f3n.<\/p>\n","protected":false},"excerpt":{"rendered":"<p>Pr\u00f3ximo lunes 30 inicia la jornada m\u00e9dica en la Unidad de Arriba Deben presentar todos&#8230;<\/p>\n","protected":false},"author":1,"featured_media":9671,"comment_status":"open","ping_status":"open","sticky":false,"template":"","format":"standard","meta":{"jetpack_post_was_ever_published":false,"_jetpack_newsletter_access":"","_jetpack_dont_email_post_to_subs":false,"_jetpack_newsletter_tier_id":0,"_jetpack_memberships_contains_paywalled_content":false,"_jetpack_memberships_contains_paid_content":false,"footnotes":"","jetpack_publicize_message":"","jetpack_publicize_feature_enabled":true,"jetpack_social_post_already_shared":true,"jetpack_social_options":{"image_generator_settings":{"template":"highway","enabled":false},"version":2}},"categories":[1],"tags":[15],"class_list":["post-9665","post","type-post","status-publish","format-standard","has-post-thumbnail","hentry","category-la-piedad","tag-la-piedad"],"jetpack_publicize_connections":[],"jetpack_sharing_enabled":true,"featured_image_urls":{"full":["http:\/\/tvalaire.com\/wp-content\/uploads\/2021\/09\/22-scaled.jpg",2560,2560,false],"thumbnail":["http:\/\/tvalaire.com\/wp-content\/uploads\/2021\/09\/22-150x150.jpg",150,150,true],"medium":["http:\/\/tvalaire.com\/wp-content\/uploads\/2021\/09\/22-300x300.jpg",300,300,true],"medium_large":["http:\/\/tvalaire.com\/wp-content\/uploads\/2021\/09\/22-768x768.jpg",640,640,true],"large":["http:\/\/tvalaire.com\/wp-content\/uploads\/2021\/09\/22-1024x1024.jpg",640,640,true],"post-slider-thumb-size":["http:\/\/tvalaire.com\/wp-content\/uploads\/2021\/09\/22-330x190.jpg",330,190,true],"post-category-slider-size":["http:\/\/tvalaire.com\/wp-content\/uploads\/2021\/09\/22-scaled.jpg",330,330,false],"1536x1536":["http:\/\/tvalaire.com\/wp-content\/uploads\/2021\/09\/22-1536x1536.jpg",1536,1536,true],"2048x2048":["http:\/\/tvalaire.com\/wp-content\/uploads\/2021\/09\/22-2048x2048.jpg",2048,2048,true],"newsium-slider-full":["http:\/\/tvalaire.com\/wp-content\/uploads\/2021\/09\/22-1280x845.jpg",1280,845,true],"newsium-featured":["http:\/\/tvalaire.com\/wp-content\/uploads\/2021\/09\/22-1024x1024.jpg",1024,1024,true],"newsium-medium":["http:\/\/tvalaire.com\/wp-content\/uploads\/2021\/09\/22-720x475.jpg",720,475,true]},"author_info":{"info":["tvalairenoti"]},"category_info":"<a href=\"http:\/\/tvalaire.com\/?cat=1\" rel=\"category\">La Piedad<\/a>","tag_info":"La Piedad","comment_count":"0","jetpack_featured_media_url":"http:\/\/tvalaire.com\/wp-content\/uploads\/2021\/09\/22-scaled.jpg","_links":{"self":[{"href":"http:\/\/tvalaire.com\/index.php?rest_route=\/wp\/v2\/posts\/9665"}],"collection":[{"href":"http:\/\/tvalaire.com\/index.php?rest_route=\/wp\/v2\/posts"}],"about":[{"href":"http:\/\/tvalaire.com\/index.php?rest_route=\/wp\/v2\/types\/post"}],"author":[{"embeddable":true,"href":"http:\/\/tvalaire.com\/index.php?rest_route=\/wp\/v2\/users\/1"}],"replies":[{"embeddable":true,"href":"http:\/\/tvalaire.com\/index.php?rest_route=%2Fwp%2Fv2%2Fcomments&post=9665"}],"version-history":[{"count":1,"href":"http:\/\/tvalaire.com\/index.php?rest_route=\/wp\/v2\/posts\/9665\/revisions"}],"predecessor-version":[{"id":9673,"href":"http:\/\/tvalaire.com\/index.php?rest_route=\/wp\/v2\/posts\/9665\/revisions\/9673"}],"wp:featuredmedia":[{"embeddable":true,"href":"http:\/\/tvalaire.com\/index.php?rest_route=\/wp\/v2\/media\/9671"}],"wp:attachment":[{"href":"http:\/\/tvalaire.com\/index.php?rest_route=%2Fwp%2Fv2%2Fmedia&parent=9665"}],"wp:term":[{"taxonomy":"category","embeddable":true,"href":"http:\/\/tvalaire.com\/index.php?rest_route=%2Fwp%2Fv2%2Fcategories&post=9665"},{"taxonomy":"post_tag","embeddable":true,"href":"http:\/\/tvalaire.com\/index.php?rest_route=%2Fwp%2Fv2%2Ftags&post=9665"}],"curies":[{"name":"wp","href":"https:\/\/api.w.org\/{rel}","templated":true}]}}