{"id":9650,"date":"2021-08-25T10:54:00","date_gmt":"2021-08-25T15:54:00","guid":{"rendered":"http:\/\/tvalaire.com\/?p=9650"},"modified":"2021-09-01T11:03:03","modified_gmt":"2021-09-01T16:03:03","slug":"inicia-primera-etapa-de-construccion-del-espacio-emprendedor-en-la-piedad","status":"publish","type":"post","link":"http:\/\/tvalaire.com\/?p=9650","title":{"rendered":"INICIA PRIMERA ETAPA DE CONSTRUCCI\u00d3N DEL ESPACIO EMPRENDEDOR EN LA PIEDAD"},"content":{"rendered":"\n<p><\/p>\n\n\n\n<ul class=\"wp-block-list\"><li><strong>Resultado de las gestiones realizadas por el Gobierno Municipal<\/strong><\/li><li><strong>Espacio para asesorar y ofrecer herramientas a los emprendedores&nbsp;<\/strong><\/li><\/ul>\n\n\n\n<p>Autoridades estatales y municipales de manera simb\u00f3lica dieron inicio con los trabajos de la primera etapa de construcci\u00f3n del edificio que albergar\u00e1 en la ciudad las instalaciones del proyecto \u201cEspacio Emprendedor\u201d.<\/p>\n\n\n\n<p>En dichas acciones se invertir\u00e1 1 mill\u00f3n 99<a><\/a>8 mil pesos, a trav\u00e9s de la Secretar\u00eda de Comunicaciones y Obras P\u00fablicas (SCOP) en coordinaci\u00f3n con la Secretar\u00eda de Desarrollo Econ\u00f3micodel Gobierno del Estado,que llevar\u00e1n a cabo la obra que se desarrollar\u00e1 a un costado de la biblioteca \u201cJos\u00e9 Hern\u00e1ndez Moreno\u201d, en una superficie de 736 metros cuadrados.<\/p>\n\n\n\n<p>\u201cLos sue\u00f1os siempre se vuelven una realidad, sobre todo cuando se va tras de ellos hasta conseguirlos\u201d, as\u00ed lo coment\u00f3 nuestro alcalde Alex Espinoza en su intervenci\u00f3n.<\/p>\n\n\n\n<p>Ah\u00ed mismo, el Presidente dijo que se trata del resultado del trabajo de gesti\u00f3n, el cual fue una caracter\u00edstica de la administraci\u00f3n que dirige y en la cual siempre se trabaj\u00f3 en la presentaci\u00f3n de proyectos viables para el beneficio de la ciudadan\u00eda.<\/p>\n\n\n\n<p>Coment\u00f3 que esta obra como la del nuevo Centro de Salud y la rehabilitaci\u00f3n de un tramo del bulevar \u201cL\u00e1zaro C\u00e1rdenas\u201d, son acciones que buscan detonar a la ciudad y la regi\u00f3n.<\/p>\n\n\n\n<p>\u201cSin duda este espacio ser\u00e1 un punto del encuentro de ideas, en el que se conjuntar\u00e1 el talento de los profesionistas para que los negocios de los emprendedores locales y regionales puedan crecer y favorecer la econom\u00eda del municipio\u201d, dijo el Edil.<\/p>\n\n\n\n<p>El Secretario de Desarrollo Econ\u00f3mico, Ricardo Bernal Vargas, mencion\u00f3 que este proyecto con dos a\u00f1os de existencia se suma a la red de Espacios ubicados en Morelia, Zit\u00e1cuaro, Uruapan y ahora La Piedad, con el que espera los m\u00e1s de 8 mil 700 apoyos en el estado que han ofrecido, se sigan incrementando.<\/p>\n\n\n\n<p>Subray\u00f3 que se trata de ofrecer herramientas para que los sue\u00f1os de los emprendedores y los Mipymes se hagan realidad con la asesor\u00eda, acompa\u00f1amiento y capacitaci\u00f3n, logrando as\u00ed ofrecer m\u00e1s empleos en la localidad y la regi\u00f3n.&nbsp;<\/p>\n","protected":false},"excerpt":{"rendered":"<p>Resultado de las gestiones realizadas por el Gobierno Municipal Espacio para asesorar y ofrecer herramientas&#8230;<\/p>\n","protected":false},"author":1,"featured_media":9660,"comment_status":"open","ping_status":"open","sticky":false,"template":"","format":"standard","meta":{"jetpack_post_was_ever_published":false,"_jetpack_newsletter_access":"","_jetpack_dont_email_post_to_subs":false,"_jetpack_newsletter_tier_id":0,"_jetpack_memberships_contains_paywalled_content":false,"_jetpack_memberships_contains_paid_content":false,"footnotes":"","jetpack_publicize_message":"","jetpack_publicize_feature_enabled":true,"jetpack_social_post_already_shared":true,"jetpack_social_options":{"image_generator_settings":{"template":"highway","enabled":false},"version":2}},"categories":[1],"tags":[15],"class_list":["post-9650","post","type-post","status-publish","format-standard","has-post-thumbnail","hentry","category-la-piedad","tag-la-piedad"],"jetpack_publicize_connections":[],"jetpack_sharing_enabled":true,"featured_image_urls":{"full":["http:\/\/tvalaire.com\/wp-content\/uploads\/2021\/09\/1-1-5.jpeg",1600,900,false],"thumbnail":["http:\/\/tvalaire.com\/wp-content\/uploads\/2021\/09\/1-1-5-150x150.jpeg",150,150,true],"medium":["http:\/\/tvalaire.com\/wp-content\/uploads\/2021\/09\/1-1-5-300x169.jpeg",300,169,true],"medium_large":["http:\/\/tvalaire.com\/wp-content\/uploads\/2021\/09\/1-1-5-768x432.jpeg",640,360,true],"large":["http:\/\/tvalaire.com\/wp-content\/uploads\/2021\/09\/1-1-5-1024x576.jpeg",640,360,true],"post-slider-thumb-size":["http:\/\/tvalaire.com\/wp-content\/uploads\/2021\/09\/1-1-5-330x190.jpeg",330,190,true],"post-category-slider-size":["http:\/\/tvalaire.com\/wp-content\/uploads\/2021\/09\/1-1-5.jpeg",330,186,false],"1536x1536":["http:\/\/tvalaire.com\/wp-content\/uploads\/2021\/09\/1-1-5-1536x864.jpeg",1536,864,true],"2048x2048":["http:\/\/tvalaire.com\/wp-content\/uploads\/2021\/09\/1-1-5.jpeg",1600,900,false],"newsium-slider-full":["http:\/\/tvalaire.com\/wp-content\/uploads\/2021\/09\/1-1-5-1280x845.jpeg",1280,845,true],"newsium-featured":["http:\/\/tvalaire.com\/wp-content\/uploads\/2021\/09\/1-1-5-1024x576.jpeg",1024,576,true],"newsium-medium":["http:\/\/tvalaire.com\/wp-content\/uploads\/2021\/09\/1-1-5-720x475.jpeg",720,475,true]},"author_info":{"info":["tvalairenoti"]},"category_info":"<a href=\"http:\/\/tvalaire.com\/?cat=1\" rel=\"category\">La Piedad<\/a>","tag_info":"La Piedad","comment_count":"0","jetpack_featured_media_url":"http:\/\/tvalaire.com\/wp-content\/uploads\/2021\/09\/1-1-5.jpeg","_links":{"self":[{"href":"http:\/\/tvalaire.com\/index.php?rest_route=\/wp\/v2\/posts\/9650"}],"collection":[{"href":"http:\/\/tvalaire.com\/index.php?rest_route=\/wp\/v2\/posts"}],"about":[{"href":"http:\/\/tvalaire.com\/index.php?rest_route=\/wp\/v2\/types\/post"}],"author":[{"embeddable":true,"href":"http:\/\/tvalaire.com\/index.php?rest_route=\/wp\/v2\/users\/1"}],"replies":[{"embeddable":true,"href":"http:\/\/tvalaire.com\/index.php?rest_route=%2Fwp%2Fv2%2Fcomments&post=9650"}],"version-history":[{"count":1,"href":"http:\/\/tvalaire.com\/index.php?rest_route=\/wp\/v2\/posts\/9650\/revisions"}],"predecessor-version":[{"id":9661,"href":"http:\/\/tvalaire.com\/index.php?rest_route=\/wp\/v2\/posts\/9650\/revisions\/9661"}],"wp:featuredmedia":[{"embeddable":true,"href":"http:\/\/tvalaire.com\/index.php?rest_route=\/wp\/v2\/media\/9660"}],"wp:attachment":[{"href":"http:\/\/tvalaire.com\/index.php?rest_route=%2Fwp%2Fv2%2Fmedia&parent=9650"}],"wp:term":[{"taxonomy":"category","embeddable":true,"href":"http:\/\/tvalaire.com\/index.php?rest_route=%2Fwp%2Fv2%2Fcategories&post=9650"},{"taxonomy":"post_tag","embeddable":true,"href":"http:\/\/tvalaire.com\/index.php?rest_route=%2Fwp%2Fv2%2Ftags&post=9650"}],"curies":[{"name":"wp","href":"https:\/\/api.w.org\/{rel}","templated":true}]}}