{"id":9648,"date":"2021-08-20T10:54:00","date_gmt":"2021-08-20T15:54:00","guid":{"rendered":"http:\/\/tvalaire.com\/?p=9648"},"modified":"2021-09-01T10:58:53","modified_gmt":"2021-09-01T15:58:53","slug":"cancelan-eventos-masivos-durante-mes-patrio-en-la-piedad","status":"publish","type":"post","link":"http:\/\/tvalaire.com\/?p=9648","title":{"rendered":"CANCELAN EVENTOS MASIVOS DURANTE MES PATRIO EN LA PIEDAD"},"content":{"rendered":"\n<p><\/p>\n\n\n\n<ul class=\"wp-block-list\"><li><strong>Instruye Comit\u00e9 de Salud evitar posibles contagios por COVID-19<\/strong><\/li><li><strong>Grito de Independencia se realizar\u00e1 de forma virtual<\/strong><\/li><\/ul>\n\n\n\n<p>Con el objetivo de contrarrestar los casos positivos por COVID-19, el Comit\u00e9 Municipal de Salud instruy\u00f3 al Gobierno Municipal,actual y electo, evitar eventos masivos durante el mes patrio.<\/p>\n\n\n\n<p>El Comit\u00e9 de Fiestas Patrias ha decidido apegarse a los lineamientos establecidos por el Sector Salud, mismos que piden el programa dise\u00f1ado para este a\u00f1o quede suspendido, entre ellos la elecci\u00f3n de candidatas a Fiestas Patrias y el Desfile por el Aniversario del Inicio de la Independencia.<\/p>\n\n\n\n<p>Los \u00fanicos eventos que permanecer\u00e1n, ser\u00e1n todos los actos c\u00edvicos, mismos que se transmitir\u00e1n de manera virtual por medio de la p\u00e1gina oficial del Gobierno.<\/p>\n\n\n\n<p>De igual forma, los eventos de izamiento y arr\u00edo de L\u00e1baro Patrio se realizar\u00e1n de manera ordenada y evitando aglomeraciones.<\/p>\n\n\n\n<p>En cuanto al tradicional Grito de Independencia, este se realizar\u00e1 de manera virtual. Desde la p\u00e1gina oficial de Facebook del Gobierno Municipalse realizar\u00e1 la transmisi\u00f3n del mismo.<\/p>\n\n\n\n<p>Adem\u00e1s, se dise\u00f1ar\u00e1 un operativo especial para evitar que ciudadanos ingresen al primer cuadro de la ciudad, con objeto de congregarse en el Centro Hist\u00f3rico.<\/p>\n","protected":false},"excerpt":{"rendered":"<p>Instruye Comit\u00e9 de Salud evitar posibles contagios por COVID-19 Grito de Independencia se realizar\u00e1 de&#8230;<\/p>\n","protected":false},"author":1,"featured_media":9654,"comment_status":"open","ping_status":"open","sticky":false,"template":"","format":"standard","meta":{"jetpack_post_was_ever_published":false,"_jetpack_newsletter_access":"","_jetpack_dont_email_post_to_subs":false,"_jetpack_newsletter_tier_id":0,"_jetpack_memberships_contains_paywalled_content":false,"_jetpack_memberships_contains_paid_content":false,"footnotes":"","jetpack_publicize_message":"","jetpack_publicize_feature_enabled":true,"jetpack_social_post_already_shared":true,"jetpack_social_options":{"image_generator_settings":{"template":"highway","enabled":false},"version":2}},"categories":[1],"tags":[15],"class_list":["post-9648","post","type-post","status-publish","format-standard","has-post-thumbnail","hentry","category-la-piedad","tag-la-piedad"],"jetpack_publicize_connections":[],"jetpack_sharing_enabled":true,"featured_image_urls":{"full":["http:\/\/tvalaire.com\/wp-content\/uploads\/2021\/09\/SAVE_20210820_132032.jpeg",1034,1600,false],"thumbnail":["http:\/\/tvalaire.com\/wp-content\/uploads\/2021\/09\/SAVE_20210820_132032-150x150.jpeg",150,150,true],"medium":["http:\/\/tvalaire.com\/wp-content\/uploads\/2021\/09\/SAVE_20210820_132032-194x300.jpeg",194,300,true],"medium_large":["http:\/\/tvalaire.com\/wp-content\/uploads\/2021\/09\/SAVE_20210820_132032-768x1188.jpeg",640,990,true],"large":["http:\/\/tvalaire.com\/wp-content\/uploads\/2021\/09\/SAVE_20210820_132032-662x1024.jpeg",640,990,true],"post-slider-thumb-size":["http:\/\/tvalaire.com\/wp-content\/uploads\/2021\/09\/SAVE_20210820_132032-330x190.jpeg",330,190,true],"post-category-slider-size":["http:\/\/tvalaire.com\/wp-content\/uploads\/2021\/09\/SAVE_20210820_132032.jpeg",226,350,false],"1536x1536":["http:\/\/tvalaire.com\/wp-content\/uploads\/2021\/09\/SAVE_20210820_132032-993x1536.jpeg",993,1536,true],"2048x2048":["http:\/\/tvalaire.com\/wp-content\/uploads\/2021\/09\/SAVE_20210820_132032.jpeg",1034,1600,false],"newsium-slider-full":["http:\/\/tvalaire.com\/wp-content\/uploads\/2021\/09\/SAVE_20210820_132032-1034x845.jpeg",1034,845,true],"newsium-featured":["http:\/\/tvalaire.com\/wp-content\/uploads\/2021\/09\/SAVE_20210820_132032-1024x1585.jpeg",1024,1585,true],"newsium-medium":["http:\/\/tvalaire.com\/wp-content\/uploads\/2021\/09\/SAVE_20210820_132032-720x475.jpeg",720,475,true]},"author_info":{"info":["tvalairenoti"]},"category_info":"<a href=\"http:\/\/tvalaire.com\/?cat=1\" rel=\"category\">La Piedad<\/a>","tag_info":"La Piedad","comment_count":"0","jetpack_featured_media_url":"http:\/\/tvalaire.com\/wp-content\/uploads\/2021\/09\/SAVE_20210820_132032.jpeg","_links":{"self":[{"href":"http:\/\/tvalaire.com\/index.php?rest_route=\/wp\/v2\/posts\/9648"}],"collection":[{"href":"http:\/\/tvalaire.com\/index.php?rest_route=\/wp\/v2\/posts"}],"about":[{"href":"http:\/\/tvalaire.com\/index.php?rest_route=\/wp\/v2\/types\/post"}],"author":[{"embeddable":true,"href":"http:\/\/tvalaire.com\/index.php?rest_route=\/wp\/v2\/users\/1"}],"replies":[{"embeddable":true,"href":"http:\/\/tvalaire.com\/index.php?rest_route=%2Fwp%2Fv2%2Fcomments&post=9648"}],"version-history":[{"count":1,"href":"http:\/\/tvalaire.com\/index.php?rest_route=\/wp\/v2\/posts\/9648\/revisions"}],"predecessor-version":[{"id":9655,"href":"http:\/\/tvalaire.com\/index.php?rest_route=\/wp\/v2\/posts\/9648\/revisions\/9655"}],"wp:featuredmedia":[{"embeddable":true,"href":"http:\/\/tvalaire.com\/index.php?rest_route=\/wp\/v2\/media\/9654"}],"wp:attachment":[{"href":"http:\/\/tvalaire.com\/index.php?rest_route=%2Fwp%2Fv2%2Fmedia&parent=9648"}],"wp:term":[{"taxonomy":"category","embeddable":true,"href":"http:\/\/tvalaire.com\/index.php?rest_route=%2Fwp%2Fv2%2Fcategories&post=9648"},{"taxonomy":"post_tag","embeddable":true,"href":"http:\/\/tvalaire.com\/index.php?rest_route=%2Fwp%2Fv2%2Ftags&post=9648"}],"curies":[{"name":"wp","href":"https:\/\/api.w.org\/{rel}","templated":true}]}}