{"id":9638,"date":"2021-08-19T10:49:00","date_gmt":"2021-08-19T15:49:00","guid":{"rendered":"http:\/\/tvalaire.com\/?p=9638"},"modified":"2021-09-01T10:54:38","modified_gmt":"2021-09-01T15:54:38","slug":"presenta-gobierno-gaceta-del-consejo-de-la-cronica","status":"publish","type":"post","link":"http:\/\/tvalaire.com\/?p=9638","title":{"rendered":"PRESENTA GOBIERNO GACETA DEL CONSEJO DE LA CR\u00d3NICA"},"content":{"rendered":"\n<p><\/p>\n\n\n\n<ul class=\"wp-block-list\"><li><strong>Reconocen al autor del F\u00e9nix del Amor<\/strong><\/li><li><strong>Entregan la Gaceta a diferentes instituciones educativas<\/strong><\/li><\/ul>\n\n\n\n<p>El Gobierno Municipal a trav\u00e9s de la Direcci\u00f3n de Educaci\u00f3n y en colaboraci\u00f3n con el Colegio de Michoac\u00e1n (COLMICH) presentaron el libro: Gaceta del Consejo de la Cr\u00f3nica, el cual es un n\u00famero especial dedicado a uno de los cronistas piedadenses, el Padre Alberto Carrillo C\u00e1zares.<\/p>\n\n\n\n<p>El documento est\u00e1 lleno de textos que fueron revisados y seleccionados en su momento por el cronista titular del Consejo, Javier Ortiz Rojas, los cuales son p\u00e1rrafos que hablan de los usos, costumbres y hechos de la vida cotidiana de los piedadenses de hace ya 100 a\u00f1os.<\/p>\n\n\n\n<p>En su intervenci\u00f3n nuestro alcalde Alex Espinoza, asegur\u00f3 que las generaciones pr\u00f3ximas contar\u00e1n con una valiosa antolog\u00eda de recuerdos, que bien valen la pena conocer y conservar en la mente colectiva.&nbsp;<\/p>\n\n\n\n<p>Invitados del COLMICH mencionaron que la gaceta nace con la necesidad de presentar y recuperar todo aquello que tiene que ver con el patrimonio de la humanidad.<\/p>\n\n\n\n<p>Agregaron que el documento servir\u00e1 entonces para recrear la historia y ayudar as\u00ed a las nuevas generaciones a que conozcan el patrimonio, las costumbres, tradiciones y hechos relevantes de su lugar de origen<\/p>\n\n\n\n<p>Resaltaron que en las instalaciones del Colegio de Michoac\u00e1n se tiene un amplio acervo cultural dedicado a la historia del municipio y el cual si as\u00ed se desea por la poblaci\u00f3n se puede consultar.<\/p>\n\n\n\n<p>Cabe destacar que, en el patio central de la Escuela de Artes, donde se realiz\u00f3 la presentaci\u00f3n del documento, se hizo entrega de la Gaceta a los directores de diferentes instituciones educativas de la ciudad para que forme parte de su acervo cultural y puede ser consultada por docentes y alumnos.<a><\/a><\/p>\n","protected":false},"excerpt":{"rendered":"<p>Reconocen al autor del F\u00e9nix del Amor Entregan la Gaceta a diferentes instituciones educativas El&#8230;<\/p>\n","protected":false},"author":1,"featured_media":9645,"comment_status":"open","ping_status":"open","sticky":false,"template":"","format":"standard","meta":{"jetpack_post_was_ever_published":false,"_jetpack_newsletter_access":"","_jetpack_dont_email_post_to_subs":false,"_jetpack_newsletter_tier_id":0,"_jetpack_memberships_contains_paywalled_content":false,"_jetpack_memberships_contains_paid_content":false,"footnotes":"","jetpack_publicize_message":"","jetpack_publicize_feature_enabled":true,"jetpack_social_post_already_shared":true,"jetpack_social_options":{"image_generator_settings":{"template":"highway","enabled":false},"version":2}},"categories":[1],"tags":[15],"class_list":["post-9638","post","type-post","status-publish","format-standard","has-post-thumbnail","hentry","category-la-piedad","tag-la-piedad"],"jetpack_publicize_connections":[],"jetpack_sharing_enabled":true,"featured_image_urls":{"full":["http:\/\/tvalaire.com\/wp-content\/uploads\/2021\/09\/1-5-2.jpeg",1129,828,false],"thumbnail":["http:\/\/tvalaire.com\/wp-content\/uploads\/2021\/09\/1-5-2-150x150.jpeg",150,150,true],"medium":["http:\/\/tvalaire.com\/wp-content\/uploads\/2021\/09\/1-5-2-300x220.jpeg",300,220,true],"medium_large":["http:\/\/tvalaire.com\/wp-content\/uploads\/2021\/09\/1-5-2-768x563.jpeg",640,469,true],"large":["http:\/\/tvalaire.com\/wp-content\/uploads\/2021\/09\/1-5-2-1024x751.jpeg",640,469,true],"post-slider-thumb-size":["http:\/\/tvalaire.com\/wp-content\/uploads\/2021\/09\/1-5-2-330x190.jpeg",330,190,true],"post-category-slider-size":["http:\/\/tvalaire.com\/wp-content\/uploads\/2021\/09\/1-5-2.jpeg",330,242,false],"1536x1536":["http:\/\/tvalaire.com\/wp-content\/uploads\/2021\/09\/1-5-2.jpeg",1129,828,false],"2048x2048":["http:\/\/tvalaire.com\/wp-content\/uploads\/2021\/09\/1-5-2.jpeg",1129,828,false],"newsium-slider-full":["http:\/\/tvalaire.com\/wp-content\/uploads\/2021\/09\/1-5-2.jpeg",1129,828,false],"newsium-featured":["http:\/\/tvalaire.com\/wp-content\/uploads\/2021\/09\/1-5-2-1024x751.jpeg",1024,751,true],"newsium-medium":["http:\/\/tvalaire.com\/wp-content\/uploads\/2021\/09\/1-5-2-720x475.jpeg",720,475,true]},"author_info":{"info":["tvalairenoti"]},"category_info":"<a href=\"http:\/\/tvalaire.com\/?cat=1\" rel=\"category\">La Piedad<\/a>","tag_info":"La Piedad","comment_count":"0","jetpack_featured_media_url":"http:\/\/tvalaire.com\/wp-content\/uploads\/2021\/09\/1-5-2.jpeg","_links":{"self":[{"href":"http:\/\/tvalaire.com\/index.php?rest_route=\/wp\/v2\/posts\/9638"}],"collection":[{"href":"http:\/\/tvalaire.com\/index.php?rest_route=\/wp\/v2\/posts"}],"about":[{"href":"http:\/\/tvalaire.com\/index.php?rest_route=\/wp\/v2\/types\/post"}],"author":[{"embeddable":true,"href":"http:\/\/tvalaire.com\/index.php?rest_route=\/wp\/v2\/users\/1"}],"replies":[{"embeddable":true,"href":"http:\/\/tvalaire.com\/index.php?rest_route=%2Fwp%2Fv2%2Fcomments&post=9638"}],"version-history":[{"count":1,"href":"http:\/\/tvalaire.com\/index.php?rest_route=\/wp\/v2\/posts\/9638\/revisions"}],"predecessor-version":[{"id":9646,"href":"http:\/\/tvalaire.com\/index.php?rest_route=\/wp\/v2\/posts\/9638\/revisions\/9646"}],"wp:featuredmedia":[{"embeddable":true,"href":"http:\/\/tvalaire.com\/index.php?rest_route=\/wp\/v2\/media\/9645"}],"wp:attachment":[{"href":"http:\/\/tvalaire.com\/index.php?rest_route=%2Fwp%2Fv2%2Fmedia&parent=9638"}],"wp:term":[{"taxonomy":"category","embeddable":true,"href":"http:\/\/tvalaire.com\/index.php?rest_route=%2Fwp%2Fv2%2Fcategories&post=9638"},{"taxonomy":"post_tag","embeddable":true,"href":"http:\/\/tvalaire.com\/index.php?rest_route=%2Fwp%2Fv2%2Ftags&post=9638"}],"curies":[{"name":"wp","href":"https:\/\/api.w.org\/{rel}","templated":true}]}}