{"id":9637,"date":"2021-08-19T10:49:00","date_gmt":"2021-08-19T15:49:00","guid":{"rendered":"http:\/\/tvalaire.com\/?p=9637"},"modified":"2021-09-01T10:53:25","modified_gmt":"2021-09-01T15:53:25","slug":"entregan-nuevas-vialidades-en-la-santa-fe-y-en-zaragoza","status":"publish","type":"post","link":"http:\/\/tvalaire.com\/?p=9637","title":{"rendered":"ENTREGAN NUEVAS VIALIDADES EN LA SANTA FE Y EN ZARAGOZA"},"content":{"rendered":"\n<p><\/p>\n\n\n\n<ul class=\"wp-block-list\"><li><strong>Vecinos beneficiados agradecen los trabajos de la administraci\u00f3n<\/strong><\/li><li><strong>Muchos trabajos son gracias a la participaci\u00f3n de la poblaci\u00f3n<\/strong><\/li><\/ul>\n\n\n\n<p>En el municipio se siguen inaugurando obras de mejoramiento de infraestructura vial en la zona urbana y rural, compromisos cumplidos por nuestro presidente Alex Espinoza, con el objetivo principal de brindar a la poblaci\u00f3n piedadense calles m\u00e1s dignas para vivir mejor.<\/p>\n\n\n\n<p>Muestra de las acciones se pueden ver en la colonia Santa Fe, donde se entreg\u00f3 de manera oficial a sus vecinos la conclusi\u00f3n de la calle San Esteban, misma que gracias a la colaboraci\u00f3n del Gobierno del Estado, la vialidad forma parte de un paquete de calles como Pedro Moreno, Eduardo Villase\u00f1or, Francisco J. M\u00fajica, Prolongaci\u00f3n Arroyo Hondo y Orqu\u00eddeas.<\/p>\n\n\n\n<p>Para todas estas vialidades en las que ya se trabaja y se tienen avances considerables en su rehabilitaci\u00f3n, los trabajos de gesti\u00f3n de parte de nuestro Alcalde, obtuvieron resultados favores obteniendo recursos de 23 millones de pesos, a fin de ofrecer una mejor calidad de vida a los ciudadanos.<\/p>\n\n\n\n<p>En este mismo sentido se visit\u00f3 la comunidad de Zaragoza donde nuestro Edil tambi\u00e9n entreg\u00f3 la obra concluida de una calle de esa poblaci\u00f3n<a><\/a>.<\/p>\n\n\n\n<p>\u201cEn muchas acciones que llevamos a cabo en comunidades y en la ciudad, se pueden desarrollar gracias a la confianza de los ciudadanos, que suman esfuerzos con el Gobierno a fin de poder tener un mejor municipio para todos\u201d, coment\u00f3 el Alcalde.&nbsp;<\/p>\n\n\n\n<p>En la comunidad como en la colonia Santa Fe, los vecinos se mostraros agradecidos con los trabajos realizados por parte de la administraci\u00f3n y a quienes reconocieron el inter\u00e9s de ofrecer a la poblaci\u00f3n mejores calles.<\/p>\n","protected":false},"excerpt":{"rendered":"<p>Vecinos beneficiados agradecen los trabajos de la administraci\u00f3n Muchos trabajos son gracias a la participaci\u00f3n&#8230;<\/p>\n","protected":false},"author":1,"featured_media":9643,"comment_status":"open","ping_status":"open","sticky":false,"template":"","format":"standard","meta":{"jetpack_post_was_ever_published":false,"_jetpack_newsletter_access":"","_jetpack_dont_email_post_to_subs":false,"_jetpack_newsletter_tier_id":0,"_jetpack_memberships_contains_paywalled_content":false,"_jetpack_memberships_contains_paid_content":false,"footnotes":"","jetpack_publicize_message":"","jetpack_publicize_feature_enabled":true,"jetpack_social_post_already_shared":true,"jetpack_social_options":{"image_generator_settings":{"template":"highway","enabled":false},"version":2}},"categories":[1],"tags":[15],"class_list":["post-9637","post","type-post","status-publish","format-standard","has-post-thumbnail","hentry","category-la-piedad","tag-la-piedad"],"jetpack_publicize_connections":[],"jetpack_sharing_enabled":true,"featured_image_urls":{"full":["http:\/\/tvalaire.com\/wp-content\/uploads\/2021\/09\/1-4-2.jpeg",1280,853,false],"thumbnail":["http:\/\/tvalaire.com\/wp-content\/uploads\/2021\/09\/1-4-2-150x150.jpeg",150,150,true],"medium":["http:\/\/tvalaire.com\/wp-content\/uploads\/2021\/09\/1-4-2-300x200.jpeg",300,200,true],"medium_large":["http:\/\/tvalaire.com\/wp-content\/uploads\/2021\/09\/1-4-2-768x512.jpeg",640,427,true],"large":["http:\/\/tvalaire.com\/wp-content\/uploads\/2021\/09\/1-4-2-1024x682.jpeg",640,426,true],"post-slider-thumb-size":["http:\/\/tvalaire.com\/wp-content\/uploads\/2021\/09\/1-4-2-330x190.jpeg",330,190,true],"post-category-slider-size":["http:\/\/tvalaire.com\/wp-content\/uploads\/2021\/09\/1-4-2.jpeg",330,220,false],"1536x1536":["http:\/\/tvalaire.com\/wp-content\/uploads\/2021\/09\/1-4-2.jpeg",1280,853,false],"2048x2048":["http:\/\/tvalaire.com\/wp-content\/uploads\/2021\/09\/1-4-2.jpeg",1280,853,false],"newsium-slider-full":["http:\/\/tvalaire.com\/wp-content\/uploads\/2021\/09\/1-4-2-1280x845.jpeg",1280,845,true],"newsium-featured":["http:\/\/tvalaire.com\/wp-content\/uploads\/2021\/09\/1-4-2-1024x682.jpeg",1024,682,true],"newsium-medium":["http:\/\/tvalaire.com\/wp-content\/uploads\/2021\/09\/1-4-2-720x475.jpeg",720,475,true]},"author_info":{"info":["tvalairenoti"]},"category_info":"<a href=\"http:\/\/tvalaire.com\/?cat=1\" rel=\"category\">La Piedad<\/a>","tag_info":"La Piedad","comment_count":"0","jetpack_featured_media_url":"http:\/\/tvalaire.com\/wp-content\/uploads\/2021\/09\/1-4-2.jpeg","_links":{"self":[{"href":"http:\/\/tvalaire.com\/index.php?rest_route=\/wp\/v2\/posts\/9637"}],"collection":[{"href":"http:\/\/tvalaire.com\/index.php?rest_route=\/wp\/v2\/posts"}],"about":[{"href":"http:\/\/tvalaire.com\/index.php?rest_route=\/wp\/v2\/types\/post"}],"author":[{"embeddable":true,"href":"http:\/\/tvalaire.com\/index.php?rest_route=\/wp\/v2\/users\/1"}],"replies":[{"embeddable":true,"href":"http:\/\/tvalaire.com\/index.php?rest_route=%2Fwp%2Fv2%2Fcomments&post=9637"}],"version-history":[{"count":1,"href":"http:\/\/tvalaire.com\/index.php?rest_route=\/wp\/v2\/posts\/9637\/revisions"}],"predecessor-version":[{"id":9644,"href":"http:\/\/tvalaire.com\/index.php?rest_route=\/wp\/v2\/posts\/9637\/revisions\/9644"}],"wp:featuredmedia":[{"embeddable":true,"href":"http:\/\/tvalaire.com\/index.php?rest_route=\/wp\/v2\/media\/9643"}],"wp:attachment":[{"href":"http:\/\/tvalaire.com\/index.php?rest_route=%2Fwp%2Fv2%2Fmedia&parent=9637"}],"wp:term":[{"taxonomy":"category","embeddable":true,"href":"http:\/\/tvalaire.com\/index.php?rest_route=%2Fwp%2Fv2%2Fcategories&post=9637"},{"taxonomy":"post_tag","embeddable":true,"href":"http:\/\/tvalaire.com\/index.php?rest_route=%2Fwp%2Fv2%2Ftags&post=9637"}],"curies":[{"name":"wp","href":"https:\/\/api.w.org\/{rel}","templated":true}]}}