{"id":9636,"date":"2021-08-18T10:49:00","date_gmt":"2021-08-18T15:49:00","guid":{"rendered":"http:\/\/tvalaire.com\/?p=9636"},"modified":"2021-09-01T10:51:51","modified_gmt":"2021-09-01T15:51:51","slug":"suspenden-jornada-de-vacunacion-para-personas-rezagadas","status":"publish","type":"post","link":"http:\/\/tvalaire.com\/?p=9636","title":{"rendered":"SUSPENDEN JORNADA DE VACUNACI\u00d3N PARA PERSONAS REZAGADAS"},"content":{"rendered":"\n<p><\/p>\n\n\n\n<ul class=\"wp-block-list\"><li><strong>Los biol\u00f3gicos fueron agotados por personas de 18 a 29 a\u00f1os<\/strong><\/li><li><strong>Ma\u00f1ana jueves 19 \u00fanico d\u00eda para realizar el registro<\/strong><\/li><\/ul>\n\n\n\n<p>La Secretar\u00eda de Salud en el Estado, a trav\u00e9s de la Jurisdicci\u00f3n Sanitaria No. 6 y en colaboraci\u00f3n con el Gobierno Municipal, informan que el biol\u00f3gico entregado para la vacunaci\u00f3n fue agotado por las personas de entre 18 y 29 a\u00f1os.<\/p>\n\n\n\n<p>Con ello, queda suspendida la jorna de vacunaci\u00f3n que se ten\u00eda programada para el d\u00eda jueves, en donde se contemplaba vacunar a las personas rezagadas de entre 30 a\u00f1os en adelante, que buscaban ponerse su primera dosis.<\/p>\n\n\n\n<p>El jefe de la Jurisdicci\u00f3n Sanitaria n\u00famero 6, Luis Alberto Arriaga Belman, asegur\u00f3 hubo una buena respuesta de los j\u00f3venes y adolescentes, mismos que se consumieron 14 mil 218 dosis.<\/p>\n\n\n\n<p>Debido a esta situaci\u00f3n se invita a la poblaci\u00f3n rezagada y aquellos j\u00f3venes de 18 a 29 a\u00f1os, que no alcanzaron vacuna, para que el jueves 19 <a><\/a>a partir de las 09:00 de la ma\u00f1ana y hasta las 3:00 de la tarde <strong>como \u00fanico d\u00eda<\/strong> para que acudan a la oficina de Presidencia y las instalaciones del DIF Municipal para que realicen su registro y as\u00ed tener un padr\u00f3n para solicitar nuevo biol\u00f3gico para este sector.<\/p>\n\n\n\n<p>De acuerdo con las autoridades de salud en el municipio comentaron que para esta ocasi\u00f3n quedar\u00e1 a reserva el nombre de la marca con la que dicho sector de la poblaci\u00f3n podr\u00e1 ser inoculados.<\/p>\n\n\n\n<p>En cuanto a la segunda dosis para las personas de entre 30 a 39 a\u00f1os, esta se realizar\u00e1 la pr\u00f3xima semana y se informar\u00e1 en a trav\u00e9s de las cuentas oficiales y en los medios de comunicaci\u00f3n con m\u00e1s detalle.<\/p>\n","protected":false},"excerpt":{"rendered":"<p>Los biol\u00f3gicos fueron agotados por personas de 18 a 29 a\u00f1os Ma\u00f1ana jueves 19 \u00fanico&#8230;<\/p>\n","protected":false},"author":1,"featured_media":9641,"comment_status":"open","ping_status":"open","sticky":false,"template":"","format":"standard","meta":{"jetpack_post_was_ever_published":false,"_jetpack_newsletter_access":"","_jetpack_dont_email_post_to_subs":false,"_jetpack_newsletter_tier_id":0,"_jetpack_memberships_contains_paywalled_content":false,"_jetpack_memberships_contains_paid_content":false,"footnotes":"","jetpack_publicize_message":"","jetpack_publicize_feature_enabled":true,"jetpack_social_post_already_shared":true,"jetpack_social_options":{"image_generator_settings":{"template":"highway","enabled":false},"version":2}},"categories":[1],"tags":[15],"class_list":["post-9636","post","type-post","status-publish","format-standard","has-post-thumbnail","hentry","category-la-piedad","tag-la-piedad"],"jetpack_publicize_connections":[],"jetpack_sharing_enabled":true,"featured_image_urls":{"full":["http:\/\/tvalaire.com\/wp-content\/uploads\/2021\/09\/1-2-3.jpeg",1280,853,false],"thumbnail":["http:\/\/tvalaire.com\/wp-content\/uploads\/2021\/09\/1-2-3-150x150.jpeg",150,150,true],"medium":["http:\/\/tvalaire.com\/wp-content\/uploads\/2021\/09\/1-2-3-300x200.jpeg",300,200,true],"medium_large":["http:\/\/tvalaire.com\/wp-content\/uploads\/2021\/09\/1-2-3-768x512.jpeg",640,427,true],"large":["http:\/\/tvalaire.com\/wp-content\/uploads\/2021\/09\/1-2-3-1024x682.jpeg",640,426,true],"post-slider-thumb-size":["http:\/\/tvalaire.com\/wp-content\/uploads\/2021\/09\/1-2-3-330x190.jpeg",330,190,true],"post-category-slider-size":["http:\/\/tvalaire.com\/wp-content\/uploads\/2021\/09\/1-2-3.jpeg",330,220,false],"1536x1536":["http:\/\/tvalaire.com\/wp-content\/uploads\/2021\/09\/1-2-3.jpeg",1280,853,false],"2048x2048":["http:\/\/tvalaire.com\/wp-content\/uploads\/2021\/09\/1-2-3.jpeg",1280,853,false],"newsium-slider-full":["http:\/\/tvalaire.com\/wp-content\/uploads\/2021\/09\/1-2-3-1280x845.jpeg",1280,845,true],"newsium-featured":["http:\/\/tvalaire.com\/wp-content\/uploads\/2021\/09\/1-2-3-1024x682.jpeg",1024,682,true],"newsium-medium":["http:\/\/tvalaire.com\/wp-content\/uploads\/2021\/09\/1-2-3-720x475.jpeg",720,475,true]},"author_info":{"info":["tvalairenoti"]},"category_info":"<a href=\"http:\/\/tvalaire.com\/?cat=1\" rel=\"category\">La Piedad<\/a>","tag_info":"La Piedad","comment_count":"0","jetpack_featured_media_url":"http:\/\/tvalaire.com\/wp-content\/uploads\/2021\/09\/1-2-3.jpeg","_links":{"self":[{"href":"http:\/\/tvalaire.com\/index.php?rest_route=\/wp\/v2\/posts\/9636"}],"collection":[{"href":"http:\/\/tvalaire.com\/index.php?rest_route=\/wp\/v2\/posts"}],"about":[{"href":"http:\/\/tvalaire.com\/index.php?rest_route=\/wp\/v2\/types\/post"}],"author":[{"embeddable":true,"href":"http:\/\/tvalaire.com\/index.php?rest_route=\/wp\/v2\/users\/1"}],"replies":[{"embeddable":true,"href":"http:\/\/tvalaire.com\/index.php?rest_route=%2Fwp%2Fv2%2Fcomments&post=9636"}],"version-history":[{"count":1,"href":"http:\/\/tvalaire.com\/index.php?rest_route=\/wp\/v2\/posts\/9636\/revisions"}],"predecessor-version":[{"id":9642,"href":"http:\/\/tvalaire.com\/index.php?rest_route=\/wp\/v2\/posts\/9636\/revisions\/9642"}],"wp:featuredmedia":[{"embeddable":true,"href":"http:\/\/tvalaire.com\/index.php?rest_route=\/wp\/v2\/media\/9641"}],"wp:attachment":[{"href":"http:\/\/tvalaire.com\/index.php?rest_route=%2Fwp%2Fv2%2Fmedia&parent=9636"}],"wp:term":[{"taxonomy":"category","embeddable":true,"href":"http:\/\/tvalaire.com\/index.php?rest_route=%2Fwp%2Fv2%2Fcategories&post=9636"},{"taxonomy":"post_tag","embeddable":true,"href":"http:\/\/tvalaire.com\/index.php?rest_route=%2Fwp%2Fv2%2Ftags&post=9636"}],"curies":[{"name":"wp","href":"https:\/\/api.w.org\/{rel}","templated":true}]}}