{"id":9628,"date":"2021-08-16T10:47:00","date_gmt":"2021-08-16T15:47:00","guid":{"rendered":"http:\/\/tvalaire.com\/?p=9628"},"modified":"2021-09-01T10:48:30","modified_gmt":"2021-09-01T15:48:30","slug":"se-favorece-la-educacion-con-mejores-espacios","status":"publish","type":"post","link":"http:\/\/tvalaire.com\/?p=9628","title":{"rendered":"SE FAVORECE LA EDUCACI\u00d3N CON MEJORES ESPACIOS"},"content":{"rendered":"\n<p><\/p>\n\n\n\n<ul class=\"wp-block-list\"><li><strong>Rehabilitan piso de aulas y el andador de la instituci\u00f3n<\/strong><\/li><li><strong>Entrega Edil material para pintar el espacio acad\u00e9mico<\/strong><\/li><\/ul>\n\n\n\n<p>Durante esta administraci\u00f3n uno de los temas en los que se trabaj\u00f3 de manera continua en favor de los ni\u00f1os y j\u00f3venes del municipio, fue la educaci\u00f3n, colaborar para mejorar la infraestructura de instituciones fue la meta y hoy ese objetivo se refrenda con la entrega de material para la Primaria \u201cJos\u00e9 Mar\u00eda Cavadas\u201d.<\/p>\n\n\n\n<p>En el patio de dicho inmueble estuvo nuestro presidente Alex Espinoza, en compa\u00f1\u00eda de autoridades educativas, profesores y padres de familia a quienes les reiter\u00f3 el compromiso de la actual administraci\u00f3n en este sector.<\/p>\n\n\n\n<p>Ah\u00ed nuestro Alcalde entreg\u00f3 100 litros de pintura para que aulas y otros espacios sean rehabilitados. De acuerdo con los directivos de ambos turnos se coordinar\u00e1n con padres de familia para realizar la actividad correspondiente.<\/p>\n\n\n\n<p>A parte del material entregado para pintar, la administraci\u00f3n realiz\u00f3 la rehabilitaci\u00f3n del piso en aulas y el andador.<\/p>\n\n\n\n<p>\u201cQueremos que nuestros ni\u00f1os est\u00e9n un lugar m\u00e1s digno para recibir la instrucci\u00f3n acad\u00e9mica e hicimos lo posible para que as\u00ed fuera para cuando puedan regresar a su escuela\u201d, dijo el primer edil.<\/p>\n\n\n\n<p>Aunado a estas acciones, en los ba\u00f1os de este espacio tambi\u00e9n se instalaron lavamos y se repararon otros detalles en los sanitarios<a><\/a> de ni\u00f1as y ni\u00f1os.<\/p>\n\n\n\n<p>Cabe destacar que la administraci\u00f3n favorece con un est\u00edmulo econ\u00f3mico a m\u00e1s de 60 ni\u00f1os y ni\u00f1as de los dos turnos de la instituci\u00f3n a trav\u00e9s del programa de Becas Municipales.<\/p>\n","protected":false},"excerpt":{"rendered":"<p>Rehabilitan piso de aulas y el andador de la instituci\u00f3n Entrega Edil material para pintar&#8230;<\/p>\n","protected":false},"author":1,"featured_media":9633,"comment_status":"open","ping_status":"open","sticky":false,"template":"","format":"standard","meta":{"jetpack_post_was_ever_published":false,"_jetpack_newsletter_access":"","_jetpack_dont_email_post_to_subs":false,"_jetpack_newsletter_tier_id":0,"_jetpack_memberships_contains_paywalled_content":false,"_jetpack_memberships_contains_paid_content":false,"footnotes":"","jetpack_publicize_message":"","jetpack_publicize_feature_enabled":true,"jetpack_social_post_already_shared":true,"jetpack_social_options":{"image_generator_settings":{"template":"highway","enabled":false},"version":2}},"categories":[1],"tags":[15],"class_list":["post-9628","post","type-post","status-publish","format-standard","has-post-thumbnail","hentry","category-la-piedad","tag-la-piedad"],"jetpack_publicize_connections":[],"jetpack_sharing_enabled":true,"featured_image_urls":{"full":["http:\/\/tvalaire.com\/wp-content\/uploads\/2021\/09\/1-4-1.jpeg",1280,720,false],"thumbnail":["http:\/\/tvalaire.com\/wp-content\/uploads\/2021\/09\/1-4-1-150x150.jpeg",150,150,true],"medium":["http:\/\/tvalaire.com\/wp-content\/uploads\/2021\/09\/1-4-1-300x169.jpeg",300,169,true],"medium_large":["http:\/\/tvalaire.com\/wp-content\/uploads\/2021\/09\/1-4-1-768x432.jpeg",640,360,true],"large":["http:\/\/tvalaire.com\/wp-content\/uploads\/2021\/09\/1-4-1-1024x576.jpeg",640,360,true],"post-slider-thumb-size":["http:\/\/tvalaire.com\/wp-content\/uploads\/2021\/09\/1-4-1-330x190.jpeg",330,190,true],"post-category-slider-size":["http:\/\/tvalaire.com\/wp-content\/uploads\/2021\/09\/1-4-1.jpeg",330,186,false],"1536x1536":["http:\/\/tvalaire.com\/wp-content\/uploads\/2021\/09\/1-4-1.jpeg",1280,720,false],"2048x2048":["http:\/\/tvalaire.com\/wp-content\/uploads\/2021\/09\/1-4-1.jpeg",1280,720,false],"newsium-slider-full":["http:\/\/tvalaire.com\/wp-content\/uploads\/2021\/09\/1-4-1.jpeg",1280,720,false],"newsium-featured":["http:\/\/tvalaire.com\/wp-content\/uploads\/2021\/09\/1-4-1-1024x576.jpeg",1024,576,true],"newsium-medium":["http:\/\/tvalaire.com\/wp-content\/uploads\/2021\/09\/1-4-1-720x475.jpeg",720,475,true]},"author_info":{"info":["tvalairenoti"]},"category_info":"<a href=\"http:\/\/tvalaire.com\/?cat=1\" rel=\"category\">La Piedad<\/a>","tag_info":"La Piedad","comment_count":"0","jetpack_featured_media_url":"http:\/\/tvalaire.com\/wp-content\/uploads\/2021\/09\/1-4-1.jpeg","_links":{"self":[{"href":"http:\/\/tvalaire.com\/index.php?rest_route=\/wp\/v2\/posts\/9628"}],"collection":[{"href":"http:\/\/tvalaire.com\/index.php?rest_route=\/wp\/v2\/posts"}],"about":[{"href":"http:\/\/tvalaire.com\/index.php?rest_route=\/wp\/v2\/types\/post"}],"author":[{"embeddable":true,"href":"http:\/\/tvalaire.com\/index.php?rest_route=\/wp\/v2\/users\/1"}],"replies":[{"embeddable":true,"href":"http:\/\/tvalaire.com\/index.php?rest_route=%2Fwp%2Fv2%2Fcomments&post=9628"}],"version-history":[{"count":1,"href":"http:\/\/tvalaire.com\/index.php?rest_route=\/wp\/v2\/posts\/9628\/revisions"}],"predecessor-version":[{"id":9634,"href":"http:\/\/tvalaire.com\/index.php?rest_route=\/wp\/v2\/posts\/9628\/revisions\/9634"}],"wp:featuredmedia":[{"embeddable":true,"href":"http:\/\/tvalaire.com\/index.php?rest_route=\/wp\/v2\/media\/9633"}],"wp:attachment":[{"href":"http:\/\/tvalaire.com\/index.php?rest_route=%2Fwp%2Fv2%2Fmedia&parent=9628"}],"wp:term":[{"taxonomy":"category","embeddable":true,"href":"http:\/\/tvalaire.com\/index.php?rest_route=%2Fwp%2Fv2%2Fcategories&post=9628"},{"taxonomy":"post_tag","embeddable":true,"href":"http:\/\/tvalaire.com\/index.php?rest_route=%2Fwp%2Fv2%2Ftags&post=9628"}],"curies":[{"name":"wp","href":"https:\/\/api.w.org\/{rel}","templated":true}]}}