{"id":9612,"date":"2021-08-10T10:30:00","date_gmt":"2021-08-10T15:30:00","guid":{"rendered":"http:\/\/tvalaire.com\/?p=9612"},"modified":"2021-09-01T10:33:05","modified_gmt":"2021-09-01T15:33:05","slug":"vialidades-dignas-en-la-colonia-santa-fe","status":"publish","type":"post","link":"http:\/\/tvalaire.com\/?p=9612","title":{"rendered":"VIALIDADES DIGNAS EN LA COLONIA SANTA FE"},"content":{"rendered":"\n<p><\/p>\n\n\n\n<ul class=\"wp-block-list\"><li><strong>Dos nuevas calles mejoradas en esta zona de la ciudad<\/strong><\/li><li><strong>Contin\u00faan trabajos de mejoramiento en varios puntos del municipio<\/strong><\/li><\/ul>\n\n\n\n<p>Los trabajos de mejoramiento vial contin\u00faan en varios puntos de la ciudad y en este sentido en la colonia Santa Fe, nuestro alcalde Alex Espinoza, acompa\u00f1ado de los vecinos beneficiados inaugur\u00f3 las vialidades San Jos\u00e9 y San Ignacio que han sido rehabilitadas.<\/p>\n\n\n\n<p>En cada una de las calles en las que estuvo el Primer Edil, reiter\u00f3 el compromiso que se tuvo durante la administraci\u00f3n para trabajar en la gesti\u00f3n de recursos y as\u00ed destinarlos a mejorar la infraestructura urbana de varios puntos de la ciudad, logrando as\u00ed que los vecinos vivan mejor.<\/p>\n\n\n\n<p>M\u00e1s de 925 metros cuadrados se mejoraron con pavimento hidr\u00e1ulico en la calle San Jos\u00e9, en la cual se destinaron recursos superiores a los 1.3 millones de pesos, a trav\u00e9s del fondo III.<\/p>\n\n\n\n<p>Hoy, habitantes de la colonia Santa Fe tienen dos nuevas vialidades rehabilitadas, las cuales servir\u00e1n para reducir los tiempos de traslado de los vecinos, as\u00ed como de la poblaci\u00f3n en general que por ah\u00ed transite.<\/p>\n\n\n\n<p>En relaci\u00f3n a la calle San Ignacio, \u00e9sta forma parte de un paquete de obras viales tales como Pedro Moreno, Prolongaci\u00f3n Arroyo Hondo, Eduardo Villase\u00f1or, Orqu\u00eddeas, San Esteban y Francisco J. M\u00fajica, las cuales representan una inversi\u00f3n de 23 millones de pesos.<\/p>\n","protected":false},"excerpt":{"rendered":"<p>Dos nuevas calles mejoradas en esta zona de la ciudad Contin\u00faan trabajos de mejoramiento en&#8230;<\/p>\n","protected":false},"author":1,"featured_media":9613,"comment_status":"open","ping_status":"open","sticky":false,"template":"","format":"standard","meta":{"jetpack_post_was_ever_published":false,"_jetpack_newsletter_access":"","_jetpack_dont_email_post_to_subs":false,"_jetpack_newsletter_tier_id":0,"_jetpack_memberships_contains_paywalled_content":false,"_jetpack_memberships_contains_paid_content":false,"footnotes":"","jetpack_publicize_message":"","jetpack_publicize_feature_enabled":true,"jetpack_social_post_already_shared":true,"jetpack_social_options":{"image_generator_settings":{"template":"highway","enabled":false},"version":2}},"categories":[1],"tags":[15],"class_list":["post-9612","post","type-post","status-publish","format-standard","has-post-thumbnail","hentry","category-la-piedad","tag-la-piedad"],"jetpack_publicize_connections":[],"jetpack_sharing_enabled":true,"featured_image_urls":{"full":["http:\/\/tvalaire.com\/wp-content\/uploads\/2021\/09\/1-5-1.jpeg",1600,900,false],"thumbnail":["http:\/\/tvalaire.com\/wp-content\/uploads\/2021\/09\/1-5-1-150x150.jpeg",150,150,true],"medium":["http:\/\/tvalaire.com\/wp-content\/uploads\/2021\/09\/1-5-1-300x169.jpeg",300,169,true],"medium_large":["http:\/\/tvalaire.com\/wp-content\/uploads\/2021\/09\/1-5-1-768x432.jpeg",640,360,true],"large":["http:\/\/tvalaire.com\/wp-content\/uploads\/2021\/09\/1-5-1-1024x576.jpeg",640,360,true],"post-slider-thumb-size":["http:\/\/tvalaire.com\/wp-content\/uploads\/2021\/09\/1-5-1-330x190.jpeg",330,190,true],"post-category-slider-size":["http:\/\/tvalaire.com\/wp-content\/uploads\/2021\/09\/1-5-1.jpeg",330,186,false],"1536x1536":["http:\/\/tvalaire.com\/wp-content\/uploads\/2021\/09\/1-5-1-1536x864.jpeg",1536,864,true],"2048x2048":["http:\/\/tvalaire.com\/wp-content\/uploads\/2021\/09\/1-5-1.jpeg",1600,900,false],"newsium-slider-full":["http:\/\/tvalaire.com\/wp-content\/uploads\/2021\/09\/1-5-1-1280x845.jpeg",1280,845,true],"newsium-featured":["http:\/\/tvalaire.com\/wp-content\/uploads\/2021\/09\/1-5-1-1024x576.jpeg",1024,576,true],"newsium-medium":["http:\/\/tvalaire.com\/wp-content\/uploads\/2021\/09\/1-5-1-720x475.jpeg",720,475,true]},"author_info":{"info":["tvalairenoti"]},"category_info":"<a href=\"http:\/\/tvalaire.com\/?cat=1\" rel=\"category\">La Piedad<\/a>","tag_info":"La Piedad","comment_count":"0","jetpack_featured_media_url":"http:\/\/tvalaire.com\/wp-content\/uploads\/2021\/09\/1-5-1.jpeg","_links":{"self":[{"href":"http:\/\/tvalaire.com\/index.php?rest_route=\/wp\/v2\/posts\/9612"}],"collection":[{"href":"http:\/\/tvalaire.com\/index.php?rest_route=\/wp\/v2\/posts"}],"about":[{"href":"http:\/\/tvalaire.com\/index.php?rest_route=\/wp\/v2\/types\/post"}],"author":[{"embeddable":true,"href":"http:\/\/tvalaire.com\/index.php?rest_route=\/wp\/v2\/users\/1"}],"replies":[{"embeddable":true,"href":"http:\/\/tvalaire.com\/index.php?rest_route=%2Fwp%2Fv2%2Fcomments&post=9612"}],"version-history":[{"count":1,"href":"http:\/\/tvalaire.com\/index.php?rest_route=\/wp\/v2\/posts\/9612\/revisions"}],"predecessor-version":[{"id":9614,"href":"http:\/\/tvalaire.com\/index.php?rest_route=\/wp\/v2\/posts\/9612\/revisions\/9614"}],"wp:featuredmedia":[{"embeddable":true,"href":"http:\/\/tvalaire.com\/index.php?rest_route=\/wp\/v2\/media\/9613"}],"wp:attachment":[{"href":"http:\/\/tvalaire.com\/index.php?rest_route=%2Fwp%2Fv2%2Fmedia&parent=9612"}],"wp:term":[{"taxonomy":"category","embeddable":true,"href":"http:\/\/tvalaire.com\/index.php?rest_route=%2Fwp%2Fv2%2Fcategories&post=9612"},{"taxonomy":"post_tag","embeddable":true,"href":"http:\/\/tvalaire.com\/index.php?rest_route=%2Fwp%2Fv2%2Ftags&post=9612"}],"curies":[{"name":"wp","href":"https:\/\/api.w.org\/{rel}","templated":true}]}}