{"id":961,"date":"2017-03-17T09:18:46","date_gmt":"2017-03-17T15:18:46","guid":{"rendered":"http:\/\/tvalaire.com\/?p=961"},"modified":"2017-03-17T09:18:46","modified_gmt":"2017-03-17T15:18:46","slug":"iniciara-gobierno-el-pago-de-becas-correspondientes-al-2017","status":"publish","type":"post","link":"http:\/\/tvalaire.com\/?p=961","title":{"rendered":"INICIAR\u00c1 GOBIERNO EL PAGO DE BECAS CORRESPONDIENTES AL 2017"},"content":{"rendered":"<p class=\"xmsonormal\" style=\"text-align: center; background: white;\" align=\"center\"><b><span style=\"font-size: 13.0pt; font-family: 'Arial','sans-serif'; color: #212121;\">\u00a0<\/span><\/b><span style=\"font-size: 13.0pt; font-family: 'Arial','sans-serif'; color: #212121;\">\u00a0<\/span><\/p>\n<p class=\"xmsonormal\" style=\"text-align: justify; background: white;\"><span style=\"font-size: 13.0pt; font-family: 'Arial','sans-serif'; color: #212121;\">A partir del 24 de marzo, dar\u00e1 inicio la entrega de los apoyos econ\u00f3micos del programa de \u201cBecas Municipales 2017\u201d que otorgar\u00e1 el Gobierno local; el acto simb\u00f3lico se llevar\u00e1 a cabo en la escuela primaria \u201cRicardo Flores Mag\u00f3n\u201d.<\/span><\/p>\n<p class=\"xmsonormal\" style=\"text-align: justify; background: white;\"><span style=\"font-size: 13.0pt; font-family: 'Arial','sans-serif'; color: #212121;\">El acto simb\u00f3lico se tiene programado a las 09:30 horas y correr\u00e1 a cargo del Alcalde Juan Manuel Estrada Medina, quien otorgar\u00e1 los apoyos de este programa a los alumnos que estudian en ambos turnos.<\/span><\/p>\n<p class=\"xmsonormal\" style=\"text-align: justify; background: white;\"><span style=\"font-size: 13.0pt; font-family: 'Arial','sans-serif'; color: #212121;\">El lunes 27 de marzo en horario de las 09:00 a las 13:00 se habilitar\u00e1n cuatro cajas en la direcci\u00f3n de Educaci\u00f3n en donde se entregar\u00e1n las becas para los alumnos de las escuelas primarias: Adolfo L\u00f3pez Mateos en ambos turnos; Esperanza Villalpando de Las Ca\u00f1adas, Centro Educativo La Piedad \u201cCELPI\u201d.<\/span><\/p>\n<p class=\"xmsonormal\" style=\"text-align: justify; background: white;\"><span style=\"font-size: 13.0pt; font-family: 'Arial','sans-serif'; color: #212121;\">En la caja 2 se otorgar\u00e1n los apoyos a los alumnos de las escuelas: Agust\u00edn Belmonte en ambos turnos; colegios Crist\u00f3bal Col\u00f3n, G\u00e9nesis, Helen Keller, Dante Alighieri, Miguel de Cervantes Saavedra.<\/span><\/p>\n<p class=\"xmsonormal\" style=\"text-align: justify; background: white;\"><span style=\"font-size: 13.0pt; font-family: 'Arial','sans-serif'; color: #212121;\">En la caja 3, las escuelas Amado Romero en ambos turnos; Arnulfo \u00c1vila ambos turnos, Josefa Ortiz de Dom\u00ednguez, matutino y los colegios Juana de Asbaje y colegio Pierre Faure. En la caja 4, la Club de Leones ambos turnos, colegios Paulo Freire y Jean Piaget, as\u00ed como la escuela Jos\u00e9 Mar\u00eda Cavadas en sus dos turnos.<\/span><\/p>\n<p class=\"xmsonormal\" style=\"text-align: justify; background: white;\"><span style=\"font-size: 13.0pt; font-family: 'Arial','sans-serif'; color: #212121;\">La entrega de becas se continuar\u00e1 los d\u00edas 28, 29, 30 y 31 del presente mes, hasta completar la lista de apoyados, por lo que se pide a los padres de familia y beneficiados estar pendientes de las fechas y los horarios, mismos que se publicar\u00e1n en los lugares de costumbre.<\/span><\/p>\n","protected":false},"excerpt":{"rendered":"<p>\u00a0\u00a0 A partir del 24 de marzo, dar\u00e1 inicio la entrega de los apoyos econ\u00f3micos&#8230;<\/p>\n","protected":false},"author":1,"featured_media":964,"comment_status":"open","ping_status":"open","sticky":false,"template":"","format":"standard","meta":{"jetpack_post_was_ever_published":false,"_jetpack_newsletter_access":"","_jetpack_dont_email_post_to_subs":false,"_jetpack_newsletter_tier_id":0,"_jetpack_memberships_contains_paywalled_content":false,"_jetpack_memberships_contains_paid_content":false,"footnotes":"","jetpack_publicize_message":"","jetpack_publicize_feature_enabled":true,"jetpack_social_post_already_shared":false,"jetpack_social_options":{"image_generator_settings":{"template":"highway","enabled":false},"version":2}},"categories":[1],"tags":[15,36],"class_list":["post-961","post","type-post","status-publish","format-standard","has-post-thumbnail","hentry","category-la-piedad","tag-la-piedad","tag-principales"],"jetpack_publicize_connections":[],"jetpack_sharing_enabled":true,"featured_image_urls":{"full":["http:\/\/tvalaire.com\/wp-content\/uploads\/2017\/03\/INICIAR\u00c1-GOBIERNO-EL-PAGO-DE-BECAS-CORRESPONDIENTES-AL-2017.jpg",1100,733,false],"thumbnail":["http:\/\/tvalaire.com\/wp-content\/uploads\/2017\/03\/INICIAR\u00c1-GOBIERNO-EL-PAGO-DE-BECAS-CORRESPONDIENTES-AL-2017-150x150.jpg",150,150,true],"medium":["http:\/\/tvalaire.com\/wp-content\/uploads\/2017\/03\/INICIAR\u00c1-GOBIERNO-EL-PAGO-DE-BECAS-CORRESPONDIENTES-AL-2017-300x200.jpg",300,200,true],"medium_large":["http:\/\/tvalaire.com\/wp-content\/uploads\/2017\/03\/INICIAR\u00c1-GOBIERNO-EL-PAGO-DE-BECAS-CORRESPONDIENTES-AL-2017-768x512.jpg",640,427,true],"large":["http:\/\/tvalaire.com\/wp-content\/uploads\/2017\/03\/INICIAR\u00c1-GOBIERNO-EL-PAGO-DE-BECAS-CORRESPONDIENTES-AL-2017-1024x682.jpg",640,426,true],"post-slider-thumb-size":["http:\/\/tvalaire.com\/wp-content\/uploads\/2017\/03\/INICIAR\u00c1-GOBIERNO-EL-PAGO-DE-BECAS-CORRESPONDIENTES-AL-2017.jpg",285,190,false],"post-category-slider-size":["http:\/\/tvalaire.com\/wp-content\/uploads\/2017\/03\/INICIAR\u00c1-GOBIERNO-EL-PAGO-DE-BECAS-CORRESPONDIENTES-AL-2017.jpg",330,220,false],"1536x1536":["http:\/\/tvalaire.com\/wp-content\/uploads\/2017\/03\/INICIAR\u00c1-GOBIERNO-EL-PAGO-DE-BECAS-CORRESPONDIENTES-AL-2017.jpg",1100,733,false],"2048x2048":["http:\/\/tvalaire.com\/wp-content\/uploads\/2017\/03\/INICIAR\u00c1-GOBIERNO-EL-PAGO-DE-BECAS-CORRESPONDIENTES-AL-2017.jpg",1100,733,false],"newsium-slider-full":["http:\/\/tvalaire.com\/wp-content\/uploads\/2017\/03\/INICIAR\u00c1-GOBIERNO-EL-PAGO-DE-BECAS-CORRESPONDIENTES-AL-2017.jpg",1100,733,false],"newsium-featured":["http:\/\/tvalaire.com\/wp-content\/uploads\/2017\/03\/INICIAR\u00c1-GOBIERNO-EL-PAGO-DE-BECAS-CORRESPONDIENTES-AL-2017.jpg",1024,682,false],"newsium-medium":["http:\/\/tvalaire.com\/wp-content\/uploads\/2017\/03\/INICIAR\u00c1-GOBIERNO-EL-PAGO-DE-BECAS-CORRESPONDIENTES-AL-2017.jpg",713,475,false]},"author_info":{"info":["tvalairenoti"]},"category_info":"<a href=\"http:\/\/tvalaire.com\/?cat=1\" rel=\"category\">La Piedad<\/a>","tag_info":"La Piedad","comment_count":"0","jetpack_featured_media_url":"http:\/\/tvalaire.com\/wp-content\/uploads\/2017\/03\/INICIAR\u00c1-GOBIERNO-EL-PAGO-DE-BECAS-CORRESPONDIENTES-AL-2017.jpg","_links":{"self":[{"href":"http:\/\/tvalaire.com\/index.php?rest_route=\/wp\/v2\/posts\/961"}],"collection":[{"href":"http:\/\/tvalaire.com\/index.php?rest_route=\/wp\/v2\/posts"}],"about":[{"href":"http:\/\/tvalaire.com\/index.php?rest_route=\/wp\/v2\/types\/post"}],"author":[{"embeddable":true,"href":"http:\/\/tvalaire.com\/index.php?rest_route=\/wp\/v2\/users\/1"}],"replies":[{"embeddable":true,"href":"http:\/\/tvalaire.com\/index.php?rest_route=%2Fwp%2Fv2%2Fcomments&post=961"}],"version-history":[{"count":1,"href":"http:\/\/tvalaire.com\/index.php?rest_route=\/wp\/v2\/posts\/961\/revisions"}],"predecessor-version":[{"id":965,"href":"http:\/\/tvalaire.com\/index.php?rest_route=\/wp\/v2\/posts\/961\/revisions\/965"}],"wp:featuredmedia":[{"embeddable":true,"href":"http:\/\/tvalaire.com\/index.php?rest_route=\/wp\/v2\/media\/964"}],"wp:attachment":[{"href":"http:\/\/tvalaire.com\/index.php?rest_route=%2Fwp%2Fv2%2Fmedia&parent=961"}],"wp:term":[{"taxonomy":"category","embeddable":true,"href":"http:\/\/tvalaire.com\/index.php?rest_route=%2Fwp%2Fv2%2Fcategories&post=961"},{"taxonomy":"post_tag","embeddable":true,"href":"http:\/\/tvalaire.com\/index.php?rest_route=%2Fwp%2Fv2%2Ftags&post=961"}],"curies":[{"name":"wp","href":"https:\/\/api.w.org\/{rel}","templated":true}]}}