{"id":9549,"date":"2021-08-03T11:50:00","date_gmt":"2021-08-03T16:50:00","guid":{"rendered":"http:\/\/tvalaire.com\/?p=9549"},"modified":"2021-08-04T11:55:23","modified_gmt":"2021-08-04T16:55:23","slug":"piden-a-la-poblacion-se-cuide-ante-altos-casos-positivos-por-covid-19","status":"publish","type":"post","link":"http:\/\/tvalaire.com\/?p=9549","title":{"rendered":"PIDEN A LA POBLACI\u00d3N SE CUIDE ANTE ALTOS CASOS POSITIVOS POR COVID-19"},"content":{"rendered":"\n<p><\/p>\n\n\n\n<p><strong>\u2022&nbsp;&nbsp;&nbsp;&nbsp;&nbsp;&nbsp;&nbsp;&nbsp;&nbsp; Est\u00e1 en nosotros romper la cadena de contagios por COVID-19<\/strong><\/p>\n\n\n\n<p><strong>\u2022&nbsp;&nbsp;&nbsp;&nbsp;&nbsp;&nbsp;&nbsp;&nbsp;&nbsp; En solo siete d\u00edas se han presentado 42 positivos en la ciudad<\/strong><\/p>\n\n\n\n<p>Se re\u00fane nuestro alcalde Alex Espinoza, con el Consejo de Salud Municipal, a fin de crear una estrategia de salud para evitar m\u00e1s contagios por COVID-19. Solicitan la participaci\u00f3n de poblaci\u00f3n para que no haya m\u00e1s casos positivos en el municipio.&nbsp;<\/p>\n\n\n\n<p>Nuestro Alcalde mencion\u00f3 que en los \u00faltimos d\u00edas se tienen 74 nuevos casos positivos en el municipio a causa del COVID-19. Destac\u00f3 que ante esta situaci\u00f3n la bandera blanca que ten\u00eda el municipio en este tema, ha cambiado a verde debido a los casos presentados.<\/p>\n\n\n\n<p>De estas cifras refiri\u00f3 que se tiene el registro de 13 personas ingresadas a las \u00e1reas COVID en donde ya est\u00e1n siendo atendidos. Lament\u00f3 que 12 de las personas contagias no hayan decidido vacunarse en tiempo y forma durante las jornadas de vacunaci\u00f3n en las que se estuvo aplicando el biol\u00f3gico.&nbsp;<\/p>\n\n\n\n<p>Nuestro Presidente, dijo que en la reuni\u00f3n se acord\u00f3 hacer una invitaci\u00f3n a todas la empresas y comercios de la ciudad para que otorguen y faciliten el tiempo a sus empleados para que acudan a vacunarse en las jornadas de salud faltantes y de esta manera se eviten riesgos de contagio en la propia \u00e1rea de trabajo.&nbsp;<\/p>\n\n\n\n<p>Asimismo, se\u00f1al\u00f3 que en toda actividad comercial y debido a que no se puede detener la econom\u00eda, se deben considerar y atender con responsabilidad todas las medidas de higiene, en la que empleadores, empleados y clientes deben usar cubrebocas, gel antibacterial y guardar la sana distancia.<\/p>\n\n\n\n<p>Agreg\u00f3 que es de suma importancia que todo espacio y transporte p\u00fablico cuente con las medidas higi\u00e9nicas establecidas a fin de evitar un incremento en los contagios, ya que en solo siete d\u00edas se tuvieron 42 casos positivos en la ciudad, los cuales ya est\u00e1n siendo atendidos.<\/p>\n\n\n\n<p>Subray\u00f3 y exhort\u00f3 a la poblaci\u00f3n en general a mostrarse emp\u00e1tico ante esta situaci\u00f3n de salud en la que dijo, todos debemos colaborar por el bien personal y sobre todo por la salud de nuestra familia, amigos y conocidos.<\/p>\n\n\n\n<figure class=\"wp-block-image size-large\"><img loading=\"lazy\" decoding=\"async\" width=\"1024\" height=\"682\" src=\"http:\/\/tvalaire.com\/wp-content\/uploads\/2021\/08\/1-1-8-1024x682.jpeg\" alt=\"\" class=\"wp-image-9551\" srcset=\"http:\/\/tvalaire.com\/wp-content\/uploads\/2021\/08\/1-1-8-1024x682.jpeg 1024w, http:\/\/tvalaire.com\/wp-content\/uploads\/2021\/08\/1-1-8-300x200.jpeg 300w, http:\/\/tvalaire.com\/wp-content\/uploads\/2021\/08\/1-1-8-768x512.jpeg 768w, http:\/\/tvalaire.com\/wp-content\/uploads\/2021\/08\/1-1-8.jpeg 1280w\" sizes=\"(max-width: 1024px) 100vw, 1024px\" \/><\/figure>\n","protected":false},"excerpt":{"rendered":"<p>\u2022&nbsp;&nbsp;&nbsp;&nbsp;&nbsp;&nbsp;&nbsp;&nbsp;&nbsp; Est\u00e1 en nosotros romper la cadena de contagios por COVID-19 \u2022&nbsp;&nbsp;&nbsp;&nbsp;&nbsp;&nbsp;&nbsp;&nbsp;&nbsp; En solo siete&#8230;<\/p>\n","protected":false},"author":1,"featured_media":9550,"comment_status":"open","ping_status":"open","sticky":false,"template":"","format":"standard","meta":{"jetpack_post_was_ever_published":false,"_jetpack_newsletter_access":"","_jetpack_dont_email_post_to_subs":false,"_jetpack_newsletter_tier_id":0,"_jetpack_memberships_contains_paywalled_content":false,"_jetpack_memberships_contains_paid_content":false,"footnotes":"","jetpack_publicize_message":"","jetpack_publicize_feature_enabled":true,"jetpack_social_post_already_shared":true,"jetpack_social_options":{"image_generator_settings":{"template":"highway","enabled":false},"version":2}},"categories":[1],"tags":[15],"class_list":["post-9549","post","type-post","status-publish","format-standard","has-post-thumbnail","hentry","category-la-piedad","tag-la-piedad"],"jetpack_publicize_connections":[],"jetpack_sharing_enabled":true,"featured_image_urls":{"full":["http:\/\/tvalaire.com\/wp-content\/uploads\/2021\/08\/1-2-7.jpeg",1280,853,false],"thumbnail":["http:\/\/tvalaire.com\/wp-content\/uploads\/2021\/08\/1-2-7-150x150.jpeg",150,150,true],"medium":["http:\/\/tvalaire.com\/wp-content\/uploads\/2021\/08\/1-2-7-300x200.jpeg",300,200,true],"medium_large":["http:\/\/tvalaire.com\/wp-content\/uploads\/2021\/08\/1-2-7-768x512.jpeg",640,427,true],"large":["http:\/\/tvalaire.com\/wp-content\/uploads\/2021\/08\/1-2-7-1024x682.jpeg",640,426,true],"post-slider-thumb-size":["http:\/\/tvalaire.com\/wp-content\/uploads\/2021\/08\/1-2-7-330x190.jpeg",330,190,true],"post-category-slider-size":["http:\/\/tvalaire.com\/wp-content\/uploads\/2021\/08\/1-2-7.jpeg",330,220,false],"1536x1536":["http:\/\/tvalaire.com\/wp-content\/uploads\/2021\/08\/1-2-7.jpeg",1280,853,false],"2048x2048":["http:\/\/tvalaire.com\/wp-content\/uploads\/2021\/08\/1-2-7.jpeg",1280,853,false],"newsium-slider-full":["http:\/\/tvalaire.com\/wp-content\/uploads\/2021\/08\/1-2-7-1280x845.jpeg",1280,845,true],"newsium-featured":["http:\/\/tvalaire.com\/wp-content\/uploads\/2021\/08\/1-2-7-1024x682.jpeg",1024,682,true],"newsium-medium":["http:\/\/tvalaire.com\/wp-content\/uploads\/2021\/08\/1-2-7-720x475.jpeg",720,475,true]},"author_info":{"info":["tvalairenoti"]},"category_info":"<a href=\"http:\/\/tvalaire.com\/?cat=1\" rel=\"category\">La Piedad<\/a>","tag_info":"La Piedad","comment_count":"0","jetpack_featured_media_url":"http:\/\/tvalaire.com\/wp-content\/uploads\/2021\/08\/1-2-7.jpeg","_links":{"self":[{"href":"http:\/\/tvalaire.com\/index.php?rest_route=\/wp\/v2\/posts\/9549"}],"collection":[{"href":"http:\/\/tvalaire.com\/index.php?rest_route=\/wp\/v2\/posts"}],"about":[{"href":"http:\/\/tvalaire.com\/index.php?rest_route=\/wp\/v2\/types\/post"}],"author":[{"embeddable":true,"href":"http:\/\/tvalaire.com\/index.php?rest_route=\/wp\/v2\/users\/1"}],"replies":[{"embeddable":true,"href":"http:\/\/tvalaire.com\/index.php?rest_route=%2Fwp%2Fv2%2Fcomments&post=9549"}],"version-history":[{"count":1,"href":"http:\/\/tvalaire.com\/index.php?rest_route=\/wp\/v2\/posts\/9549\/revisions"}],"predecessor-version":[{"id":9552,"href":"http:\/\/tvalaire.com\/index.php?rest_route=\/wp\/v2\/posts\/9549\/revisions\/9552"}],"wp:featuredmedia":[{"embeddable":true,"href":"http:\/\/tvalaire.com\/index.php?rest_route=\/wp\/v2\/media\/9550"}],"wp:attachment":[{"href":"http:\/\/tvalaire.com\/index.php?rest_route=%2Fwp%2Fv2%2Fmedia&parent=9549"}],"wp:term":[{"taxonomy":"category","embeddable":true,"href":"http:\/\/tvalaire.com\/index.php?rest_route=%2Fwp%2Fv2%2Fcategories&post=9549"},{"taxonomy":"post_tag","embeddable":true,"href":"http:\/\/tvalaire.com\/index.php?rest_route=%2Fwp%2Fv2%2Ftags&post=9549"}],"curies":[{"name":"wp","href":"https:\/\/api.w.org\/{rel}","templated":true}]}}