{"id":9543,"date":"2021-07-26T11:47:00","date_gmt":"2021-07-26T16:47:00","guid":{"rendered":"http:\/\/tvalaire.com\/?p=9543"},"modified":"2021-08-04T11:48:50","modified_gmt":"2021-08-04T16:48:50","slug":"inicia-manana-vacunacion-para-personas-de-30-a-39-anos","status":"publish","type":"post","link":"http:\/\/tvalaire.com\/?p=9543","title":{"rendered":"INICIA MA\u00d1ANA VACUNACI\u00d3N PARA PERSONAS DE 30 A 39 A\u00d1OS"},"content":{"rendered":"\n<p><\/p>\n\n\n\n<ul class=\"wp-block-list\"><li><strong>De los 40 a 49 y de 50 a 59 tambi\u00e9n podr\u00e1n vacunarse; primera dosis<\/strong><\/li><li><strong>A partir de este martes 27 y hasta el viernes 30<\/strong><\/li><\/ul>\n\n\n\n<p>El Gobierno Municipal, en colaboraci\u00f3n con la Jurisdicci\u00f3n Sanitaria N\u00famero 6 y la Secretar\u00eda del Bienestar, informan que a partir de este martes 27 inicia el proceso de vacunaci\u00f3n para adultos de 30 a 39 a\u00f1os, en las instalaciones de la unidad deportiva \u201cJ. Jes\u00fas Romero Flores\u201d, en la colonia Vasco de Quiroga.<\/p>\n\n\n\n<p>Seg\u00fan datos proporcionados por el Sector Salud, se tienen dispuestas m\u00e1s de 11 mil vacunas para ser aplicadas en su primera dosis a este grupo de edades, as\u00ed mismo se\u00f1alaron que las personas de 40 a 49 y de 50 a 59 que no se hayan vacunado anteriormente, podr\u00e1n hacerlo.<\/p>\n\n\n\n<p>Es importante subrayar que solo ser\u00e1 la aplicaci\u00f3n del biol\u00f3gico en su primera dosis a todos los grupos antes referidos. Se recomienda que las personas, acudan desayunadas, con anticipaci\u00f3n, documentaci\u00f3n completa y respetar la Sana Distancia en todo momento.<\/p>\n\n\n\n<p>Las personas que est\u00e9n bajo un tratamiento m\u00e9dico, deben considerar tomar todas sus medicinas antes de presentarse a recibir el biol\u00f3gico. En esta ocasi\u00f3n se estar\u00e1 suministrando la vacuna de nombre Sinovac.<\/p>\n\n\n\n<p>Los interesados deben realizar su registro previo en <a href=\"http:\/\/www.mivacuna.salud.gob.mx\">www.mivacuna.salud.gob.mx<\/a> llenar el formato para presentarlo y llevar tambi\u00e9n copia del INE o Carta de Origen y Vecindad, comprobante de domicilio y copia del CURP.<\/p>\n\n\n\n<p>La actividad se estar\u00e1 desarrollando a partir de ma\u00f1ana martes 27 y hasta el viernes 30 en las instalaciones de la Unidad de Arriba, los horarios de atenci\u00f3n son de 08:00 de la ma\u00f1ana a 3:00 de la tarde.<\/p>\n","protected":false},"excerpt":{"rendered":"<p>De los 40 a 49 y de 50 a 59 tambi\u00e9n podr\u00e1n vacunarse; primera dosis&#8230;<\/p>\n","protected":false},"author":1,"featured_media":9544,"comment_status":"open","ping_status":"open","sticky":false,"template":"","format":"standard","meta":{"jetpack_post_was_ever_published":false,"_jetpack_newsletter_access":"","_jetpack_dont_email_post_to_subs":false,"_jetpack_newsletter_tier_id":0,"_jetpack_memberships_contains_paywalled_content":false,"_jetpack_memberships_contains_paid_content":false,"footnotes":"","jetpack_publicize_message":"","jetpack_publicize_feature_enabled":true,"jetpack_social_post_already_shared":true,"jetpack_social_options":{"image_generator_settings":{"template":"highway","enabled":false},"version":2}},"categories":[1],"tags":[15],"class_list":["post-9543","post","type-post","status-publish","format-standard","has-post-thumbnail","hentry","category-la-piedad","tag-la-piedad"],"jetpack_publicize_connections":[],"jetpack_sharing_enabled":true,"featured_image_urls":{"full":["http:\/\/tvalaire.com\/wp-content\/uploads\/2021\/08\/vacuna-30-39.jpeg",1080,1079,false],"thumbnail":["http:\/\/tvalaire.com\/wp-content\/uploads\/2021\/08\/vacuna-30-39-150x150.jpeg",150,150,true],"medium":["http:\/\/tvalaire.com\/wp-content\/uploads\/2021\/08\/vacuna-30-39-300x300.jpeg",300,300,true],"medium_large":["http:\/\/tvalaire.com\/wp-content\/uploads\/2021\/08\/vacuna-30-39-768x767.jpeg",640,639,true],"large":["http:\/\/tvalaire.com\/wp-content\/uploads\/2021\/08\/vacuna-30-39-1024x1024.jpeg",640,640,true],"post-slider-thumb-size":["http:\/\/tvalaire.com\/wp-content\/uploads\/2021\/08\/vacuna-30-39-330x190.jpeg",330,190,true],"post-category-slider-size":["http:\/\/tvalaire.com\/wp-content\/uploads\/2021\/08\/vacuna-30-39.jpeg",330,330,false],"1536x1536":["http:\/\/tvalaire.com\/wp-content\/uploads\/2021\/08\/vacuna-30-39.jpeg",1080,1079,false],"2048x2048":["http:\/\/tvalaire.com\/wp-content\/uploads\/2021\/08\/vacuna-30-39.jpeg",1080,1079,false],"newsium-slider-full":["http:\/\/tvalaire.com\/wp-content\/uploads\/2021\/08\/vacuna-30-39-1080x845.jpeg",1080,845,true],"newsium-featured":["http:\/\/tvalaire.com\/wp-content\/uploads\/2021\/08\/vacuna-30-39-1024x1023.jpeg",1024,1023,true],"newsium-medium":["http:\/\/tvalaire.com\/wp-content\/uploads\/2021\/08\/vacuna-30-39-720x475.jpeg",720,475,true]},"author_info":{"info":["tvalairenoti"]},"category_info":"<a href=\"http:\/\/tvalaire.com\/?cat=1\" rel=\"category\">La Piedad<\/a>","tag_info":"La Piedad","comment_count":"0","jetpack_featured_media_url":"http:\/\/tvalaire.com\/wp-content\/uploads\/2021\/08\/vacuna-30-39.jpeg","_links":{"self":[{"href":"http:\/\/tvalaire.com\/index.php?rest_route=\/wp\/v2\/posts\/9543"}],"collection":[{"href":"http:\/\/tvalaire.com\/index.php?rest_route=\/wp\/v2\/posts"}],"about":[{"href":"http:\/\/tvalaire.com\/index.php?rest_route=\/wp\/v2\/types\/post"}],"author":[{"embeddable":true,"href":"http:\/\/tvalaire.com\/index.php?rest_route=\/wp\/v2\/users\/1"}],"replies":[{"embeddable":true,"href":"http:\/\/tvalaire.com\/index.php?rest_route=%2Fwp%2Fv2%2Fcomments&post=9543"}],"version-history":[{"count":1,"href":"http:\/\/tvalaire.com\/index.php?rest_route=\/wp\/v2\/posts\/9543\/revisions"}],"predecessor-version":[{"id":9545,"href":"http:\/\/tvalaire.com\/index.php?rest_route=\/wp\/v2\/posts\/9543\/revisions\/9545"}],"wp:featuredmedia":[{"embeddable":true,"href":"http:\/\/tvalaire.com\/index.php?rest_route=\/wp\/v2\/media\/9544"}],"wp:attachment":[{"href":"http:\/\/tvalaire.com\/index.php?rest_route=%2Fwp%2Fv2%2Fmedia&parent=9543"}],"wp:term":[{"taxonomy":"category","embeddable":true,"href":"http:\/\/tvalaire.com\/index.php?rest_route=%2Fwp%2Fv2%2Fcategories&post=9543"},{"taxonomy":"post_tag","embeddable":true,"href":"http:\/\/tvalaire.com\/index.php?rest_route=%2Fwp%2Fv2%2Ftags&post=9543"}],"curies":[{"name":"wp","href":"https:\/\/api.w.org\/{rel}","templated":true}]}}