{"id":9527,"date":"2021-07-15T11:43:00","date_gmt":"2021-07-15T16:43:00","guid":{"rendered":"http:\/\/tvalaire.com\/?p=9527"},"modified":"2021-08-04T11:45:00","modified_gmt":"2021-08-04T16:45:00","slug":"la-escuela-de-artes-ahora-cuenta-con-biblioteca","status":"publish","type":"post","link":"http:\/\/tvalaire.com\/?p=9527","title":{"rendered":"LA ESCUELA DE ARTES AHORA CUENTA CON BIBLIOTECA"},"content":{"rendered":"\n<p><\/p>\n\n\n\n<ul class=\"wp-block-list\"><li><strong>Buscan fortalecer el conocimiento de alumnos de la Escuela de Artes<\/strong><\/li><li><strong>De 08:00 de la ma\u00f1ana a 8:00 de la noche est\u00e1 disponible el acervo<\/strong><\/li><\/ul>\n\n\n\n<p>Con el compromiso de contribuir y ofrecer un lugar literario, el Gobierno Municipal a trav\u00e9s de la Direcci\u00f3n de Cultura, inaugur\u00f3 en la Escuela de Artes un espacio dedicado al acervo cultural para quien guste de la lectura en sus diferentes g\u00e9neros.<\/p>\n\n\n\n<p>En el lugar y antes de ser inaugurado, nuestro presidente Alex Espinoza, agradeci\u00f3 la colaboraci\u00f3n de la Secretar\u00eda de Cultura del estado de Michoac\u00e1n, por favorecer con la entrega de m\u00e1s de 600 diferentes t\u00edtulos que desde hoy se ponen a la disposici\u00f3n de quien as\u00ed los requiera.<\/p>\n\n\n\n<p>Al mismo tiempo subray\u00f3 que este tipo de acciones buscan principalmente fortalecer el conocimiento, as\u00ed como impulsar el gusto por la lectura en los propios alumnos de la Escuela de Artes, y de igual manera del p\u00fablico en general.<\/p>\n\n\n\n<p>Por su parte el titular del mencionado espacio cultural Guillermo Rico Romero, coment\u00f3 que los libros est\u00e1n disponibles en el lugar de 08:00 de la ma\u00f1ana a 8:00 de la noche.<\/p>\n\n\n\n<p>Los interesados en un pr\u00e9stamo podr\u00e1n leer el acervo en el propio lugar o si lo prefieren podr\u00e1n llevarlo a su domicilio. Para los alumnos de la Escuela de Artes, se solicitar\u00e1 la credencial de la instituci\u00f3n cultural, para el p\u00fablico en general se pedir\u00e1 una identificaci\u00f3n oficial.<\/p>\n\n\n\n<p>Rico Romero, dijo que los t\u00edtulos se podr\u00e1n prestar hasta por 15 d\u00edas a quien a si lo solicite, subrayando que es importante mantener los libros en buenas condiciones por lo que invit\u00f3 a los solicitantes a cuidar de ellos y as\u00ed se les puedan seguir prestando otros ejemplares.<\/p>\n\n\n\n<p>El funcionario coment\u00f3 que se continuar\u00e1 con la labor de gesti\u00f3n para ampliar el acervo, por lo que no duda que en poco tiempo se incremente el n\u00famero de t\u00edtulos con los que hoy se cuenta.<\/p>\n\n\n\n<figure class=\"wp-block-image size-large\"><img loading=\"lazy\" decoding=\"async\" width=\"1024\" height=\"682\" src=\"http:\/\/tvalaire.com\/wp-content\/uploads\/2021\/08\/1-4-2-1024x682.jpeg\" alt=\"\" class=\"wp-image-9529\" srcset=\"http:\/\/tvalaire.com\/wp-content\/uploads\/2021\/08\/1-4-2-1024x682.jpeg 1024w, http:\/\/tvalaire.com\/wp-content\/uploads\/2021\/08\/1-4-2-300x200.jpeg 300w, http:\/\/tvalaire.com\/wp-content\/uploads\/2021\/08\/1-4-2-768x512.jpeg 768w, http:\/\/tvalaire.com\/wp-content\/uploads\/2021\/08\/1-4-2.jpeg 1280w\" sizes=\"(max-width: 1024px) 100vw, 1024px\" \/><\/figure>\n\n\n\n<figure class=\"wp-block-image size-large\"><img loading=\"lazy\" decoding=\"async\" width=\"1024\" height=\"682\" src=\"http:\/\/tvalaire.com\/wp-content\/uploads\/2021\/08\/1-2-5-1024x682.jpeg\" alt=\"\" class=\"wp-image-9530\" srcset=\"http:\/\/tvalaire.com\/wp-content\/uploads\/2021\/08\/1-2-5-1024x682.jpeg 1024w, http:\/\/tvalaire.com\/wp-content\/uploads\/2021\/08\/1-2-5-300x200.jpeg 300w, http:\/\/tvalaire.com\/wp-content\/uploads\/2021\/08\/1-2-5-768x512.jpeg 768w, http:\/\/tvalaire.com\/wp-content\/uploads\/2021\/08\/1-2-5.jpeg 1280w\" sizes=\"(max-width: 1024px) 100vw, 1024px\" \/><\/figure>\n","protected":false},"excerpt":{"rendered":"<p>Buscan fortalecer el conocimiento de alumnos de la Escuela de Artes De 08:00 de la&#8230;<\/p>\n","protected":false},"author":1,"featured_media":9528,"comment_status":"open","ping_status":"open","sticky":false,"template":"","format":"standard","meta":{"jetpack_post_was_ever_published":false,"_jetpack_newsletter_access":"","_jetpack_dont_email_post_to_subs":false,"_jetpack_newsletter_tier_id":0,"_jetpack_memberships_contains_paywalled_content":false,"_jetpack_memberships_contains_paid_content":false,"footnotes":"","jetpack_publicize_message":"","jetpack_publicize_feature_enabled":true,"jetpack_social_post_already_shared":true,"jetpack_social_options":{"image_generator_settings":{"template":"highway","enabled":false},"version":2}},"categories":[1],"tags":[15],"class_list":["post-9527","post","type-post","status-publish","format-standard","has-post-thumbnail","hentry","category-la-piedad","tag-la-piedad"],"jetpack_publicize_connections":[],"jetpack_sharing_enabled":true,"featured_image_urls":{"full":["http:\/\/tvalaire.com\/wp-content\/uploads\/2021\/08\/1-1-5.jpeg",1280,853,false],"thumbnail":["http:\/\/tvalaire.com\/wp-content\/uploads\/2021\/08\/1-1-5-150x150.jpeg",150,150,true],"medium":["http:\/\/tvalaire.com\/wp-content\/uploads\/2021\/08\/1-1-5-300x200.jpeg",300,200,true],"medium_large":["http:\/\/tvalaire.com\/wp-content\/uploads\/2021\/08\/1-1-5-768x512.jpeg",640,427,true],"large":["http:\/\/tvalaire.com\/wp-content\/uploads\/2021\/08\/1-1-5-1024x682.jpeg",640,426,true],"post-slider-thumb-size":["http:\/\/tvalaire.com\/wp-content\/uploads\/2021\/08\/1-1-5-330x190.jpeg",330,190,true],"post-category-slider-size":["http:\/\/tvalaire.com\/wp-content\/uploads\/2021\/08\/1-1-5.jpeg",330,220,false],"1536x1536":["http:\/\/tvalaire.com\/wp-content\/uploads\/2021\/08\/1-1-5.jpeg",1280,853,false],"2048x2048":["http:\/\/tvalaire.com\/wp-content\/uploads\/2021\/08\/1-1-5.jpeg",1280,853,false],"newsium-slider-full":["http:\/\/tvalaire.com\/wp-content\/uploads\/2021\/08\/1-1-5-1280x845.jpeg",1280,845,true],"newsium-featured":["http:\/\/tvalaire.com\/wp-content\/uploads\/2021\/08\/1-1-5-1024x682.jpeg",1024,682,true],"newsium-medium":["http:\/\/tvalaire.com\/wp-content\/uploads\/2021\/08\/1-1-5-720x475.jpeg",720,475,true]},"author_info":{"info":["tvalairenoti"]},"category_info":"<a href=\"http:\/\/tvalaire.com\/?cat=1\" rel=\"category\">La Piedad<\/a>","tag_info":"La Piedad","comment_count":"0","jetpack_featured_media_url":"http:\/\/tvalaire.com\/wp-content\/uploads\/2021\/08\/1-1-5.jpeg","_links":{"self":[{"href":"http:\/\/tvalaire.com\/index.php?rest_route=\/wp\/v2\/posts\/9527"}],"collection":[{"href":"http:\/\/tvalaire.com\/index.php?rest_route=\/wp\/v2\/posts"}],"about":[{"href":"http:\/\/tvalaire.com\/index.php?rest_route=\/wp\/v2\/types\/post"}],"author":[{"embeddable":true,"href":"http:\/\/tvalaire.com\/index.php?rest_route=\/wp\/v2\/users\/1"}],"replies":[{"embeddable":true,"href":"http:\/\/tvalaire.com\/index.php?rest_route=%2Fwp%2Fv2%2Fcomments&post=9527"}],"version-history":[{"count":1,"href":"http:\/\/tvalaire.com\/index.php?rest_route=\/wp\/v2\/posts\/9527\/revisions"}],"predecessor-version":[{"id":9531,"href":"http:\/\/tvalaire.com\/index.php?rest_route=\/wp\/v2\/posts\/9527\/revisions\/9531"}],"wp:featuredmedia":[{"embeddable":true,"href":"http:\/\/tvalaire.com\/index.php?rest_route=\/wp\/v2\/media\/9528"}],"wp:attachment":[{"href":"http:\/\/tvalaire.com\/index.php?rest_route=%2Fwp%2Fv2%2Fmedia&parent=9527"}],"wp:term":[{"taxonomy":"category","embeddable":true,"href":"http:\/\/tvalaire.com\/index.php?rest_route=%2Fwp%2Fv2%2Fcategories&post=9527"},{"taxonomy":"post_tag","embeddable":true,"href":"http:\/\/tvalaire.com\/index.php?rest_route=%2Fwp%2Fv2%2Ftags&post=9527"}],"curies":[{"name":"wp","href":"https:\/\/api.w.org\/{rel}","templated":true}]}}