{"id":9522,"date":"2021-07-14T11:42:00","date_gmt":"2021-07-14T16:42:00","guid":{"rendered":"http:\/\/tvalaire.com\/?p=9522"},"modified":"2021-08-04T11:43:22","modified_gmt":"2021-08-04T16:43:22","slug":"hay-avances-en-obras-de-infraestructura-vial","status":"publish","type":"post","link":"http:\/\/tvalaire.com\/?p=9522","title":{"rendered":"HAY AVANCES EN OBRAS DE INFRAESTRUCTURA VIAL"},"content":{"rendered":"\n<p><\/p>\n\n\n\n<ul class=\"wp-block-list\"><li><strong>Revisa Alcalde Alex Espinoza obras en varias zonas de la ciudad<\/strong><\/li><li><strong>Esperan pronto se abran a la circulaci\u00f3n algunos puntos del bulevar<\/strong><\/li><\/ul>\n\n\n\n<p>En varios puntos de la ciudad se est\u00e1n realizando obras de mejoramiento vial e infraestructura urbana, por lo que, en gira de trabajo nuestro alcalde Alex Espinoza, con el principal objetivo de revisar y conocer los avances que se tienen hasta el momento acudi\u00f3 a cada una de las actividades que se ejecutan.<\/p>\n\n\n\n<p>El Malec\u00f3n, colonia Santa Fe, Arroyo Delgado, Jardines del Carmen son algunas de las zonas en las que se est\u00e1n realizando rehabilitaciones de vialidades, en las que previo a la colocaci\u00f3n de las losas de pavimento, se mejoran las l\u00edneas del drenaje, tomas domiciliarias, pozos de visita, entre otras acciones.<\/p>\n\n\n\n<p>Al mismo tiempo en estas vialidades se tienen contempladas acciones del mejoramiento de las luminarias con tecnolog\u00eda de tipo LED, con la cual se pretende ofrecer calles m\u00e1s iluminadas y seguras para los vecinos, as\u00ed como conseguir ahorros sustanciales en el consumo de energ\u00eda.<\/p>\n\n\n\n<p>A estas acciones se le suman los trabajos que se llevan a cabo en un tramo del bulevar \u201cL\u00e1zaro C\u00e1rdenas\u201d, en donde de acuerdo a la informaci\u00f3n de los ingenieros, se espera el fraguado correcto de las losas de concreto para que unos tramos ya sean abiertos a la circulaci\u00f3n vial.<\/p>\n\n\n\n<p>En esta vialidad ya tambi\u00e9n se trabaja en otro de los cuerpos por lo que el primer Edil de la ciudad pidi\u00f3 a los piedadenses ser pacientes durante el tiempo en el que se realizan los trabajos, pues se\u00f1al\u00f3 que pronto esta importante avenida quedar\u00e1 en condiciones dignas.<\/p>\n\n\n\n<p>Nuestro alcalde Alex Espinoza, se\u00f1al\u00f3 que con este tipo de obras el objetivo principal es poder ofrecer a la ciudadan\u00eda en general, vialidades m\u00e1s dignas y al mismo tiempo contribuir para que sus tiempos de traslado a sus actividades cotidianas sean m\u00e1s agiles.<\/p>\n\n\n\n<figure class=\"wp-block-image size-large\"><img loading=\"lazy\" decoding=\"async\" width=\"1024\" height=\"576\" src=\"http:\/\/tvalaire.com\/wp-content\/uploads\/2021\/08\/1-16-1024x576.jpeg\" alt=\"\" class=\"wp-image-9524\" srcset=\"http:\/\/tvalaire.com\/wp-content\/uploads\/2021\/08\/1-16-1024x576.jpeg 1024w, http:\/\/tvalaire.com\/wp-content\/uploads\/2021\/08\/1-16-300x169.jpeg 300w, http:\/\/tvalaire.com\/wp-content\/uploads\/2021\/08\/1-16-768x432.jpeg 768w, http:\/\/tvalaire.com\/wp-content\/uploads\/2021\/08\/1-16-1536x864.jpeg 1536w, http:\/\/tvalaire.com\/wp-content\/uploads\/2021\/08\/1-16.jpeg 1600w\" sizes=\"(max-width: 1024px) 100vw, 1024px\" \/><\/figure>\n\n\n\n<figure class=\"wp-block-image size-large\"><img loading=\"lazy\" decoding=\"async\" width=\"1024\" height=\"576\" src=\"http:\/\/tvalaire.com\/wp-content\/uploads\/2021\/08\/1-1-4-1024x576.jpeg\" alt=\"\" class=\"wp-image-9525\" srcset=\"http:\/\/tvalaire.com\/wp-content\/uploads\/2021\/08\/1-1-4-1024x576.jpeg 1024w, http:\/\/tvalaire.com\/wp-content\/uploads\/2021\/08\/1-1-4-300x169.jpeg 300w, http:\/\/tvalaire.com\/wp-content\/uploads\/2021\/08\/1-1-4-768x432.jpeg 768w, http:\/\/tvalaire.com\/wp-content\/uploads\/2021\/08\/1-1-4-1536x864.jpeg 1536w, http:\/\/tvalaire.com\/wp-content\/uploads\/2021\/08\/1-1-4.jpeg 1600w\" sizes=\"(max-width: 1024px) 100vw, 1024px\" \/><\/figure>\n","protected":false},"excerpt":{"rendered":"<p>Revisa Alcalde Alex Espinoza obras en varias zonas de la ciudad Esperan pronto se abran&#8230;<\/p>\n","protected":false},"author":1,"featured_media":9523,"comment_status":"open","ping_status":"open","sticky":false,"template":"","format":"standard","meta":{"jetpack_post_was_ever_published":false,"_jetpack_newsletter_access":"","_jetpack_dont_email_post_to_subs":false,"_jetpack_newsletter_tier_id":0,"_jetpack_memberships_contains_paywalled_content":false,"_jetpack_memberships_contains_paid_content":false,"footnotes":"","jetpack_publicize_message":"","jetpack_publicize_feature_enabled":true,"jetpack_social_post_already_shared":true,"jetpack_social_options":{"image_generator_settings":{"template":"highway","enabled":false},"version":2}},"categories":[1],"tags":[15],"class_list":["post-9522","post","type-post","status-publish","format-standard","has-post-thumbnail","hentry","category-la-piedad","tag-la-piedad"],"jetpack_publicize_connections":[],"jetpack_sharing_enabled":true,"featured_image_urls":{"full":["http:\/\/tvalaire.com\/wp-content\/uploads\/2021\/08\/1-13.jpeg",1600,900,false],"thumbnail":["http:\/\/tvalaire.com\/wp-content\/uploads\/2021\/08\/1-13-150x150.jpeg",150,150,true],"medium":["http:\/\/tvalaire.com\/wp-content\/uploads\/2021\/08\/1-13-300x169.jpeg",300,169,true],"medium_large":["http:\/\/tvalaire.com\/wp-content\/uploads\/2021\/08\/1-13-768x432.jpeg",640,360,true],"large":["http:\/\/tvalaire.com\/wp-content\/uploads\/2021\/08\/1-13-1024x576.jpeg",640,360,true],"post-slider-thumb-size":["http:\/\/tvalaire.com\/wp-content\/uploads\/2021\/08\/1-13-330x190.jpeg",330,190,true],"post-category-slider-size":["http:\/\/tvalaire.com\/wp-content\/uploads\/2021\/08\/1-13.jpeg",330,186,false],"1536x1536":["http:\/\/tvalaire.com\/wp-content\/uploads\/2021\/08\/1-13-1536x864.jpeg",1536,864,true],"2048x2048":["http:\/\/tvalaire.com\/wp-content\/uploads\/2021\/08\/1-13.jpeg",1600,900,false],"newsium-slider-full":["http:\/\/tvalaire.com\/wp-content\/uploads\/2021\/08\/1-13-1280x845.jpeg",1280,845,true],"newsium-featured":["http:\/\/tvalaire.com\/wp-content\/uploads\/2021\/08\/1-13-1024x576.jpeg",1024,576,true],"newsium-medium":["http:\/\/tvalaire.com\/wp-content\/uploads\/2021\/08\/1-13-720x475.jpeg",720,475,true]},"author_info":{"info":["tvalairenoti"]},"category_info":"<a href=\"http:\/\/tvalaire.com\/?cat=1\" rel=\"category\">La Piedad<\/a>","tag_info":"La Piedad","comment_count":"0","jetpack_featured_media_url":"http:\/\/tvalaire.com\/wp-content\/uploads\/2021\/08\/1-13.jpeg","_links":{"self":[{"href":"http:\/\/tvalaire.com\/index.php?rest_route=\/wp\/v2\/posts\/9522"}],"collection":[{"href":"http:\/\/tvalaire.com\/index.php?rest_route=\/wp\/v2\/posts"}],"about":[{"href":"http:\/\/tvalaire.com\/index.php?rest_route=\/wp\/v2\/types\/post"}],"author":[{"embeddable":true,"href":"http:\/\/tvalaire.com\/index.php?rest_route=\/wp\/v2\/users\/1"}],"replies":[{"embeddable":true,"href":"http:\/\/tvalaire.com\/index.php?rest_route=%2Fwp%2Fv2%2Fcomments&post=9522"}],"version-history":[{"count":1,"href":"http:\/\/tvalaire.com\/index.php?rest_route=\/wp\/v2\/posts\/9522\/revisions"}],"predecessor-version":[{"id":9526,"href":"http:\/\/tvalaire.com\/index.php?rest_route=\/wp\/v2\/posts\/9522\/revisions\/9526"}],"wp:featuredmedia":[{"embeddable":true,"href":"http:\/\/tvalaire.com\/index.php?rest_route=\/wp\/v2\/media\/9523"}],"wp:attachment":[{"href":"http:\/\/tvalaire.com\/index.php?rest_route=%2Fwp%2Fv2%2Fmedia&parent=9522"}],"wp:term":[{"taxonomy":"category","embeddable":true,"href":"http:\/\/tvalaire.com\/index.php?rest_route=%2Fwp%2Fv2%2Fcategories&post=9522"},{"taxonomy":"post_tag","embeddable":true,"href":"http:\/\/tvalaire.com\/index.php?rest_route=%2Fwp%2Fv2%2Ftags&post=9522"}],"curies":[{"name":"wp","href":"https:\/\/api.w.org\/{rel}","templated":true}]}}