{"id":9519,"date":"2021-07-09T11:41:00","date_gmt":"2021-07-09T16:41:00","guid":{"rendered":"http:\/\/tvalaire.com\/?p=9519"},"modified":"2021-08-04T11:42:25","modified_gmt":"2021-08-04T16:42:25","slug":"hay-fecha-de-vacunacion-para-la-segunda-dosis-de-40-a-49-anos","status":"publish","type":"post","link":"http:\/\/tvalaire.com\/?p=9519","title":{"rendered":"HAY FECHA DE VACUNACI\u00d3N PARA LA SEGUNDA DOSIS DE 40 A 49 A\u00d1OS"},"content":{"rendered":"\n<p><\/p>\n\n\n\n<ul class=\"wp-block-list\"><li><strong>Inicia la actividad de inoculaci\u00f3n a partir del pr\u00f3ximo martes 13<\/strong><\/li><li><strong>A partir de las 08:00 de la ma\u00f1ana en la Unidad de Arriba<\/strong><\/li><\/ul>\n\n\n\n<p>El Gobierno Municipal en conjunto con la Jurisdicci\u00f3n Sanitaria No. 6 informan que la vacuna para los adultos de 40 a 49 a\u00f1os se estar\u00e1 aplicando en su segunda fase en las instalaciones de la unidad deportiva \u201cJ. Jes\u00fas Romero Flores\u201d, a partir del pr\u00f3ximo martes 13 de este mes.<\/p>\n\n\n\n<p>Para esta ocasi\u00f3n las autoridades de Salud informaron que se espera llevar a cabo la actividad con mayor agilidad y han dispuesto de los d\u00edas martes 13, mi\u00e9rcoles 14 yjueves 15 para llevar a cabo las acciones en favor de la salud de los piedadenses de este rango de edad.<\/p>\n\n\n\n<p>Tambi\u00e9n mencionaron que se podr\u00e1n vacunar en su segunda dosis las personas de los 40 a\u00f1os en adelante que se hayan aplicado el biol\u00f3gico Pfizer, as\u00ed como a las mujeres embarazadas.<\/p>\n\n\n\n<p>Al mismo tiempo, las autoridades de salud destacaron que es importante que el mayor n\u00famero de personas en nuestro municipio se aplique el biol\u00f3gico, ya que con esta acci\u00f3n se estar\u00edan disminuyendo el riesgo de contagio por COVID-19 el cual a\u00fan persiste y del que dijeron la poblaci\u00f3n debe seguir cuid\u00e1ndose.<\/p>\n\n\n\n<p>Agregaron que las personas en edad de los 30 a 39 ya pueden visitar el siguiente enlace: <a href=\"https:\/\/mivacuna.salud.gob.mx\/index.php\">https:\/\/mivacuna.salud.gob.mx\/index.php<\/a>&nbsp; para que hagan el pertinente registro y obtengan su n\u00famero de folio para que en pr\u00f3ximas fechas sean ellos los que se puedan vacunar.<\/p>\n\n\n\n<p>De igual manera comentaron a este grupo de edad permanecer pendientes por los medios digitales del Gobierno Municipal, en donde se dar\u00e1n a conocer los d\u00edas establecidos para que les sea aplicado el biol\u00f3gico.<\/p>\n\n\n\n<p>Se\u00f1alaron que es importante llevar la hoja del expediente de vacunaci\u00f3n en la que aparece el n\u00famero de folio, as\u00ed como una copia de la Credencial de Elector (INE) o Carta de Origen y Vecindad.<\/p>\n","protected":false},"excerpt":{"rendered":"<p>Inicia la actividad de inoculaci\u00f3n a partir del pr\u00f3ximo martes 13 A partir de las&#8230;<\/p>\n","protected":false},"author":1,"featured_media":9520,"comment_status":"open","ping_status":"open","sticky":false,"template":"","format":"standard","meta":{"jetpack_post_was_ever_published":false,"_jetpack_newsletter_access":"","_jetpack_dont_email_post_to_subs":false,"_jetpack_newsletter_tier_id":0,"_jetpack_memberships_contains_paywalled_content":false,"_jetpack_memberships_contains_paid_content":false,"footnotes":"","jetpack_publicize_message":"","jetpack_publicize_feature_enabled":true,"jetpack_social_post_already_shared":true,"jetpack_social_options":{"image_generator_settings":{"template":"highway","enabled":false},"version":2}},"categories":[1],"tags":[15],"class_list":["post-9519","post","type-post","status-publish","format-standard","has-post-thumbnail","hentry","category-la-piedad","tag-la-piedad"],"jetpack_publicize_connections":[],"jetpack_sharing_enabled":true,"featured_image_urls":{"full":["http:\/\/tvalaire.com\/wp-content\/uploads\/2021\/08\/001.jpeg",1600,1598,false],"thumbnail":["http:\/\/tvalaire.com\/wp-content\/uploads\/2021\/08\/001-150x150.jpeg",150,150,true],"medium":["http:\/\/tvalaire.com\/wp-content\/uploads\/2021\/08\/001-300x300.jpeg",300,300,true],"medium_large":["http:\/\/tvalaire.com\/wp-content\/uploads\/2021\/08\/001-768x767.jpeg",640,639,true],"large":["http:\/\/tvalaire.com\/wp-content\/uploads\/2021\/08\/001-1024x1024.jpeg",640,640,true],"post-slider-thumb-size":["http:\/\/tvalaire.com\/wp-content\/uploads\/2021\/08\/001-330x190.jpeg",330,190,true],"post-category-slider-size":["http:\/\/tvalaire.com\/wp-content\/uploads\/2021\/08\/001.jpeg",330,330,false],"1536x1536":["http:\/\/tvalaire.com\/wp-content\/uploads\/2021\/08\/001-1536x1534.jpeg",1536,1534,true],"2048x2048":["http:\/\/tvalaire.com\/wp-content\/uploads\/2021\/08\/001.jpeg",1600,1598,false],"newsium-slider-full":["http:\/\/tvalaire.com\/wp-content\/uploads\/2021\/08\/001-1280x845.jpeg",1280,845,true],"newsium-featured":["http:\/\/tvalaire.com\/wp-content\/uploads\/2021\/08\/001-1024x1023.jpeg",1024,1023,true],"newsium-medium":["http:\/\/tvalaire.com\/wp-content\/uploads\/2021\/08\/001-720x475.jpeg",720,475,true]},"author_info":{"info":["tvalairenoti"]},"category_info":"<a href=\"http:\/\/tvalaire.com\/?cat=1\" rel=\"category\">La Piedad<\/a>","tag_info":"La Piedad","comment_count":"0","jetpack_featured_media_url":"http:\/\/tvalaire.com\/wp-content\/uploads\/2021\/08\/001.jpeg","_links":{"self":[{"href":"http:\/\/tvalaire.com\/index.php?rest_route=\/wp\/v2\/posts\/9519"}],"collection":[{"href":"http:\/\/tvalaire.com\/index.php?rest_route=\/wp\/v2\/posts"}],"about":[{"href":"http:\/\/tvalaire.com\/index.php?rest_route=\/wp\/v2\/types\/post"}],"author":[{"embeddable":true,"href":"http:\/\/tvalaire.com\/index.php?rest_route=\/wp\/v2\/users\/1"}],"replies":[{"embeddable":true,"href":"http:\/\/tvalaire.com\/index.php?rest_route=%2Fwp%2Fv2%2Fcomments&post=9519"}],"version-history":[{"count":1,"href":"http:\/\/tvalaire.com\/index.php?rest_route=\/wp\/v2\/posts\/9519\/revisions"}],"predecessor-version":[{"id":9521,"href":"http:\/\/tvalaire.com\/index.php?rest_route=\/wp\/v2\/posts\/9519\/revisions\/9521"}],"wp:featuredmedia":[{"embeddable":true,"href":"http:\/\/tvalaire.com\/index.php?rest_route=\/wp\/v2\/media\/9520"}],"wp:attachment":[{"href":"http:\/\/tvalaire.com\/index.php?rest_route=%2Fwp%2Fv2%2Fmedia&parent=9519"}],"wp:term":[{"taxonomy":"category","embeddable":true,"href":"http:\/\/tvalaire.com\/index.php?rest_route=%2Fwp%2Fv2%2Fcategories&post=9519"},{"taxonomy":"post_tag","embeddable":true,"href":"http:\/\/tvalaire.com\/index.php?rest_route=%2Fwp%2Fv2%2Ftags&post=9519"}],"curies":[{"name":"wp","href":"https:\/\/api.w.org\/{rel}","templated":true}]}}