{"id":9506,"date":"2021-07-05T11:37:00","date_gmt":"2021-07-05T16:37:00","guid":{"rendered":"http:\/\/tvalaire.com\/?p=9506"},"modified":"2021-08-04T11:38:44","modified_gmt":"2021-08-04T16:38:44","slug":"dan-a-conocer-fecha-para-pago-de-becas","status":"publish","type":"post","link":"http:\/\/tvalaire.com\/?p=9506","title":{"rendered":"DAN A CONOCER FECHA PARA PAGO DE BECAS"},"content":{"rendered":"\n<p><\/p>\n\n\n\n<ul class=\"wp-block-list\"><li><strong>A partir del d\u00eda 19 al 29 de julio en la E.S.T. No. 20<\/strong><\/li><li><strong>Se pide respetar los horarios establecidos para cada instituci\u00f3n<\/strong><\/li><\/ul>\n\n\n\n<p>El Gobierno Municipal a trav\u00e9s de la Direcci\u00f3n de Educaci\u00f3n, informa que las fechas para hacer la entrega del apoyo econ\u00f3mico a las ni\u00f1as, ni\u00f1os y j\u00f3venes que forman parte del programa de Becas Municipales, ya se tienen programadas para su pago en la Escuela Secundaria T\u00e9cnica N\u00famero 20.<\/p>\n\n\n\n<p>De acuerdo con la informaci\u00f3n proporcionada por el titular de la dependencia Horacio Mart\u00edn S\u00e1nchez Molina, ser\u00e1 a partir del lunes 19 y hasta el jueves 29 de este mes de julio que se inicie con la entrega del recurso que corresponder\u00e1 a los meses de abril, mayo y junio.<\/p>\n\n\n\n<p>El funcionario destac\u00f3 que la programaci\u00f3n es a partir de las 9:30 de la ma\u00f1ana y hasta la 1:30 de la tarde que se estar\u00e1 entregando el recurso en el patio de la secundaria mencionada a los m\u00e1s de 4 mil estudiantes favorecidos.&nbsp;<\/p>\n\n\n\n<p>Al mismo tiempo, subray\u00f3 que es importante que se respeten los horarios establecidos para cada instituci\u00f3n, de esta manera se agiliza la entrega y se evitan aglomeraciones, salvaguardando la salud de los ni\u00f1os asistentes.<\/p>\n\n\n\n<p>S\u00e1nchez Molina, coment\u00f3 que los ni\u00f1os o j\u00f3venes que presenten alg\u00fan cuadro de enfermedad, acudan por su recurso a la Tesorer\u00eda Municipal, cuando hayan mejorado, recordando que despu\u00e9s de las fechas programadas se tienen 10 d\u00edas h\u00e1biles para cobrar.<\/p>\n\n\n\n<p>Al mismo tiempo dijo que las ni\u00f1as, ni\u00f1os y j\u00f3venes deber\u00e1n llevar su tarjet\u00f3n que los acredite como becado, portar obligatoriamente el cubrebocas, conservar la sana distancia y si es posible por salud llevar su bol\u00edgrafo para que firmen de recibido.<\/p>\n","protected":false},"excerpt":{"rendered":"<p>A partir del d\u00eda 19 al 29 de julio en la E.S.T. No. 20 Se&#8230;<\/p>\n","protected":false},"author":1,"featured_media":9507,"comment_status":"open","ping_status":"open","sticky":false,"template":"","format":"standard","meta":{"jetpack_post_was_ever_published":false,"_jetpack_newsletter_access":"","_jetpack_dont_email_post_to_subs":false,"_jetpack_newsletter_tier_id":0,"_jetpack_memberships_contains_paywalled_content":false,"_jetpack_memberships_contains_paid_content":false,"footnotes":"","jetpack_publicize_message":"","jetpack_publicize_feature_enabled":true,"jetpack_social_post_already_shared":true,"jetpack_social_options":{"image_generator_settings":{"template":"highway","enabled":false},"version":2}},"categories":[1],"tags":[15],"class_list":["post-9506","post","type-post","status-publish","format-standard","has-post-thumbnail","hentry","category-la-piedad","tag-la-piedad"],"jetpack_publicize_connections":[],"jetpack_sharing_enabled":true,"featured_image_urls":{"full":["http:\/\/tvalaire.com\/wp-content\/uploads\/2021\/08\/01.jpeg",1280,640,false],"thumbnail":["http:\/\/tvalaire.com\/wp-content\/uploads\/2021\/08\/01-150x150.jpeg",150,150,true],"medium":["http:\/\/tvalaire.com\/wp-content\/uploads\/2021\/08\/01-300x150.jpeg",300,150,true],"medium_large":["http:\/\/tvalaire.com\/wp-content\/uploads\/2021\/08\/01-768x384.jpeg",640,320,true],"large":["http:\/\/tvalaire.com\/wp-content\/uploads\/2021\/08\/01-1024x512.jpeg",640,320,true],"post-slider-thumb-size":["http:\/\/tvalaire.com\/wp-content\/uploads\/2021\/08\/01-330x190.jpeg",330,190,true],"post-category-slider-size":["http:\/\/tvalaire.com\/wp-content\/uploads\/2021\/08\/01.jpeg",330,165,false],"1536x1536":["http:\/\/tvalaire.com\/wp-content\/uploads\/2021\/08\/01.jpeg",1280,640,false],"2048x2048":["http:\/\/tvalaire.com\/wp-content\/uploads\/2021\/08\/01.jpeg",1280,640,false],"newsium-slider-full":["http:\/\/tvalaire.com\/wp-content\/uploads\/2021\/08\/01.jpeg",1280,640,false],"newsium-featured":["http:\/\/tvalaire.com\/wp-content\/uploads\/2021\/08\/01-1024x512.jpeg",1024,512,true],"newsium-medium":["http:\/\/tvalaire.com\/wp-content\/uploads\/2021\/08\/01-720x475.jpeg",720,475,true]},"author_info":{"info":["tvalairenoti"]},"category_info":"<a href=\"http:\/\/tvalaire.com\/?cat=1\" rel=\"category\">La Piedad<\/a>","tag_info":"La Piedad","comment_count":"0","jetpack_featured_media_url":"http:\/\/tvalaire.com\/wp-content\/uploads\/2021\/08\/01.jpeg","_links":{"self":[{"href":"http:\/\/tvalaire.com\/index.php?rest_route=\/wp\/v2\/posts\/9506"}],"collection":[{"href":"http:\/\/tvalaire.com\/index.php?rest_route=\/wp\/v2\/posts"}],"about":[{"href":"http:\/\/tvalaire.com\/index.php?rest_route=\/wp\/v2\/types\/post"}],"author":[{"embeddable":true,"href":"http:\/\/tvalaire.com\/index.php?rest_route=\/wp\/v2\/users\/1"}],"replies":[{"embeddable":true,"href":"http:\/\/tvalaire.com\/index.php?rest_route=%2Fwp%2Fv2%2Fcomments&post=9506"}],"version-history":[{"count":1,"href":"http:\/\/tvalaire.com\/index.php?rest_route=\/wp\/v2\/posts\/9506\/revisions"}],"predecessor-version":[{"id":9508,"href":"http:\/\/tvalaire.com\/index.php?rest_route=\/wp\/v2\/posts\/9506\/revisions\/9508"}],"wp:featuredmedia":[{"embeddable":true,"href":"http:\/\/tvalaire.com\/index.php?rest_route=\/wp\/v2\/media\/9507"}],"wp:attachment":[{"href":"http:\/\/tvalaire.com\/index.php?rest_route=%2Fwp%2Fv2%2Fmedia&parent=9506"}],"wp:term":[{"taxonomy":"category","embeddable":true,"href":"http:\/\/tvalaire.com\/index.php?rest_route=%2Fwp%2Fv2%2Fcategories&post=9506"},{"taxonomy":"post_tag","embeddable":true,"href":"http:\/\/tvalaire.com\/index.php?rest_route=%2Fwp%2Fv2%2Ftags&post=9506"}],"curies":[{"name":"wp","href":"https:\/\/api.w.org\/{rel}","templated":true}]}}