{"id":9490,"date":"2021-07-01T11:32:00","date_gmt":"2021-07-01T16:32:00","guid":{"rendered":"http:\/\/tvalaire.com\/?p=9490"},"modified":"2021-08-04T11:34:47","modified_gmt":"2021-08-04T16:34:47","slug":"entrega-dif-mas-sillas-de-ruedas-con-la-fundacion-vamos-mexico","status":"publish","type":"post","link":"http:\/\/tvalaire.com\/?p=9490","title":{"rendered":"ENTREGA DIF M\u00c1S SILLAS DE RUEDAS CON LA FUNDACI\u00d3N \u201cVAMOS M\u00c9XICO\u201d"},"content":{"rendered":"\n<p><\/p>\n\n\n\n<ul class=\"wp-block-list\"><li><strong>Obtuvieron sillas de ruedas para mejorar su movilidad<\/strong><\/li><li><strong>Coadyuvar a las condiciones de vida de los ciudadanos la meta<\/strong><\/li><\/ul>\n\n\n\n<p>Derivado de las gestiones hechas por el DIF Municipal ante la Fundaci\u00f3n \u201cVamos M\u00e9xico\u201d, esta ma\u00f1ana la presidenta de esta dependencia social, Liliana Flores Castro, entreg\u00f3 20 sillas de ruedas.<\/p>\n\n\n\n<p>Las primeras cinco, fueron otorgadas en el \u201cCentro Fox\u201d, hace unos d\u00edas y el resto hoy en las instalaciones del DIF Municipal.<\/p>\n\n\n\n<p>Liliana Flores, luego de expresar su agradecimiento a la Fundaci\u00f3n \u201cVamos M\u00e9xico\u201d por esta entrega, indic\u00f3 que ser\u00e1 el \u00faltimo paquete de apoyos para mejorar la movilidad que har\u00e1 como presidenta del DIF Municipal.<\/p>\n\n\n\n<p>Sin embargo, pidi\u00f3 a los asistentes seguir visitando esta instancia social que es la parte m\u00e1s sensible de una Administraci\u00f3n Municipal, la cual se mantiene siempre presente para atender y mejorar las condiciones de vida de los ciudadanos.<\/p>\n\n\n\n<p>El acto de entrega se llev\u00f3 a cabo en las instalaciones del DIF en el que tambi\u00e9n se cont\u00f3 con la presencia de la directora, Raquel Salazar y el coordinador m\u00e9dico Eduardo Coronado, a quien agradeci\u00f3 las gestiones que hicieron posible esta nueva dotaci\u00f3n de sillas de ruedas, as\u00ed como el trabajo que ha hecho para obtener aparatos que ayuden a mejorar las condiciones de las personas con discapacidad visual, motriz o auditiva de los ciudadanos que acuden a solicitar ayuda.<\/p>\n\n\n\n<figure class=\"wp-block-image size-large\"><img loading=\"lazy\" decoding=\"async\" width=\"1024\" height=\"576\" src=\"http:\/\/tvalaire.com\/wp-content\/uploads\/2021\/08\/1-1-1024x576.jpeg\" alt=\"\" class=\"wp-image-9492\" srcset=\"http:\/\/tvalaire.com\/wp-content\/uploads\/2021\/08\/1-1-1024x576.jpeg 1024w, http:\/\/tvalaire.com\/wp-content\/uploads\/2021\/08\/1-1-300x169.jpeg 300w, http:\/\/tvalaire.com\/wp-content\/uploads\/2021\/08\/1-1-768x432.jpeg 768w, http:\/\/tvalaire.com\/wp-content\/uploads\/2021\/08\/1-1-1536x864.jpeg 1536w, http:\/\/tvalaire.com\/wp-content\/uploads\/2021\/08\/1-1.jpeg 1600w\" sizes=\"(max-width: 1024px) 100vw, 1024px\" \/><\/figure>\n\n\n\n<figure class=\"wp-block-image size-large\"><img loading=\"lazy\" decoding=\"async\" width=\"1024\" height=\"576\" src=\"http:\/\/tvalaire.com\/wp-content\/uploads\/2021\/08\/1-4-1024x576.jpeg\" alt=\"\" class=\"wp-image-9493\" srcset=\"http:\/\/tvalaire.com\/wp-content\/uploads\/2021\/08\/1-4-1024x576.jpeg 1024w, http:\/\/tvalaire.com\/wp-content\/uploads\/2021\/08\/1-4-300x169.jpeg 300w, http:\/\/tvalaire.com\/wp-content\/uploads\/2021\/08\/1-4-768x432.jpeg 768w, http:\/\/tvalaire.com\/wp-content\/uploads\/2021\/08\/1-4-1536x864.jpeg 1536w, http:\/\/tvalaire.com\/wp-content\/uploads\/2021\/08\/1-4.jpeg 1600w\" sizes=\"(max-width: 1024px) 100vw, 1024px\" \/><\/figure>\n\n\n\n<figure class=\"wp-block-image size-large\"><img loading=\"lazy\" decoding=\"async\" width=\"1024\" height=\"576\" src=\"http:\/\/tvalaire.com\/wp-content\/uploads\/2021\/08\/1-3-1024x576.jpeg\" alt=\"\" class=\"wp-image-9494\" srcset=\"http:\/\/tvalaire.com\/wp-content\/uploads\/2021\/08\/1-3-1024x576.jpeg 1024w, http:\/\/tvalaire.com\/wp-content\/uploads\/2021\/08\/1-3-300x169.jpeg 300w, http:\/\/tvalaire.com\/wp-content\/uploads\/2021\/08\/1-3-768x432.jpeg 768w, http:\/\/tvalaire.com\/wp-content\/uploads\/2021\/08\/1-3-1536x864.jpeg 1536w, http:\/\/tvalaire.com\/wp-content\/uploads\/2021\/08\/1-3.jpeg 1600w\" sizes=\"(max-width: 1024px) 100vw, 1024px\" \/><\/figure>\n","protected":false},"excerpt":{"rendered":"<p>Obtuvieron sillas de ruedas para mejorar su movilidad Coadyuvar a las condiciones de vida de&#8230;<\/p>\n","protected":false},"author":1,"featured_media":9491,"comment_status":"open","ping_status":"open","sticky":false,"template":"","format":"standard","meta":{"jetpack_post_was_ever_published":false,"_jetpack_newsletter_access":"","_jetpack_dont_email_post_to_subs":false,"_jetpack_newsletter_tier_id":0,"_jetpack_memberships_contains_paywalled_content":false,"_jetpack_memberships_contains_paid_content":false,"footnotes":"","jetpack_publicize_message":"","jetpack_publicize_feature_enabled":true,"jetpack_social_post_already_shared":true,"jetpack_social_options":{"image_generator_settings":{"template":"highway","enabled":false},"version":2}},"categories":[1],"tags":[15],"class_list":["post-9490","post","type-post","status-publish","format-standard","has-post-thumbnail","hentry","category-la-piedad","tag-la-piedad"],"jetpack_publicize_connections":[],"jetpack_sharing_enabled":true,"featured_image_urls":{"full":["http:\/\/tvalaire.com\/wp-content\/uploads\/2021\/08\/1-2.jpeg",1600,900,false],"thumbnail":["http:\/\/tvalaire.com\/wp-content\/uploads\/2021\/08\/1-2-150x150.jpeg",150,150,true],"medium":["http:\/\/tvalaire.com\/wp-content\/uploads\/2021\/08\/1-2-300x169.jpeg",300,169,true],"medium_large":["http:\/\/tvalaire.com\/wp-content\/uploads\/2021\/08\/1-2-768x432.jpeg",640,360,true],"large":["http:\/\/tvalaire.com\/wp-content\/uploads\/2021\/08\/1-2-1024x576.jpeg",640,360,true],"post-slider-thumb-size":["http:\/\/tvalaire.com\/wp-content\/uploads\/2021\/08\/1-2-330x190.jpeg",330,190,true],"post-category-slider-size":["http:\/\/tvalaire.com\/wp-content\/uploads\/2021\/08\/1-2.jpeg",330,186,false],"1536x1536":["http:\/\/tvalaire.com\/wp-content\/uploads\/2021\/08\/1-2-1536x864.jpeg",1536,864,true],"2048x2048":["http:\/\/tvalaire.com\/wp-content\/uploads\/2021\/08\/1-2.jpeg",1600,900,false],"newsium-slider-full":["http:\/\/tvalaire.com\/wp-content\/uploads\/2021\/08\/1-2-1280x845.jpeg",1280,845,true],"newsium-featured":["http:\/\/tvalaire.com\/wp-content\/uploads\/2021\/08\/1-2-1024x576.jpeg",1024,576,true],"newsium-medium":["http:\/\/tvalaire.com\/wp-content\/uploads\/2021\/08\/1-2-720x475.jpeg",720,475,true]},"author_info":{"info":["tvalairenoti"]},"category_info":"<a href=\"http:\/\/tvalaire.com\/?cat=1\" rel=\"category\">La Piedad<\/a>","tag_info":"La Piedad","comment_count":"0","jetpack_featured_media_url":"http:\/\/tvalaire.com\/wp-content\/uploads\/2021\/08\/1-2.jpeg","_links":{"self":[{"href":"http:\/\/tvalaire.com\/index.php?rest_route=\/wp\/v2\/posts\/9490"}],"collection":[{"href":"http:\/\/tvalaire.com\/index.php?rest_route=\/wp\/v2\/posts"}],"about":[{"href":"http:\/\/tvalaire.com\/index.php?rest_route=\/wp\/v2\/types\/post"}],"author":[{"embeddable":true,"href":"http:\/\/tvalaire.com\/index.php?rest_route=\/wp\/v2\/users\/1"}],"replies":[{"embeddable":true,"href":"http:\/\/tvalaire.com\/index.php?rest_route=%2Fwp%2Fv2%2Fcomments&post=9490"}],"version-history":[{"count":1,"href":"http:\/\/tvalaire.com\/index.php?rest_route=\/wp\/v2\/posts\/9490\/revisions"}],"predecessor-version":[{"id":9495,"href":"http:\/\/tvalaire.com\/index.php?rest_route=\/wp\/v2\/posts\/9490\/revisions\/9495"}],"wp:featuredmedia":[{"embeddable":true,"href":"http:\/\/tvalaire.com\/index.php?rest_route=\/wp\/v2\/media\/9491"}],"wp:attachment":[{"href":"http:\/\/tvalaire.com\/index.php?rest_route=%2Fwp%2Fv2%2Fmedia&parent=9490"}],"wp:term":[{"taxonomy":"category","embeddable":true,"href":"http:\/\/tvalaire.com\/index.php?rest_route=%2Fwp%2Fv2%2Fcategories&post=9490"},{"taxonomy":"post_tag","embeddable":true,"href":"http:\/\/tvalaire.com\/index.php?rest_route=%2Fwp%2Fv2%2Ftags&post=9490"}],"curies":[{"name":"wp","href":"https:\/\/api.w.org\/{rel}","templated":true}]}}