{"id":9473,"date":"2021-06-23T13:07:00","date_gmt":"2021-06-23T18:07:00","guid":{"rendered":"http:\/\/tvalaire.com\/?p=9473"},"modified":"2021-07-01T13:09:11","modified_gmt":"2021-07-01T18:09:11","slug":"inauguracion-de-ampliacion-electrica-en-san-isidro","status":"publish","type":"post","link":"http:\/\/tvalaire.com\/?p=9473","title":{"rendered":"INAUGURACI\u00d3N DE AMPLIACI\u00d3N EL\u00c9CTRICA EN SAN ISIDRO"},"content":{"rendered":"\n<p>La alcaldesa Belinda Iturbide D\u00edaz realiza formal inauguraci\u00f3n a la AMPLIACI\u00d3N EL\u00c9CTRICA en la comunidad de San Isidro, esto con el objetivo de definir estrategias de distribuci\u00f3n, generaci\u00f3n, transmisi\u00f3n y distribuci\u00f3n de la energ\u00eda de forma adecuada y beneficiando a los habitantes del lugar.<\/p>\n\n\n\n<figure class=\"wp-block-image size-large\"><img loading=\"lazy\" decoding=\"async\" width=\"592\" height=\"395\" src=\"http:\/\/tvalaire.com\/wp-content\/uploads\/2021\/07\/204203649_2584376825202695_6696826987851514928_n.jpg\" alt=\"\" class=\"wp-image-9475\" srcset=\"http:\/\/tvalaire.com\/wp-content\/uploads\/2021\/07\/204203649_2584376825202695_6696826987851514928_n.jpg 592w, http:\/\/tvalaire.com\/wp-content\/uploads\/2021\/07\/204203649_2584376825202695_6696826987851514928_n-300x200.jpg 300w\" sizes=\"(max-width: 592px) 100vw, 592px\" \/><\/figure>\n\n\n\n<figure class=\"wp-block-image size-large\"><img loading=\"lazy\" decoding=\"async\" width=\"592\" height=\"395\" src=\"http:\/\/tvalaire.com\/wp-content\/uploads\/2021\/07\/202780663_2584376855202692_5310386388360235822_n.jpg\" alt=\"\" class=\"wp-image-9476\" srcset=\"http:\/\/tvalaire.com\/wp-content\/uploads\/2021\/07\/202780663_2584376855202692_5310386388360235822_n.jpg 592w, http:\/\/tvalaire.com\/wp-content\/uploads\/2021\/07\/202780663_2584376855202692_5310386388360235822_n-300x200.jpg 300w\" sizes=\"(max-width: 592px) 100vw, 592px\" \/><\/figure>\n\n\n\n<figure class=\"wp-block-image size-large\"><img loading=\"lazy\" decoding=\"async\" width=\"592\" height=\"395\" src=\"http:\/\/tvalaire.com\/wp-content\/uploads\/2021\/07\/203331302_2584376885202689_5178986948841218185_n.jpg\" alt=\"\" class=\"wp-image-9477\" srcset=\"http:\/\/tvalaire.com\/wp-content\/uploads\/2021\/07\/203331302_2584376885202689_5178986948841218185_n.jpg 592w, http:\/\/tvalaire.com\/wp-content\/uploads\/2021\/07\/203331302_2584376885202689_5178986948841218185_n-300x200.jpg 300w\" sizes=\"(max-width: 592px) 100vw, 592px\" \/><\/figure>\n","protected":false},"excerpt":{"rendered":"<p>La alcaldesa Belinda Iturbide D\u00edaz realiza formal inauguraci\u00f3n a la AMPLIACI\u00d3N EL\u00c9CTRICA en la comunidad&#8230;<\/p>\n","protected":false},"author":1,"featured_media":9474,"comment_status":"open","ping_status":"open","sticky":false,"template":"","format":"standard","meta":{"jetpack_post_was_ever_published":false,"_jetpack_newsletter_access":"","_jetpack_dont_email_post_to_subs":false,"_jetpack_newsletter_tier_id":0,"_jetpack_memberships_contains_paywalled_content":false,"_jetpack_memberships_contains_paid_content":false,"footnotes":"","jetpack_publicize_message":"","jetpack_publicize_feature_enabled":true,"jetpack_social_post_already_shared":true,"jetpack_social_options":{"image_generator_settings":{"template":"highway","enabled":false},"version":2}},"categories":[4],"tags":[24],"class_list":["post-9473","post","type-post","status-publish","format-standard","has-post-thumbnail","hentry","category-puruandiro","tag-puruandiro"],"jetpack_publicize_connections":[],"jetpack_sharing_enabled":true,"featured_image_urls":{"full":["http:\/\/tvalaire.com\/wp-content\/uploads\/2021\/07\/206541759_2584376791869365_5453834693471126207_n.jpg",592,395,false],"thumbnail":["http:\/\/tvalaire.com\/wp-content\/uploads\/2021\/07\/206541759_2584376791869365_5453834693471126207_n-150x150.jpg",150,150,true],"medium":["http:\/\/tvalaire.com\/wp-content\/uploads\/2021\/07\/206541759_2584376791869365_5453834693471126207_n-300x200.jpg",300,200,true],"medium_large":["http:\/\/tvalaire.com\/wp-content\/uploads\/2021\/07\/206541759_2584376791869365_5453834693471126207_n.jpg",592,395,false],"large":["http:\/\/tvalaire.com\/wp-content\/uploads\/2021\/07\/206541759_2584376791869365_5453834693471126207_n.jpg",592,395,false],"post-slider-thumb-size":["http:\/\/tvalaire.com\/wp-content\/uploads\/2021\/07\/206541759_2584376791869365_5453834693471126207_n-330x190.jpg",330,190,true],"post-category-slider-size":["http:\/\/tvalaire.com\/wp-content\/uploads\/2021\/07\/206541759_2584376791869365_5453834693471126207_n.jpg",330,220,false],"1536x1536":["http:\/\/tvalaire.com\/wp-content\/uploads\/2021\/07\/206541759_2584376791869365_5453834693471126207_n.jpg",592,395,false],"2048x2048":["http:\/\/tvalaire.com\/wp-content\/uploads\/2021\/07\/206541759_2584376791869365_5453834693471126207_n.jpg",592,395,false],"newsium-slider-full":["http:\/\/tvalaire.com\/wp-content\/uploads\/2021\/07\/206541759_2584376791869365_5453834693471126207_n.jpg",592,395,false],"newsium-featured":["http:\/\/tvalaire.com\/wp-content\/uploads\/2021\/07\/206541759_2584376791869365_5453834693471126207_n.jpg",592,395,false],"newsium-medium":["http:\/\/tvalaire.com\/wp-content\/uploads\/2021\/07\/206541759_2584376791869365_5453834693471126207_n.jpg",592,395,false]},"author_info":{"info":["tvalairenoti"]},"category_info":"<a href=\"http:\/\/tvalaire.com\/?cat=4\" rel=\"category\">Puru\u00e1ndiro<\/a>","tag_info":"Puru\u00e1ndiro","comment_count":"0","jetpack_featured_media_url":"http:\/\/tvalaire.com\/wp-content\/uploads\/2021\/07\/206541759_2584376791869365_5453834693471126207_n.jpg","_links":{"self":[{"href":"http:\/\/tvalaire.com\/index.php?rest_route=\/wp\/v2\/posts\/9473"}],"collection":[{"href":"http:\/\/tvalaire.com\/index.php?rest_route=\/wp\/v2\/posts"}],"about":[{"href":"http:\/\/tvalaire.com\/index.php?rest_route=\/wp\/v2\/types\/post"}],"author":[{"embeddable":true,"href":"http:\/\/tvalaire.com\/index.php?rest_route=\/wp\/v2\/users\/1"}],"replies":[{"embeddable":true,"href":"http:\/\/tvalaire.com\/index.php?rest_route=%2Fwp%2Fv2%2Fcomments&post=9473"}],"version-history":[{"count":1,"href":"http:\/\/tvalaire.com\/index.php?rest_route=\/wp\/v2\/posts\/9473\/revisions"}],"predecessor-version":[{"id":9478,"href":"http:\/\/tvalaire.com\/index.php?rest_route=\/wp\/v2\/posts\/9473\/revisions\/9478"}],"wp:featuredmedia":[{"embeddable":true,"href":"http:\/\/tvalaire.com\/index.php?rest_route=\/wp\/v2\/media\/9474"}],"wp:attachment":[{"href":"http:\/\/tvalaire.com\/index.php?rest_route=%2Fwp%2Fv2%2Fmedia&parent=9473"}],"wp:term":[{"taxonomy":"category","embeddable":true,"href":"http:\/\/tvalaire.com\/index.php?rest_route=%2Fwp%2Fv2%2Fcategories&post=9473"},{"taxonomy":"post_tag","embeddable":true,"href":"http:\/\/tvalaire.com\/index.php?rest_route=%2Fwp%2Fv2%2Ftags&post=9473"}],"curies":[{"name":"wp","href":"https:\/\/api.w.org\/{rel}","templated":true}]}}