{"id":9431,"date":"2021-06-29T12:41:00","date_gmt":"2021-06-29T17:41:00","guid":{"rendered":"http:\/\/tvalaire.com\/?p=9431"},"modified":"2021-07-01T12:42:19","modified_gmt":"2021-07-01T17:42:19","slug":"habra-jornada-de-control-sanitario-por-dengue-en-la-piedad","status":"publish","type":"post","link":"http:\/\/tvalaire.com\/?p=9431","title":{"rendered":"HABR\u00c1 JORNADA DE CONTROL SANITARIO POR DENGUE EN LA PIEDAD"},"content":{"rendered":"\n<p><\/p>\n\n\n\n<p>\u00b7&nbsp;&nbsp;&nbsp;&nbsp;&nbsp;&nbsp;Se realizar\u00e1 del 5 al 9 de julio con \u00e9nfasis en 16 colonias donde ha habido incidencia del mosquito portador de esta enfermedad<\/p>\n\n\n\n<p>\u00b7&nbsp;&nbsp;&nbsp;&nbsp;&nbsp;&nbsp;El objetivo es evitar que la cepa del Dengue 3 pueda llegar a este municipio<\/p>\n\n\n\n<p>Integrantes del Consejo Municipal de Salud aprobaron diversas acciones que realizar\u00e1n durante la Jornada de control sanitario para evitar casos por Dengue en La&nbsp;Piedad.<\/p>\n\n\n\n<p>El&nbsp;Gobierno&nbsp;Municipal en coordinaci\u00f3n con la Jurisdicci\u00f3n Sanitaria comenzar\u00e1n con acciones para combatir al mosco portador de esta enfermedad a partir del 5 de Julio, donde se informar\u00e1 a la poblaci\u00f3n sobre como prevenir la proliferaci\u00f3n de este insecto as\u00ed como creaci\u00f3n de brigadas de trabajadores quienes realizar\u00e1n trabajos de limpieza y deshierbe de lotes bald\u00edos, adem\u00e1s de la fumigaci\u00f3n en 16 colonias del municipio.<\/p>\n\n\n\n<p>Las actividades se\u00f1aladas fueron aprobadas por el Consejo Municipal de Salud en la reuni\u00f3n de trabajo celebrada esta ma\u00f1ana en la Escuela de Artes que estuvo encabezada por nuestro alcalde Alex Espinoza; el jefe de la jurisdicci\u00f3n sanitaria No. 6, Luis Alberto Arriaga Belman y dem\u00e1s directores del Ayuntamiento, as\u00ed como del sector salud y educativo en la localidad.<\/p>\n\n\n\n<p>El Jefe de la Jurisdicci\u00f3n Sanitaria Luis Alberto Arriaga Belman resalt\u00f3 que hasta este momento, no ha habido casos de Dengue en La&nbsp;Piedad&nbsp;y la presencia de mosquitos existentes en las zonas cercanas al r\u00edo, se debe a la variedad Culex que s\u00f3lo presenta molestia sanitaria pero no produce enfermedades.<\/p>\n\n\n\n<p>Se invita a la poblaci\u00f3n a apoyar para de ese modo evitar contagios de dengue en nuestro municipio.<\/p>\n","protected":false},"excerpt":{"rendered":"<p>\u00b7&nbsp;&nbsp;&nbsp;&nbsp;&nbsp;&nbsp;Se realizar\u00e1 del 5 al 9 de julio con \u00e9nfasis en 16 colonias donde ha&#8230;<\/p>\n","protected":false},"author":1,"featured_media":9432,"comment_status":"open","ping_status":"open","sticky":false,"template":"","format":"standard","meta":{"jetpack_post_was_ever_published":false,"_jetpack_newsletter_access":"","_jetpack_dont_email_post_to_subs":false,"_jetpack_newsletter_tier_id":0,"_jetpack_memberships_contains_paywalled_content":false,"_jetpack_memberships_contains_paid_content":false,"footnotes":"","jetpack_publicize_message":"","jetpack_publicize_feature_enabled":true,"jetpack_social_post_already_shared":true,"jetpack_social_options":{"image_generator_settings":{"template":"highway","enabled":false},"version":2}},"categories":[1],"tags":[15],"class_list":["post-9431","post","type-post","status-publish","format-standard","has-post-thumbnail","hentry","category-la-piedad","tag-la-piedad"],"jetpack_publicize_connections":[],"jetpack_sharing_enabled":true,"featured_image_urls":{"full":["http:\/\/tvalaire.com\/wp-content\/uploads\/2021\/07\/unnamed-4.jpg",942,809,false],"thumbnail":["http:\/\/tvalaire.com\/wp-content\/uploads\/2021\/07\/unnamed-4-150x150.jpg",150,150,true],"medium":["http:\/\/tvalaire.com\/wp-content\/uploads\/2021\/07\/unnamed-4-300x258.jpg",300,258,true],"medium_large":["http:\/\/tvalaire.com\/wp-content\/uploads\/2021\/07\/unnamed-4-768x660.jpg",640,550,true],"large":["http:\/\/tvalaire.com\/wp-content\/uploads\/2021\/07\/unnamed-4.jpg",640,550,false],"post-slider-thumb-size":["http:\/\/tvalaire.com\/wp-content\/uploads\/2021\/07\/unnamed-4-330x190.jpg",330,190,true],"post-category-slider-size":["http:\/\/tvalaire.com\/wp-content\/uploads\/2021\/07\/unnamed-4.jpg",330,283,false],"1536x1536":["http:\/\/tvalaire.com\/wp-content\/uploads\/2021\/07\/unnamed-4.jpg",942,809,false],"2048x2048":["http:\/\/tvalaire.com\/wp-content\/uploads\/2021\/07\/unnamed-4.jpg",942,809,false],"newsium-slider-full":["http:\/\/tvalaire.com\/wp-content\/uploads\/2021\/07\/unnamed-4.jpg",942,809,false],"newsium-featured":["http:\/\/tvalaire.com\/wp-content\/uploads\/2021\/07\/unnamed-4.jpg",942,809,false],"newsium-medium":["http:\/\/tvalaire.com\/wp-content\/uploads\/2021\/07\/unnamed-4-720x475.jpg",720,475,true]},"author_info":{"info":["tvalairenoti"]},"category_info":"<a href=\"http:\/\/tvalaire.com\/?cat=1\" rel=\"category\">La Piedad<\/a>","tag_info":"La Piedad","comment_count":"0","jetpack_featured_media_url":"http:\/\/tvalaire.com\/wp-content\/uploads\/2021\/07\/unnamed-4.jpg","_links":{"self":[{"href":"http:\/\/tvalaire.com\/index.php?rest_route=\/wp\/v2\/posts\/9431"}],"collection":[{"href":"http:\/\/tvalaire.com\/index.php?rest_route=\/wp\/v2\/posts"}],"about":[{"href":"http:\/\/tvalaire.com\/index.php?rest_route=\/wp\/v2\/types\/post"}],"author":[{"embeddable":true,"href":"http:\/\/tvalaire.com\/index.php?rest_route=\/wp\/v2\/users\/1"}],"replies":[{"embeddable":true,"href":"http:\/\/tvalaire.com\/index.php?rest_route=%2Fwp%2Fv2%2Fcomments&post=9431"}],"version-history":[{"count":1,"href":"http:\/\/tvalaire.com\/index.php?rest_route=\/wp\/v2\/posts\/9431\/revisions"}],"predecessor-version":[{"id":9433,"href":"http:\/\/tvalaire.com\/index.php?rest_route=\/wp\/v2\/posts\/9431\/revisions\/9433"}],"wp:featuredmedia":[{"embeddable":true,"href":"http:\/\/tvalaire.com\/index.php?rest_route=\/wp\/v2\/media\/9432"}],"wp:attachment":[{"href":"http:\/\/tvalaire.com\/index.php?rest_route=%2Fwp%2Fv2%2Fmedia&parent=9431"}],"wp:term":[{"taxonomy":"category","embeddable":true,"href":"http:\/\/tvalaire.com\/index.php?rest_route=%2Fwp%2Fv2%2Fcategories&post=9431"},{"taxonomy":"post_tag","embeddable":true,"href":"http:\/\/tvalaire.com\/index.php?rest_route=%2Fwp%2Fv2%2Ftags&post=9431"}],"curies":[{"name":"wp","href":"https:\/\/api.w.org\/{rel}","templated":true}]}}