{"id":9407,"date":"2021-06-21T12:34:00","date_gmt":"2021-06-21T17:34:00","guid":{"rendered":"http:\/\/tvalaire.com\/?p=9407"},"modified":"2021-07-01T12:35:33","modified_gmt":"2021-07-01T17:35:33","slug":"alcalde-da-banderazo-inicial-del-tercer-paquete-de-obras-de-la-zona-centro","status":"publish","type":"post","link":"http:\/\/tvalaire.com\/?p=9407","title":{"rendered":"ALCALDE DA BANDERAZO INICIAL DEL TERCER PAQUETE DE OBRAS DE LA ZONA CENTRO"},"content":{"rendered":"\n<p><\/p>\n\n\n\n<ul class=\"wp-block-list\"><li><strong>Invertir\u00e1n 7 MDP en la rehabilitaci\u00f3n del sistema de agua potable<\/strong><\/li><li><strong>Comienzan trabajos en el tramo de Mariano Silva y Aceves a Madero<\/strong><\/li><\/ul>\n\n\n\n<p>Nuestro alcalde Alex Espinoza y funcionarios de Gobierno Municipal, dieron el arranque oficial de los trabajos de rehabilitaci\u00f3n de las redes de agua potable en la Zona Distrito Hidrom\u00e9trico Chapultepec en su tercera de cuatro etapas.<\/p>\n\n\n\n<p>El monto autorizado para este tercer paquete de obras, es de 7 millones de pesos de los cuales 3 millones y medio es aportaci\u00f3n federal, un mill\u00f3n estatal y 2 millones y medio del municipio a trav\u00e9s del Sistema de Agua Potable Alcantarillado y Saneamiento (SAPAS).<\/p>\n\n\n\n<p>La obra de construcci\u00f3n en este nuevo paquete de obras, arranc\u00f3 hoy en la calle Matamoros en el tramo de Mariano Silva y Aceves a Madero, en la que, a decir del director de SAPAS, Jorge Rubio Olivares, la distribuci\u00f3n del agua y recolecci\u00f3n de aguas residuales en este punto, presentaba algunas deficiencias en el servicio operacional, desconocimiento de caudales distribuidos y una inadecuada capacidad hidr\u00e1ulica de distribuci\u00f3n.<\/p>\n\n\n\n<p>Adem\u00e1s de que presentan continuas fallas en los sistemas de distribuci\u00f3n del agua potable y de aguas residuales por el deterioro de las instalaciones, dada la antig\u00fcedad de los sistemas, ya que en algunos casos datan de hace m\u00e1s de 40 a\u00f1os.<\/p>\n\n\n\n<p>En este paquete, que incluir\u00e1 a su vez a la calle Ocampo y Corregidora ser\u00e1 de 8 mil 900 metros en los que se renovar\u00e1n las redes de agua potable y el sistema de drenaje, adem\u00e1s de que incluir\u00e1 la pavimentaci\u00f3n con concreto hidr\u00e1ulico.<\/p>\n\n\n\n<p>Los trabajos iniciaron esta ma\u00f1ana con lo cual qued\u00f3 cerrada la circulaci\u00f3n de esta calle, por lo que nuestro alcalde Alex Espinoza, pidi\u00f3 a la poblaci\u00f3n su comprensi\u00f3n, ya que, si bien pudieran generar molestia, tambi\u00e9n son necesarias y que traer\u00e1n beneficios a la ciudadan\u00eda.<\/p>\n\n\n\n<p>A los conductores que se dirigen a la zona centro, pidi\u00f3 buscar rutas alternas para evitar molestias que pudieran generar por el tr\u00e1fico lento.<\/p>\n\n\n\n<figure class=\"wp-block-image size-large\"><img loading=\"lazy\" decoding=\"async\" width=\"1024\" height=\"682\" src=\"http:\/\/tvalaire.com\/wp-content\/uploads\/2021\/07\/1-2-1-1024x682.jpeg\" alt=\"\" class=\"wp-image-9409\" srcset=\"http:\/\/tvalaire.com\/wp-content\/uploads\/2021\/07\/1-2-1-1024x682.jpeg 1024w, http:\/\/tvalaire.com\/wp-content\/uploads\/2021\/07\/1-2-1-300x200.jpeg 300w, http:\/\/tvalaire.com\/wp-content\/uploads\/2021\/07\/1-2-1-768x512.jpeg 768w, http:\/\/tvalaire.com\/wp-content\/uploads\/2021\/07\/1-2-1.jpeg 1280w\" sizes=\"(max-width: 1024px) 100vw, 1024px\" \/><\/figure>\n","protected":false},"excerpt":{"rendered":"<p>Invertir\u00e1n 7 MDP en la rehabilitaci\u00f3n del sistema de agua potable Comienzan trabajos en el&#8230;<\/p>\n","protected":false},"author":1,"featured_media":9408,"comment_status":"open","ping_status":"open","sticky":false,"template":"","format":"standard","meta":{"jetpack_post_was_ever_published":false,"_jetpack_newsletter_access":"","_jetpack_dont_email_post_to_subs":false,"_jetpack_newsletter_tier_id":0,"_jetpack_memberships_contains_paywalled_content":false,"_jetpack_memberships_contains_paid_content":false,"footnotes":"","jetpack_publicize_message":"","jetpack_publicize_feature_enabled":true,"jetpack_social_post_already_shared":true,"jetpack_social_options":{"image_generator_settings":{"template":"highway","enabled":false},"version":2}},"categories":[1],"tags":[15],"class_list":["post-9407","post","type-post","status-publish","format-standard","has-post-thumbnail","hentry","category-la-piedad","tag-la-piedad"],"jetpack_publicize_connections":[],"jetpack_sharing_enabled":true,"featured_image_urls":{"full":["http:\/\/tvalaire.com\/wp-content\/uploads\/2021\/07\/1-3-4.jpeg",1280,853,false],"thumbnail":["http:\/\/tvalaire.com\/wp-content\/uploads\/2021\/07\/1-3-4-150x150.jpeg",150,150,true],"medium":["http:\/\/tvalaire.com\/wp-content\/uploads\/2021\/07\/1-3-4-300x200.jpeg",300,200,true],"medium_large":["http:\/\/tvalaire.com\/wp-content\/uploads\/2021\/07\/1-3-4-768x512.jpeg",640,427,true],"large":["http:\/\/tvalaire.com\/wp-content\/uploads\/2021\/07\/1-3-4-1024x682.jpeg",640,426,true],"post-slider-thumb-size":["http:\/\/tvalaire.com\/wp-content\/uploads\/2021\/07\/1-3-4-330x190.jpeg",330,190,true],"post-category-slider-size":["http:\/\/tvalaire.com\/wp-content\/uploads\/2021\/07\/1-3-4.jpeg",330,220,false],"1536x1536":["http:\/\/tvalaire.com\/wp-content\/uploads\/2021\/07\/1-3-4.jpeg",1280,853,false],"2048x2048":["http:\/\/tvalaire.com\/wp-content\/uploads\/2021\/07\/1-3-4.jpeg",1280,853,false],"newsium-slider-full":["http:\/\/tvalaire.com\/wp-content\/uploads\/2021\/07\/1-3-4-1280x845.jpeg",1280,845,true],"newsium-featured":["http:\/\/tvalaire.com\/wp-content\/uploads\/2021\/07\/1-3-4-1024x682.jpeg",1024,682,true],"newsium-medium":["http:\/\/tvalaire.com\/wp-content\/uploads\/2021\/07\/1-3-4-720x475.jpeg",720,475,true]},"author_info":{"info":["tvalairenoti"]},"category_info":"<a href=\"http:\/\/tvalaire.com\/?cat=1\" rel=\"category\">La Piedad<\/a>","tag_info":"La Piedad","comment_count":"0","jetpack_featured_media_url":"http:\/\/tvalaire.com\/wp-content\/uploads\/2021\/07\/1-3-4.jpeg","_links":{"self":[{"href":"http:\/\/tvalaire.com\/index.php?rest_route=\/wp\/v2\/posts\/9407"}],"collection":[{"href":"http:\/\/tvalaire.com\/index.php?rest_route=\/wp\/v2\/posts"}],"about":[{"href":"http:\/\/tvalaire.com\/index.php?rest_route=\/wp\/v2\/types\/post"}],"author":[{"embeddable":true,"href":"http:\/\/tvalaire.com\/index.php?rest_route=\/wp\/v2\/users\/1"}],"replies":[{"embeddable":true,"href":"http:\/\/tvalaire.com\/index.php?rest_route=%2Fwp%2Fv2%2Fcomments&post=9407"}],"version-history":[{"count":1,"href":"http:\/\/tvalaire.com\/index.php?rest_route=\/wp\/v2\/posts\/9407\/revisions"}],"predecessor-version":[{"id":9410,"href":"http:\/\/tvalaire.com\/index.php?rest_route=\/wp\/v2\/posts\/9407\/revisions\/9410"}],"wp:featuredmedia":[{"embeddable":true,"href":"http:\/\/tvalaire.com\/index.php?rest_route=\/wp\/v2\/media\/9408"}],"wp:attachment":[{"href":"http:\/\/tvalaire.com\/index.php?rest_route=%2Fwp%2Fv2%2Fmedia&parent=9407"}],"wp:term":[{"taxonomy":"category","embeddable":true,"href":"http:\/\/tvalaire.com\/index.php?rest_route=%2Fwp%2Fv2%2Fcategories&post=9407"},{"taxonomy":"post_tag","embeddable":true,"href":"http:\/\/tvalaire.com\/index.php?rest_route=%2Fwp%2Fv2%2Ftags&post=9407"}],"curies":[{"name":"wp","href":"https:\/\/api.w.org\/{rel}","templated":true}]}}