{"id":9403,"date":"2021-06-21T12:33:00","date_gmt":"2021-06-21T17:33:00","guid":{"rendered":"http:\/\/tvalaire.com\/?p=9403"},"modified":"2021-07-01T12:34:30","modified_gmt":"2021-07-01T17:34:30","slug":"inician-campana-de-reforestacion","status":"publish","type":"post","link":"http:\/\/tvalaire.com\/?p=9403","title":{"rendered":"INICIAN CAMPA\u00d1A DE REFORESTACI\u00d3N"},"content":{"rendered":"\n<p><\/p>\n\n\n\n<ul class=\"wp-block-list\"><li><strong>Plantan 350 \u00e1rboles de tipo Cipr\u00e9s en la Unidad Bicentenario<\/strong><\/li><li><strong>El objetivo es aprovechar la temporada de lluvias<\/strong><\/li><\/ul>\n\n\n\n<p>Con el fin de aprovechar esta temporada de lluvias, personal de Servicios P\u00fablicos, integrantes del Observatorio Ciudadano Metropolitano y personal del Batall\u00f3n de Infanter\u00eda con sede en Yur\u00e9cuaro, realizaron una campa\u00f1a de reforestaci\u00f3n en la Unidad Bicentenario en la que se logr\u00f3 la plantaci\u00f3n de 350 arbolitos.<\/p>\n\n\n\n<p>Jos\u00e9 Ayala, subdirector de Servicios P\u00fablicos inform\u00f3 que la variedad de los \u00e1rboles fue cipr\u00e9s.Previamente, personal a su cargo hizo los cajetes en los cuales se plantaron los \u00e1rboles y se dio inicio a la campa\u00f1a de reforestaci\u00f3n.<\/p>\n\n\n\n<p>En ella, se cont\u00f3 con la participaron de varios integrantes del Observatorio Ciudadano Metropolitano, as\u00ed como integrantes de la base de operaciones de labor social del Batall\u00f3n de Infanter\u00eda al mando del teniente Manuel Moreno Campos y personal de Servicios P\u00fablicos de las \u00e1reas de parques y jardines, as\u00ed como Ecolog\u00eda.<\/p>\n\n\n\n<p>Los arbolitos fueron plantados en diversas \u00e1reas disponibles en el interior de la Unidad Bicentenario, con el fin de mejorar las condiciones del espacio y aprovechar que \u00e9sta es la mejor temporada para llevar a cabo estas acciones en favor del medio ambiente.<\/p>\n\n\n\n<p>Para la colocaci\u00f3n de cada una de las plantas se cont\u00f3 con el apoyo de todos los asistentes, por lo que la actividad se desarroll\u00f3 desde temprana hora y de manera coordinada.<\/p>\n\n\n\n<figure class=\"wp-block-image size-large\"><img loading=\"lazy\" decoding=\"async\" width=\"767\" height=\"511\" src=\"http:\/\/tvalaire.com\/wp-content\/uploads\/2021\/07\/1-1-5.jpeg\" alt=\"\" class=\"wp-image-9405\" srcset=\"http:\/\/tvalaire.com\/wp-content\/uploads\/2021\/07\/1-1-5.jpeg 767w, http:\/\/tvalaire.com\/wp-content\/uploads\/2021\/07\/1-1-5-300x200.jpeg 300w\" sizes=\"(max-width: 767px) 100vw, 767px\" \/><\/figure>\n","protected":false},"excerpt":{"rendered":"<p>Plantan 350 \u00e1rboles de tipo Cipr\u00e9s en la Unidad Bicentenario El objetivo es aprovechar la&#8230;<\/p>\n","protected":false},"author":1,"featured_media":9404,"comment_status":"open","ping_status":"open","sticky":false,"template":"","format":"standard","meta":{"jetpack_post_was_ever_published":false,"_jetpack_newsletter_access":"","_jetpack_dont_email_post_to_subs":false,"_jetpack_newsletter_tier_id":0,"_jetpack_memberships_contains_paywalled_content":false,"_jetpack_memberships_contains_paid_content":false,"footnotes":"","jetpack_publicize_message":"","jetpack_publicize_feature_enabled":true,"jetpack_social_post_already_shared":true,"jetpack_social_options":{"image_generator_settings":{"template":"highway","enabled":false},"version":2}},"categories":[1],"tags":[15],"class_list":["post-9403","post","type-post","status-publish","format-standard","has-post-thumbnail","hentry","category-la-piedad","tag-la-piedad"],"jetpack_publicize_connections":[],"jetpack_sharing_enabled":true,"featured_image_urls":{"full":["http:\/\/tvalaire.com\/wp-content\/uploads\/2021\/07\/1-4-2.jpeg",765,492,false],"thumbnail":["http:\/\/tvalaire.com\/wp-content\/uploads\/2021\/07\/1-4-2-150x150.jpeg",150,150,true],"medium":["http:\/\/tvalaire.com\/wp-content\/uploads\/2021\/07\/1-4-2-300x193.jpeg",300,193,true],"medium_large":["http:\/\/tvalaire.com\/wp-content\/uploads\/2021\/07\/1-4-2.jpeg",640,412,false],"large":["http:\/\/tvalaire.com\/wp-content\/uploads\/2021\/07\/1-4-2.jpeg",640,412,false],"post-slider-thumb-size":["http:\/\/tvalaire.com\/wp-content\/uploads\/2021\/07\/1-4-2-330x190.jpeg",330,190,true],"post-category-slider-size":["http:\/\/tvalaire.com\/wp-content\/uploads\/2021\/07\/1-4-2.jpeg",330,212,false],"1536x1536":["http:\/\/tvalaire.com\/wp-content\/uploads\/2021\/07\/1-4-2.jpeg",765,492,false],"2048x2048":["http:\/\/tvalaire.com\/wp-content\/uploads\/2021\/07\/1-4-2.jpeg",765,492,false],"newsium-slider-full":["http:\/\/tvalaire.com\/wp-content\/uploads\/2021\/07\/1-4-2.jpeg",765,492,false],"newsium-featured":["http:\/\/tvalaire.com\/wp-content\/uploads\/2021\/07\/1-4-2.jpeg",765,492,false],"newsium-medium":["http:\/\/tvalaire.com\/wp-content\/uploads\/2021\/07\/1-4-2-720x475.jpeg",720,475,true]},"author_info":{"info":["tvalairenoti"]},"category_info":"<a href=\"http:\/\/tvalaire.com\/?cat=1\" rel=\"category\">La Piedad<\/a>","tag_info":"La Piedad","comment_count":"0","jetpack_featured_media_url":"http:\/\/tvalaire.com\/wp-content\/uploads\/2021\/07\/1-4-2.jpeg","_links":{"self":[{"href":"http:\/\/tvalaire.com\/index.php?rest_route=\/wp\/v2\/posts\/9403"}],"collection":[{"href":"http:\/\/tvalaire.com\/index.php?rest_route=\/wp\/v2\/posts"}],"about":[{"href":"http:\/\/tvalaire.com\/index.php?rest_route=\/wp\/v2\/types\/post"}],"author":[{"embeddable":true,"href":"http:\/\/tvalaire.com\/index.php?rest_route=\/wp\/v2\/users\/1"}],"replies":[{"embeddable":true,"href":"http:\/\/tvalaire.com\/index.php?rest_route=%2Fwp%2Fv2%2Fcomments&post=9403"}],"version-history":[{"count":1,"href":"http:\/\/tvalaire.com\/index.php?rest_route=\/wp\/v2\/posts\/9403\/revisions"}],"predecessor-version":[{"id":9406,"href":"http:\/\/tvalaire.com\/index.php?rest_route=\/wp\/v2\/posts\/9403\/revisions\/9406"}],"wp:featuredmedia":[{"embeddable":true,"href":"http:\/\/tvalaire.com\/index.php?rest_route=\/wp\/v2\/media\/9404"}],"wp:attachment":[{"href":"http:\/\/tvalaire.com\/index.php?rest_route=%2Fwp%2Fv2%2Fmedia&parent=9403"}],"wp:term":[{"taxonomy":"category","embeddable":true,"href":"http:\/\/tvalaire.com\/index.php?rest_route=%2Fwp%2Fv2%2Fcategories&post=9403"},{"taxonomy":"post_tag","embeddable":true,"href":"http:\/\/tvalaire.com\/index.php?rest_route=%2Fwp%2Fv2%2Ftags&post=9403"}],"curies":[{"name":"wp","href":"https:\/\/api.w.org\/{rel}","templated":true}]}}