{"id":9396,"date":"2021-06-16T12:31:00","date_gmt":"2021-06-16T17:31:00","guid":{"rendered":"http:\/\/tvalaire.com\/?p=9396"},"modified":"2021-07-01T12:32:24","modified_gmt":"2021-07-01T17:32:24","slug":"abriran-panteones-para-este-dia-del-padre","status":"publish","type":"post","link":"http:\/\/tvalaire.com\/?p=9396","title":{"rendered":"ABRIR\u00c1N PANTEONES PARA ESTE D\u00cdA DEL PADRE"},"content":{"rendered":"\n<p><\/p>\n\n\n\n<ul class=\"wp-block-list\"><li><strong>Podr\u00e1n ingresar cumpliendo con las medidas sanitarias<\/strong><strong><\/strong><\/li><li><strong>Habr\u00e1 tres accesos, no permitir\u00e1n ingreso de veh\u00edculos particulares<\/strong><strong><\/strong><\/li><\/ul>\n\n\n\n<p>Debido a que La Piedad se mantiene con bandera blanca en cuestiones de salud, el Gobierno Municipal con el aval del Comit\u00e9 de Salud, permitir\u00e1 el ingreso este D\u00eda del Padre a los panteones de la localidad.<\/p>\n\n\n\n<p>Por tal motivo el director de Servicios P\u00fablicos, Ram\u00f3n Romero Ram\u00edrez, inform\u00f3 que se pondr\u00e1 en marcha un programa para mejorar la movilidad en el interior del pante\u00f3n \u201cJardines de Oto\u00f1o\u201d de Ciudad del Sol, que es uno de los m\u00e1s visitados.<\/p>\n\n\n\n<p>De esta forma para mayor movilidad, estar\u00e1n abiertos tres accesos que son el de la puerta principal en la calle Camelina, el de la parte media que se ubica sobre la calle Justo Aceves y la que se encuentra en la calle Guillermo Rizo.<\/p>\n\n\n\n<p>Ram\u00f3n Romero, indic\u00f3 que el horario de visita ser\u00e1 de las 08:00 a las 5:00 de la tarde; en esta ocasi\u00f3n no habr\u00e1 pases de ingreso, pero s\u00ed tomar\u00e1n el tiempo de las personas que acudan a visitar los restos de alguno de sus familiares, con el fin de evitar aglomeraciones que puedan poner en riesgo de salud a los mismos ciudadanos.<\/p>\n\n\n\n<p>Tampoco se permitir\u00e1 el ingreso de veh\u00edculos particulares, pues la direcci\u00f3n de Servicios P\u00fablicos en coordinaci\u00f3n con el DIF Municipal, van a proporcionar movilidad en el interior por medio del camioncito y ser\u00e1 \u00fanicamente para aquellas personas que cuenten con alguna discapacidad y requieran moverse de un sitio a otro, durante los d\u00edas s\u00e1bado y domingo 20 de junio.<\/p>\n\n\n\n<p>El funcionario remarc\u00f3 que los d\u00edas lunes el Camposanto se cierra para mantenimiento y \u00fanicamente est\u00e1 abierto al p\u00fablico de martes a domingo ahora en horario de las 09:00 de la ma\u00f1ana a las 5:00 de la tarde.<\/p>\n","protected":false},"excerpt":{"rendered":"<p>Podr\u00e1n ingresar cumpliendo con las medidas sanitarias Habr\u00e1 tres accesos, no permitir\u00e1n ingreso de veh\u00edculos&#8230;<\/p>\n","protected":false},"author":1,"featured_media":9397,"comment_status":"open","ping_status":"open","sticky":false,"template":"","format":"standard","meta":{"jetpack_post_was_ever_published":false,"_jetpack_newsletter_access":"","_jetpack_dont_email_post_to_subs":false,"_jetpack_newsletter_tier_id":0,"_jetpack_memberships_contains_paywalled_content":false,"_jetpack_memberships_contains_paid_content":false,"footnotes":"","jetpack_publicize_message":"","jetpack_publicize_feature_enabled":true,"jetpack_social_post_already_shared":true,"jetpack_social_options":{"image_generator_settings":{"template":"highway","enabled":false},"version":2}},"categories":[1],"tags":[15],"class_list":["post-9396","post","type-post","status-publish","format-standard","has-post-thumbnail","hentry","category-la-piedad","tag-la-piedad"],"jetpack_publicize_connections":[],"jetpack_sharing_enabled":true,"featured_image_urls":{"full":["http:\/\/tvalaire.com\/wp-content\/uploads\/2021\/07\/1.jpeg",1280,1280,false],"thumbnail":["http:\/\/tvalaire.com\/wp-content\/uploads\/2021\/07\/1-150x150.jpeg",150,150,true],"medium":["http:\/\/tvalaire.com\/wp-content\/uploads\/2021\/07\/1-300x300.jpeg",300,300,true],"medium_large":["http:\/\/tvalaire.com\/wp-content\/uploads\/2021\/07\/1-768x768.jpeg",640,640,true],"large":["http:\/\/tvalaire.com\/wp-content\/uploads\/2021\/07\/1-1024x1024.jpeg",640,640,true],"post-slider-thumb-size":["http:\/\/tvalaire.com\/wp-content\/uploads\/2021\/07\/1-330x190.jpeg",330,190,true],"post-category-slider-size":["http:\/\/tvalaire.com\/wp-content\/uploads\/2021\/07\/1.jpeg",330,330,false],"1536x1536":["http:\/\/tvalaire.com\/wp-content\/uploads\/2021\/07\/1.jpeg",1280,1280,false],"2048x2048":["http:\/\/tvalaire.com\/wp-content\/uploads\/2021\/07\/1.jpeg",1280,1280,false],"newsium-slider-full":["http:\/\/tvalaire.com\/wp-content\/uploads\/2021\/07\/1-1280x845.jpeg",1280,845,true],"newsium-featured":["http:\/\/tvalaire.com\/wp-content\/uploads\/2021\/07\/1-1024x1024.jpeg",1024,1024,true],"newsium-medium":["http:\/\/tvalaire.com\/wp-content\/uploads\/2021\/07\/1-720x475.jpeg",720,475,true]},"author_info":{"info":["tvalairenoti"]},"category_info":"<a href=\"http:\/\/tvalaire.com\/?cat=1\" rel=\"category\">La Piedad<\/a>","tag_info":"La Piedad","comment_count":"0","jetpack_featured_media_url":"http:\/\/tvalaire.com\/wp-content\/uploads\/2021\/07\/1.jpeg","_links":{"self":[{"href":"http:\/\/tvalaire.com\/index.php?rest_route=\/wp\/v2\/posts\/9396"}],"collection":[{"href":"http:\/\/tvalaire.com\/index.php?rest_route=\/wp\/v2\/posts"}],"about":[{"href":"http:\/\/tvalaire.com\/index.php?rest_route=\/wp\/v2\/types\/post"}],"author":[{"embeddable":true,"href":"http:\/\/tvalaire.com\/index.php?rest_route=\/wp\/v2\/users\/1"}],"replies":[{"embeddable":true,"href":"http:\/\/tvalaire.com\/index.php?rest_route=%2Fwp%2Fv2%2Fcomments&post=9396"}],"version-history":[{"count":1,"href":"http:\/\/tvalaire.com\/index.php?rest_route=\/wp\/v2\/posts\/9396\/revisions"}],"predecessor-version":[{"id":9398,"href":"http:\/\/tvalaire.com\/index.php?rest_route=\/wp\/v2\/posts\/9396\/revisions\/9398"}],"wp:featuredmedia":[{"embeddable":true,"href":"http:\/\/tvalaire.com\/index.php?rest_route=\/wp\/v2\/media\/9397"}],"wp:attachment":[{"href":"http:\/\/tvalaire.com\/index.php?rest_route=%2Fwp%2Fv2%2Fmedia&parent=9396"}],"wp:term":[{"taxonomy":"category","embeddable":true,"href":"http:\/\/tvalaire.com\/index.php?rest_route=%2Fwp%2Fv2%2Fcategories&post=9396"},{"taxonomy":"post_tag","embeddable":true,"href":"http:\/\/tvalaire.com\/index.php?rest_route=%2Fwp%2Fv2%2Ftags&post=9396"}],"curies":[{"name":"wp","href":"https:\/\/api.w.org\/{rel}","templated":true}]}}