{"id":9383,"date":"2021-06-14T12:27:00","date_gmt":"2021-06-14T17:27:00","guid":{"rendered":"http:\/\/tvalaire.com\/?p=9383"},"modified":"2021-07-01T12:29:15","modified_gmt":"2021-07-01T17:29:15","slug":"la-piedad-certificada-como-municipio-promotor-de-la-salud","status":"publish","type":"post","link":"http:\/\/tvalaire.com\/?p=9383","title":{"rendered":"LA PIEDAD CERTIFICADA COMO MUNICIPIO PROMOTOR DE LA SALUD"},"content":{"rendered":"\n<p><\/p>\n\n\n\n<ul class=\"wp-block-list\"><li><strong>Gracias a los trabajos en conjunto entre Gobierno y el Sector Salud<\/strong><\/li><li><strong>Se suma a los 42 municipios en el Estado que est\u00e1n certificados<\/strong><\/li><\/ul>\n\n\n\n<p>Despu\u00e9s del trabajo en conjunto realizado entre Gobierno y el Sector Salud para dar cumplimiento con todas las acciones que se requieren en la prevenci\u00f3n, concientizaci\u00f3n, campa\u00f1as y promoci\u00f3n en beneficio de la poblaci\u00f3n, el municipio de La Piedad es certificado como Promotor de la Salud.<\/p>\n\n\n\n<p>En su intervenci\u00f3n nuestro alcalde Alex Espinoza, destac\u00f3 que los trabajos en materia de salud en donde el principal objetivo ha sido el beneficio comunitario durante todo este tiempo se ha logrado gracias a la disposici\u00f3n y las acciones colectivas.<\/p>\n\n\n\n<p>Subray\u00f3 la participaci\u00f3n de la poblaci\u00f3n en general, as\u00ed como el compromiso de los locatarios del mercado \u201cGildardo Maga\u00f1a\u201d, quienes tambi\u00e9n han logrado ser certificados como un espacio comprometido con la promoci\u00f3n de la salud, de acuerdo a las medidas implementadas en todo momento.<\/p>\n\n\n\n<p>Ah\u00ed reiter\u00f3 el compromiso de la administraci\u00f3n que preside para seguir colaborando con las acciones de salud en favor de la poblaci\u00f3n, tal es el caso de las jornadas de vacunaci\u00f3n contra el COVID-19 en las que dijo, el municipio ha sido ejemplo de organizaci\u00f3n a nivel estado.<\/p>\n\n\n\n<p>Por su parte el doctor Luis Alberto Arriaga Belman, Jefe de la Jurisdicci\u00f3n Sanitaria N\u00famero 6, coment\u00f3 que en esta administraci\u00f3n se logr\u00f3 establecer el Comit\u00e9 Municipal de Salud, en donde con todos los colaboradores se han podido establecer acuerdos y estrategias panificadas para actuar en beneficio de la salud de los piedadenses.&nbsp;<\/p>\n\n\n\n<p>Ah\u00ed Arriaga Belman, coment\u00f3 que como parte de las labores que se realizan en materia de salud, actualmente la ciudad se encuentra con bandera blanca, lo que significa que las acciones implementadas se han realizado atinadamente.&nbsp;<\/p>\n\n\n\n<p>En representaci\u00f3n de la Secretaria de Salud en el Estado de Michoac\u00e1n, Diana Carpio R\u00edos, el responsable de participaci\u00f3n municipal Fabi\u00e1n Garc\u00eda Villa, en su intervenci\u00f3n dijo que La Piedad se suma a los 42 municipios certificados en el estado.&nbsp;<\/p>\n\n\n\n<p>Garc\u00eda Villa, reconoci\u00f3 la labor que en materia de salud la Administraci\u00f3n y todos los colabores han desarrollado en beneficio de la ciudadan\u00eda en general para poder alcanzar la certificaci\u00f3n, as\u00ed mismo extendi\u00f3 la invitaci\u00f3n para seguir en ese tenor.&nbsp;<\/p>\n\n\n\n<figure class=\"wp-block-image size-large\"><img loading=\"lazy\" decoding=\"async\" width=\"1024\" height=\"576\" src=\"http:\/\/tvalaire.com\/wp-content\/uploads\/2021\/07\/1-4-1-1024x576.jpeg\" alt=\"\" class=\"wp-image-9385\" srcset=\"http:\/\/tvalaire.com\/wp-content\/uploads\/2021\/07\/1-4-1-1024x576.jpeg 1024w, http:\/\/tvalaire.com\/wp-content\/uploads\/2021\/07\/1-4-1-300x169.jpeg 300w, http:\/\/tvalaire.com\/wp-content\/uploads\/2021\/07\/1-4-1-768x432.jpeg 768w, http:\/\/tvalaire.com\/wp-content\/uploads\/2021\/07\/1-4-1-1536x864.jpeg 1536w, http:\/\/tvalaire.com\/wp-content\/uploads\/2021\/07\/1-4-1.jpeg 1600w\" sizes=\"(max-width: 1024px) 100vw, 1024px\" \/><\/figure>\n\n\n\n<figure class=\"wp-block-image size-large\"><img loading=\"lazy\" decoding=\"async\" width=\"1024\" height=\"576\" src=\"http:\/\/tvalaire.com\/wp-content\/uploads\/2021\/07\/1-5-1-1024x576.jpeg\" alt=\"\" class=\"wp-image-9386\" srcset=\"http:\/\/tvalaire.com\/wp-content\/uploads\/2021\/07\/1-5-1-1024x576.jpeg 1024w, http:\/\/tvalaire.com\/wp-content\/uploads\/2021\/07\/1-5-1-300x169.jpeg 300w, http:\/\/tvalaire.com\/wp-content\/uploads\/2021\/07\/1-5-1-768x432.jpeg 768w, http:\/\/tvalaire.com\/wp-content\/uploads\/2021\/07\/1-5-1-1536x864.jpeg 1536w, http:\/\/tvalaire.com\/wp-content\/uploads\/2021\/07\/1-5-1.jpeg 1600w\" sizes=\"(max-width: 1024px) 100vw, 1024px\" \/><\/figure>\n\n\n\n<figure class=\"wp-block-image size-large\"><img loading=\"lazy\" decoding=\"async\" width=\"1024\" height=\"576\" src=\"http:\/\/tvalaire.com\/wp-content\/uploads\/2021\/07\/1-6-1024x576.jpeg\" alt=\"\" class=\"wp-image-9387\" srcset=\"http:\/\/tvalaire.com\/wp-content\/uploads\/2021\/07\/1-6-1024x576.jpeg 1024w, http:\/\/tvalaire.com\/wp-content\/uploads\/2021\/07\/1-6-300x169.jpeg 300w, http:\/\/tvalaire.com\/wp-content\/uploads\/2021\/07\/1-6-768x432.jpeg 768w, http:\/\/tvalaire.com\/wp-content\/uploads\/2021\/07\/1-6-1536x864.jpeg 1536w, http:\/\/tvalaire.com\/wp-content\/uploads\/2021\/07\/1-6.jpeg 1600w\" sizes=\"(max-width: 1024px) 100vw, 1024px\" \/><\/figure>\n","protected":false},"excerpt":{"rendered":"<p>Gracias a los trabajos en conjunto entre Gobierno y el Sector Salud Se suma a&#8230;<\/p>\n","protected":false},"author":1,"featured_media":9384,"comment_status":"open","ping_status":"open","sticky":false,"template":"","format":"standard","meta":{"jetpack_post_was_ever_published":false,"_jetpack_newsletter_access":"","_jetpack_dont_email_post_to_subs":false,"_jetpack_newsletter_tier_id":0,"_jetpack_memberships_contains_paywalled_content":false,"_jetpack_memberships_contains_paid_content":false,"footnotes":"","jetpack_publicize_message":"","jetpack_publicize_feature_enabled":true,"jetpack_social_post_already_shared":true,"jetpack_social_options":{"image_generator_settings":{"template":"highway","enabled":false},"version":2}},"categories":[1],"tags":[15],"class_list":["post-9383","post","type-post","status-publish","format-standard","has-post-thumbnail","hentry","category-la-piedad","tag-la-piedad"],"jetpack_publicize_connections":[],"jetpack_sharing_enabled":true,"featured_image_urls":{"full":["http:\/\/tvalaire.com\/wp-content\/uploads\/2021\/07\/1-1-copia.jpg",1600,900,false],"thumbnail":["http:\/\/tvalaire.com\/wp-content\/uploads\/2021\/07\/1-1-copia-150x150.jpg",150,150,true],"medium":["http:\/\/tvalaire.com\/wp-content\/uploads\/2021\/07\/1-1-copia-300x169.jpg",300,169,true],"medium_large":["http:\/\/tvalaire.com\/wp-content\/uploads\/2021\/07\/1-1-copia-768x432.jpg",640,360,true],"large":["http:\/\/tvalaire.com\/wp-content\/uploads\/2021\/07\/1-1-copia-1024x576.jpg",640,360,true],"post-slider-thumb-size":["http:\/\/tvalaire.com\/wp-content\/uploads\/2021\/07\/1-1-copia-330x190.jpg",330,190,true],"post-category-slider-size":["http:\/\/tvalaire.com\/wp-content\/uploads\/2021\/07\/1-1-copia.jpg",330,186,false],"1536x1536":["http:\/\/tvalaire.com\/wp-content\/uploads\/2021\/07\/1-1-copia-1536x864.jpg",1536,864,true],"2048x2048":["http:\/\/tvalaire.com\/wp-content\/uploads\/2021\/07\/1-1-copia.jpg",1600,900,false],"newsium-slider-full":["http:\/\/tvalaire.com\/wp-content\/uploads\/2021\/07\/1-1-copia-1280x845.jpg",1280,845,true],"newsium-featured":["http:\/\/tvalaire.com\/wp-content\/uploads\/2021\/07\/1-1-copia-1024x576.jpg",1024,576,true],"newsium-medium":["http:\/\/tvalaire.com\/wp-content\/uploads\/2021\/07\/1-1-copia-720x475.jpg",720,475,true]},"author_info":{"info":["tvalairenoti"]},"category_info":"<a href=\"http:\/\/tvalaire.com\/?cat=1\" rel=\"category\">La Piedad<\/a>","tag_info":"La Piedad","comment_count":"0","jetpack_featured_media_url":"http:\/\/tvalaire.com\/wp-content\/uploads\/2021\/07\/1-1-copia.jpg","_links":{"self":[{"href":"http:\/\/tvalaire.com\/index.php?rest_route=\/wp\/v2\/posts\/9383"}],"collection":[{"href":"http:\/\/tvalaire.com\/index.php?rest_route=\/wp\/v2\/posts"}],"about":[{"href":"http:\/\/tvalaire.com\/index.php?rest_route=\/wp\/v2\/types\/post"}],"author":[{"embeddable":true,"href":"http:\/\/tvalaire.com\/index.php?rest_route=\/wp\/v2\/users\/1"}],"replies":[{"embeddable":true,"href":"http:\/\/tvalaire.com\/index.php?rest_route=%2Fwp%2Fv2%2Fcomments&post=9383"}],"version-history":[{"count":1,"href":"http:\/\/tvalaire.com\/index.php?rest_route=\/wp\/v2\/posts\/9383\/revisions"}],"predecessor-version":[{"id":9388,"href":"http:\/\/tvalaire.com\/index.php?rest_route=\/wp\/v2\/posts\/9383\/revisions\/9388"}],"wp:featuredmedia":[{"embeddable":true,"href":"http:\/\/tvalaire.com\/index.php?rest_route=\/wp\/v2\/media\/9384"}],"wp:attachment":[{"href":"http:\/\/tvalaire.com\/index.php?rest_route=%2Fwp%2Fv2%2Fmedia&parent=9383"}],"wp:term":[{"taxonomy":"category","embeddable":true,"href":"http:\/\/tvalaire.com\/index.php?rest_route=%2Fwp%2Fv2%2Fcategories&post=9383"},{"taxonomy":"post_tag","embeddable":true,"href":"http:\/\/tvalaire.com\/index.php?rest_route=%2Fwp%2Fv2%2Ftags&post=9383"}],"curies":[{"name":"wp","href":"https:\/\/api.w.org\/{rel}","templated":true}]}}