{"id":9369,"date":"2021-06-10T12:23:00","date_gmt":"2021-06-10T17:23:00","guid":{"rendered":"http:\/\/tvalaire.com\/?p=9369"},"modified":"2021-07-01T12:24:53","modified_gmt":"2021-07-01T17:24:53","slug":"revisa-presidente-avances-en-trabajos-del-bulevar-lazaro-cardenas","status":"publish","type":"post","link":"http:\/\/tvalaire.com\/?p=9369","title":{"rendered":"REVISA PRESIDENTE AVANCES EN TRABAJOS DEL BULEVAR \u201cL\u00c1ZARO C\u00c1RDENAS\u201d"},"content":{"rendered":"\n<p><\/p>\n\n\n\n<ul class=\"wp-block-list\"><li><strong>Realizan colado de losas en un tramo del bulevar<\/strong><\/li><li><strong>Camino al Puente de Cuota se rehabilita con asfalto<\/strong><\/li><\/ul>\n\n\n\n<p>A fin de supervisar los trabajos de mejoramiento vial que se realizan en algunos puntos de la ciudad, nuestro alcalde Alex Espinoza, acudi\u00f3 a las obras para percatarse de los avances que hasta el momento se tienen en las labores que se ejecutan en beneficio de la poblaci\u00f3n en general.<\/p>\n\n\n\n<p>En el tramo que corresponde de la calle Heroico Colegio Militar y hasta la altura del crucero de la vialidad Juan Pablo II ya se aprecia la celeridad en los trabajos y se colocan las losas de concreto hidr\u00e1ulico en el espacio que se mejora del bulevar \u201cL\u00e1zaro C\u00e1rdenas\u201d.<\/p>\n\n\n\n<p>Destac\u00f3 que los trabajos se realizan en tiempo y forma y contin\u00faan sus avances, esperando que pronto se abran a la circulaci\u00f3n algunos cruces importantes para la circulaci\u00f3n vial.Se\u00f1al\u00f3 que con las obras se mejorar\u00e1 la imagen urbana y se espera el tr\u00e1nsito vehicular sea m\u00e1s eficaz.<\/p>\n\n\n\n<p>As\u00ed mismo, otro de los puntos en los que estuvo el Presidente, y tambi\u00e9n se pueden observar avances considerables en las labores, es el tramo del Puente de Cuota el cual est\u00e1 rehabilit\u00e1ndose desde de la altura de la calle Prolongaci\u00f3n Enrique Ram\u00edrez, con una carpeta asf\u00e1ltica de 5 cent\u00edmetros de espesor.<\/p>\n\n\n\n<p>Ah\u00ed el Edil agradeci\u00f3 el trabajo de los colaboradores de la Direcci\u00f3n de Obras P\u00fablicas, que son los encargados de estar realizando las mejoras en esta vialidad y que de acuerdo a las acciones se espera pronto est\u00e9 en las condiciones \u00f3ptimas para que se abra a la circulaci\u00f3n vial.<\/p>\n\n\n\n<p>Con estas obras el primer edil del municipio reiter\u00f3 que uno de los principales objetivos de las gestiones realizadas, es poder ofrecerle a la ciudadan\u00eda un mejor entorno para vivir.<\/p>\n\n\n\n<p>De igual manera, reconoci\u00f3 el apoyo del Gobernador Silvano Aureoles, para que estas y otras obras de infraestructura urbana que se ejecutan en varios puntos de la ciudad sean dignificadas.<\/p>\n\n\n\n<figure class=\"wp-block-image size-large\"><img loading=\"lazy\" decoding=\"async\" width=\"1024\" height=\"682\" src=\"http:\/\/tvalaire.com\/wp-content\/uploads\/2021\/07\/001-5-1024x682.jpeg\" alt=\"\" class=\"wp-image-9371\" srcset=\"http:\/\/tvalaire.com\/wp-content\/uploads\/2021\/07\/001-5-1024x682.jpeg 1024w, http:\/\/tvalaire.com\/wp-content\/uploads\/2021\/07\/001-5-300x200.jpeg 300w, http:\/\/tvalaire.com\/wp-content\/uploads\/2021\/07\/001-5-768x512.jpeg 768w, http:\/\/tvalaire.com\/wp-content\/uploads\/2021\/07\/001-5.jpeg 1280w\" sizes=\"(max-width: 1024px) 100vw, 1024px\" \/><\/figure>\n\n\n\n<figure class=\"wp-block-image size-large\"><img loading=\"lazy\" decoding=\"async\" width=\"1024\" height=\"682\" src=\"http:\/\/tvalaire.com\/wp-content\/uploads\/2021\/07\/001-4-1024x682.jpeg\" alt=\"\" class=\"wp-image-9372\" srcset=\"http:\/\/tvalaire.com\/wp-content\/uploads\/2021\/07\/001-4-1024x682.jpeg 1024w, http:\/\/tvalaire.com\/wp-content\/uploads\/2021\/07\/001-4-300x200.jpeg 300w, http:\/\/tvalaire.com\/wp-content\/uploads\/2021\/07\/001-4-768x512.jpeg 768w, http:\/\/tvalaire.com\/wp-content\/uploads\/2021\/07\/001-4.jpeg 1280w\" sizes=\"(max-width: 1024px) 100vw, 1024px\" \/><\/figure>\n","protected":false},"excerpt":{"rendered":"<p>Realizan colado de losas en un tramo del bulevar Camino al Puente de Cuota se&#8230;<\/p>\n","protected":false},"author":1,"featured_media":9370,"comment_status":"open","ping_status":"open","sticky":false,"template":"","format":"standard","meta":{"jetpack_post_was_ever_published":false,"_jetpack_newsletter_access":"","_jetpack_dont_email_post_to_subs":false,"_jetpack_newsletter_tier_id":0,"_jetpack_memberships_contains_paywalled_content":false,"_jetpack_memberships_contains_paid_content":false,"footnotes":"","jetpack_publicize_message":"","jetpack_publicize_feature_enabled":true,"jetpack_social_post_already_shared":true,"jetpack_social_options":{"image_generator_settings":{"template":"highway","enabled":false},"version":2}},"categories":[1],"tags":[15],"class_list":["post-9369","post","type-post","status-publish","format-standard","has-post-thumbnail","hentry","category-la-piedad","tag-la-piedad"],"jetpack_publicize_connections":[],"jetpack_sharing_enabled":true,"featured_image_urls":{"full":["http:\/\/tvalaire.com\/wp-content\/uploads\/2021\/07\/001-2.jpeg",1280,853,false],"thumbnail":["http:\/\/tvalaire.com\/wp-content\/uploads\/2021\/07\/001-2-150x150.jpeg",150,150,true],"medium":["http:\/\/tvalaire.com\/wp-content\/uploads\/2021\/07\/001-2-300x200.jpeg",300,200,true],"medium_large":["http:\/\/tvalaire.com\/wp-content\/uploads\/2021\/07\/001-2-768x512.jpeg",640,427,true],"large":["http:\/\/tvalaire.com\/wp-content\/uploads\/2021\/07\/001-2-1024x682.jpeg",640,426,true],"post-slider-thumb-size":["http:\/\/tvalaire.com\/wp-content\/uploads\/2021\/07\/001-2-330x190.jpeg",330,190,true],"post-category-slider-size":["http:\/\/tvalaire.com\/wp-content\/uploads\/2021\/07\/001-2.jpeg",330,220,false],"1536x1536":["http:\/\/tvalaire.com\/wp-content\/uploads\/2021\/07\/001-2.jpeg",1280,853,false],"2048x2048":["http:\/\/tvalaire.com\/wp-content\/uploads\/2021\/07\/001-2.jpeg",1280,853,false],"newsium-slider-full":["http:\/\/tvalaire.com\/wp-content\/uploads\/2021\/07\/001-2-1280x845.jpeg",1280,845,true],"newsium-featured":["http:\/\/tvalaire.com\/wp-content\/uploads\/2021\/07\/001-2-1024x682.jpeg",1024,682,true],"newsium-medium":["http:\/\/tvalaire.com\/wp-content\/uploads\/2021\/07\/001-2-720x475.jpeg",720,475,true]},"author_info":{"info":["tvalairenoti"]},"category_info":"<a href=\"http:\/\/tvalaire.com\/?cat=1\" rel=\"category\">La Piedad<\/a>","tag_info":"La Piedad","comment_count":"0","jetpack_featured_media_url":"http:\/\/tvalaire.com\/wp-content\/uploads\/2021\/07\/001-2.jpeg","_links":{"self":[{"href":"http:\/\/tvalaire.com\/index.php?rest_route=\/wp\/v2\/posts\/9369"}],"collection":[{"href":"http:\/\/tvalaire.com\/index.php?rest_route=\/wp\/v2\/posts"}],"about":[{"href":"http:\/\/tvalaire.com\/index.php?rest_route=\/wp\/v2\/types\/post"}],"author":[{"embeddable":true,"href":"http:\/\/tvalaire.com\/index.php?rest_route=\/wp\/v2\/users\/1"}],"replies":[{"embeddable":true,"href":"http:\/\/tvalaire.com\/index.php?rest_route=%2Fwp%2Fv2%2Fcomments&post=9369"}],"version-history":[{"count":1,"href":"http:\/\/tvalaire.com\/index.php?rest_route=\/wp\/v2\/posts\/9369\/revisions"}],"predecessor-version":[{"id":9373,"href":"http:\/\/tvalaire.com\/index.php?rest_route=\/wp\/v2\/posts\/9369\/revisions\/9373"}],"wp:featuredmedia":[{"embeddable":true,"href":"http:\/\/tvalaire.com\/index.php?rest_route=\/wp\/v2\/media\/9370"}],"wp:attachment":[{"href":"http:\/\/tvalaire.com\/index.php?rest_route=%2Fwp%2Fv2%2Fmedia&parent=9369"}],"wp:term":[{"taxonomy":"category","embeddable":true,"href":"http:\/\/tvalaire.com\/index.php?rest_route=%2Fwp%2Fv2%2Fcategories&post=9369"},{"taxonomy":"post_tag","embeddable":true,"href":"http:\/\/tvalaire.com\/index.php?rest_route=%2Fwp%2Fv2%2Ftags&post=9369"}],"curies":[{"name":"wp","href":"https:\/\/api.w.org\/{rel}","templated":true}]}}