{"id":9348,"date":"2021-05-13T12:04:00","date_gmt":"2021-05-13T17:04:00","guid":{"rendered":"http:\/\/tvalaire.com\/?p=9348"},"modified":"2021-06-02T12:05:44","modified_gmt":"2021-06-02T17:05:44","slug":"lista-segunda-aplicacion-de-vacuna-contra-el-covid-para-adultos-mayores","status":"publish","type":"post","link":"http:\/\/tvalaire.com\/?p=9348","title":{"rendered":"LISTA SEGUNDA APLICACI\u00d3N DE VACUNA CONTRA EL COVID PARA ADULTOS MAYORES"},"content":{"rendered":"\n<p><\/p>\n\n\n\n<ul class=\"wp-block-list\"><li><strong>La meta propuesta es aplicar 3 mil dosis diarias<\/strong><\/li><li><strong>Deben presentar copia del INE y comprobante de la primera vacuna<\/strong><\/li><\/ul>\n\n\n\n<p>A partir de ma\u00f1ana, dar\u00e1 comienzo la aplicaci\u00f3n de la segunda dosis de vacunaci\u00f3n contra el Covid-19, que en esta ocasi\u00f3n la \u00fanica sede para la aplicaci\u00f3n ser\u00e1 en la unidad deportiva \u201cProf. J. Jes\u00fas Romero Flores\u201d de la colonia Vasco de Quiroga.<\/p>\n\n\n\n<p>Autoridades sanitarias en coordinaci\u00f3n con el Gobierno Municipal, prev\u00e9n aplicar 3 mil dosis diarias.<\/p>\n\n\n\n<p>Para ello, determinaron comenzar con los adultos mayores de 60 a\u00f1os que viven en la zona urbana los d\u00edas viernes 14 y s\u00e1bado 15 de mayo y el lunes 17 se asignar\u00e1 a los habitantes de la zona rural.<\/p>\n\n\n\n<p>Con el fin de evitar aglomeraciones, desde hoy personal del Gobierno Municipal, les llamar\u00e1n a cada uno de los vacunados durante la primera aplicaci\u00f3n para programarles fecha y hora. En el caso de aquellas personas que no cuentan con tel\u00e9fono o lo perdieron, pueden acudir el lunes 17.<\/p>\n\n\n\n<p>Los requisitos que deber\u00e1n presentar son: Copia de su INE y el comprobante de vacunaci\u00f3n que le dieron en la primera aplicaci\u00f3n. Se les recomienda acudir desayunados, abrigados y en caso de tomar alg\u00fan medicamento, no suspenderlo (a menos que sean anticoagulantes).<\/p>\n\n\n\n<p>Para las personas que fueron vacunadas en esta localidad, pero su credencial es de otro municipio, no ser\u00e1 necesario tramitar carta de origen y vecindad, podr\u00e1n acudir presentando los requisitos ya mencionados.<\/p>\n\n\n\n<p>El Gobierno Municipal, pidi\u00f3 a las personas mayores de 60 a\u00f1os o familiares, no acudir a formarse desde un d\u00eda antes, pues habr\u00e1 vacunas para todos los que fueron atendidos la primera vez. La inmunizaci\u00f3n o protecci\u00f3n de quienes acudan, est\u00e1 asegurada de 2 a 3 semanas despu\u00e9s de la vacuna.<\/p>\n","protected":false},"excerpt":{"rendered":"<p>La meta propuesta es aplicar 3 mil dosis diarias Deben presentar copia del INE y&#8230;<\/p>\n","protected":false},"author":1,"featured_media":9349,"comment_status":"open","ping_status":"open","sticky":false,"template":"","format":"standard","meta":{"jetpack_post_was_ever_published":false,"_jetpack_newsletter_access":"","_jetpack_dont_email_post_to_subs":false,"_jetpack_newsletter_tier_id":0,"_jetpack_memberships_contains_paywalled_content":false,"_jetpack_memberships_contains_paid_content":false,"footnotes":"","jetpack_publicize_message":"","jetpack_publicize_feature_enabled":true,"jetpack_social_post_already_shared":true,"jetpack_social_options":{"image_generator_settings":{"template":"highway","enabled":false},"version":2}},"categories":[1],"tags":[15],"class_list":["post-9348","post","type-post","status-publish","format-standard","has-post-thumbnail","hentry","category-la-piedad","tag-la-piedad"],"jetpack_publicize_connections":[],"jetpack_sharing_enabled":true,"featured_image_urls":{"full":["http:\/\/tvalaire.com\/wp-content\/uploads\/2021\/06\/01-4.jpeg",1280,720,false],"thumbnail":["http:\/\/tvalaire.com\/wp-content\/uploads\/2021\/06\/01-4-150x150.jpeg",150,150,true],"medium":["http:\/\/tvalaire.com\/wp-content\/uploads\/2021\/06\/01-4-300x169.jpeg",300,169,true],"medium_large":["http:\/\/tvalaire.com\/wp-content\/uploads\/2021\/06\/01-4-768x432.jpeg",640,360,true],"large":["http:\/\/tvalaire.com\/wp-content\/uploads\/2021\/06\/01-4-1024x576.jpeg",640,360,true],"post-slider-thumb-size":["http:\/\/tvalaire.com\/wp-content\/uploads\/2021\/06\/01-4-330x190.jpeg",330,190,true],"post-category-slider-size":["http:\/\/tvalaire.com\/wp-content\/uploads\/2021\/06\/01-4.jpeg",330,186,false],"1536x1536":["http:\/\/tvalaire.com\/wp-content\/uploads\/2021\/06\/01-4.jpeg",1280,720,false],"2048x2048":["http:\/\/tvalaire.com\/wp-content\/uploads\/2021\/06\/01-4.jpeg",1280,720,false],"newsium-slider-full":["http:\/\/tvalaire.com\/wp-content\/uploads\/2021\/06\/01-4.jpeg",1280,720,false],"newsium-featured":["http:\/\/tvalaire.com\/wp-content\/uploads\/2021\/06\/01-4-1024x576.jpeg",1024,576,true],"newsium-medium":["http:\/\/tvalaire.com\/wp-content\/uploads\/2021\/06\/01-4-720x475.jpeg",720,475,true]},"author_info":{"info":["tvalairenoti"]},"category_info":"<a href=\"http:\/\/tvalaire.com\/?cat=1\" rel=\"category\">La Piedad<\/a>","tag_info":"La Piedad","comment_count":"0","jetpack_featured_media_url":"http:\/\/tvalaire.com\/wp-content\/uploads\/2021\/06\/01-4.jpeg","_links":{"self":[{"href":"http:\/\/tvalaire.com\/index.php?rest_route=\/wp\/v2\/posts\/9348"}],"collection":[{"href":"http:\/\/tvalaire.com\/index.php?rest_route=\/wp\/v2\/posts"}],"about":[{"href":"http:\/\/tvalaire.com\/index.php?rest_route=\/wp\/v2\/types\/post"}],"author":[{"embeddable":true,"href":"http:\/\/tvalaire.com\/index.php?rest_route=\/wp\/v2\/users\/1"}],"replies":[{"embeddable":true,"href":"http:\/\/tvalaire.com\/index.php?rest_route=%2Fwp%2Fv2%2Fcomments&post=9348"}],"version-history":[{"count":1,"href":"http:\/\/tvalaire.com\/index.php?rest_route=\/wp\/v2\/posts\/9348\/revisions"}],"predecessor-version":[{"id":9350,"href":"http:\/\/tvalaire.com\/index.php?rest_route=\/wp\/v2\/posts\/9348\/revisions\/9350"}],"wp:featuredmedia":[{"embeddable":true,"href":"http:\/\/tvalaire.com\/index.php?rest_route=\/wp\/v2\/media\/9349"}],"wp:attachment":[{"href":"http:\/\/tvalaire.com\/index.php?rest_route=%2Fwp%2Fv2%2Fmedia&parent=9348"}],"wp:term":[{"taxonomy":"category","embeddable":true,"href":"http:\/\/tvalaire.com\/index.php?rest_route=%2Fwp%2Fv2%2Fcategories&post=9348"},{"taxonomy":"post_tag","embeddable":true,"href":"http:\/\/tvalaire.com\/index.php?rest_route=%2Fwp%2Fv2%2Ftags&post=9348"}],"curies":[{"name":"wp","href":"https:\/\/api.w.org\/{rel}","templated":true}]}}