{"id":9311,"date":"2021-04-15T08:55:00","date_gmt":"2021-04-15T13:55:00","guid":{"rendered":"http:\/\/tvalaire.com\/?p=9311"},"modified":"2021-05-05T08:57:12","modified_gmt":"2021-05-05T13:57:12","slug":"amplian-horario-de-visitas-al-panteon-municipal-jardines-de-otono","status":"publish","type":"post","link":"http:\/\/tvalaire.com\/?p=9311","title":{"rendered":"AMPL\u00cdAN HORARIO DE VISITAS AL PANTE\u00d3N MUNICIPAL \u201cJARDINES DE OTO\u00d1O\u201d"},"content":{"rendered":"\n<p><\/p>\n\n\n\n<ul class=\"wp-block-list\"><li><strong>Hasta el 9 de mayo el horario es hasta las5:00 de la tarde<\/strong><\/li><li><strong>El lunes se mantiene cerrado por mantenimiento<\/strong><\/li><\/ul>\n\n\n\n<p>Por disposici\u00f3n del Gobierno Local, a partir de hoy y hasta el pr\u00f3ximo 9 de mayo, el horario de ingreso para visita al pante\u00f3n municipal \u201cJardines de Oto\u00f1o\u201d se ampl\u00eda hasta las 5:00 de la tarde.<\/p>\n\n\n\n<p>Cabe destacar que desde el inicio de la alerta sanitaria por la pandemia del COVID-19, el horario de visita qued\u00f3 de martes a domingo de 09:00 a las 14:00 horas, pero en vista de que se aproxima una de las festividades m\u00e1s importantes para los ciudadanos por el D\u00eda de las Madres, las autoridades locales acordaron ampliar el horario.<\/p>\n\n\n\n<p>Sin embargo, los lunes seguir\u00e1 el cierre total del pante\u00f3n para realizar el mantenimiento a las instalaciones.<\/p>\n\n\n\n<p>Por tanto, el director de Servicios P\u00fablicos, Ram\u00f3n Romero Ram\u00edrez,pidi\u00f3 a quienes deseen visitar a sus seres queridos en v\u00edsperas del D\u00eda de las Madres lo haga en estas fechas, ya que el lunes 10 de mayo el pante\u00f3n permanecer\u00e1 cerrado.<\/p>\n\n\n\n<p>Adelant\u00f3 que para evitar aglomeraciones los d\u00edas previos a esa festividad, la direcci\u00f3n de Servicios P\u00fablicos estar\u00e1 coordinada con Tr\u00e1nsito Municipal para establecer un operativo de vigilancia pues prev\u00e9 que los d\u00edas s\u00e1bado 8 y 9 de mayo pudiera haber varios visitantes, de tal forma que buscar\u00e1n la manera de disuadir para evitarlo.<\/p>\n\n\n\n<p>Lo mismo har\u00e1 en el interior del camposanto, en donde prev\u00e9n habilitar la puerta que se ubica en la parte media para desalojar cada hora a personas que asistan, ya que el objetivo es evitar las aglomeraciones que puedan poner en riesgo la salud de los habitantes.<\/p>\n\n\n\n<p>Aclar\u00f3 que la extensi\u00f3n de horario se debe \u00fanicamente al festejo de D\u00eda de las Madres, pues a partir del martes 11 de mayo volver\u00e1n al horario anterior que es de las 09:00 a las 14:00 horas.<\/p>\n","protected":false},"excerpt":{"rendered":"<p>Hasta el 9 de mayo el horario es hasta las5:00 de la tarde El lunes&#8230;<\/p>\n","protected":false},"author":1,"featured_media":9312,"comment_status":"open","ping_status":"open","sticky":false,"template":"","format":"standard","meta":{"jetpack_post_was_ever_published":false,"_jetpack_newsletter_access":"","_jetpack_dont_email_post_to_subs":false,"_jetpack_newsletter_tier_id":0,"_jetpack_memberships_contains_paywalled_content":false,"_jetpack_memberships_contains_paid_content":false,"footnotes":"","jetpack_publicize_message":"","jetpack_publicize_feature_enabled":true,"jetpack_social_post_already_shared":true,"jetpack_social_options":{"image_generator_settings":{"template":"highway","enabled":false},"version":2}},"categories":[1],"tags":[15],"class_list":["post-9311","post","type-post","status-publish","format-standard","has-post-thumbnail","hentry","category-la-piedad","tag-la-piedad"],"jetpack_publicize_connections":[],"jetpack_sharing_enabled":true,"featured_image_urls":{"full":["http:\/\/tvalaire.com\/wp-content\/uploads\/2021\/05\/1.jpg",2084,2084,false],"thumbnail":["http:\/\/tvalaire.com\/wp-content\/uploads\/2021\/05\/1-150x150.jpg",150,150,true],"medium":["http:\/\/tvalaire.com\/wp-content\/uploads\/2021\/05\/1-300x300.jpg",300,300,true],"medium_large":["http:\/\/tvalaire.com\/wp-content\/uploads\/2021\/05\/1-768x768.jpg",640,640,true],"large":["http:\/\/tvalaire.com\/wp-content\/uploads\/2021\/05\/1-1024x1024.jpg",640,640,true],"post-slider-thumb-size":["http:\/\/tvalaire.com\/wp-content\/uploads\/2021\/05\/1-330x190.jpg",330,190,true],"post-category-slider-size":["http:\/\/tvalaire.com\/wp-content\/uploads\/2021\/05\/1.jpg",330,330,false],"1536x1536":["http:\/\/tvalaire.com\/wp-content\/uploads\/2021\/05\/1-1536x1536.jpg",1536,1536,true],"2048x2048":["http:\/\/tvalaire.com\/wp-content\/uploads\/2021\/05\/1-2048x2048.jpg",2048,2048,true],"newsium-slider-full":["http:\/\/tvalaire.com\/wp-content\/uploads\/2021\/05\/1-1280x845.jpg",1280,845,true],"newsium-featured":["http:\/\/tvalaire.com\/wp-content\/uploads\/2021\/05\/1-1024x1024.jpg",1024,1024,true],"newsium-medium":["http:\/\/tvalaire.com\/wp-content\/uploads\/2021\/05\/1-720x475.jpg",720,475,true]},"author_info":{"info":["tvalairenoti"]},"category_info":"<a href=\"http:\/\/tvalaire.com\/?cat=1\" rel=\"category\">La Piedad<\/a>","tag_info":"La Piedad","comment_count":"0","jetpack_featured_media_url":"http:\/\/tvalaire.com\/wp-content\/uploads\/2021\/05\/1.jpg","_links":{"self":[{"href":"http:\/\/tvalaire.com\/index.php?rest_route=\/wp\/v2\/posts\/9311"}],"collection":[{"href":"http:\/\/tvalaire.com\/index.php?rest_route=\/wp\/v2\/posts"}],"about":[{"href":"http:\/\/tvalaire.com\/index.php?rest_route=\/wp\/v2\/types\/post"}],"author":[{"embeddable":true,"href":"http:\/\/tvalaire.com\/index.php?rest_route=\/wp\/v2\/users\/1"}],"replies":[{"embeddable":true,"href":"http:\/\/tvalaire.com\/index.php?rest_route=%2Fwp%2Fv2%2Fcomments&post=9311"}],"version-history":[{"count":1,"href":"http:\/\/tvalaire.com\/index.php?rest_route=\/wp\/v2\/posts\/9311\/revisions"}],"predecessor-version":[{"id":9313,"href":"http:\/\/tvalaire.com\/index.php?rest_route=\/wp\/v2\/posts\/9311\/revisions\/9313"}],"wp:featuredmedia":[{"embeddable":true,"href":"http:\/\/tvalaire.com\/index.php?rest_route=\/wp\/v2\/media\/9312"}],"wp:attachment":[{"href":"http:\/\/tvalaire.com\/index.php?rest_route=%2Fwp%2Fv2%2Fmedia&parent=9311"}],"wp:term":[{"taxonomy":"category","embeddable":true,"href":"http:\/\/tvalaire.com\/index.php?rest_route=%2Fwp%2Fv2%2Fcategories&post=9311"},{"taxonomy":"post_tag","embeddable":true,"href":"http:\/\/tvalaire.com\/index.php?rest_route=%2Fwp%2Fv2%2Ftags&post=9311"}],"curies":[{"name":"wp","href":"https:\/\/api.w.org\/{rel}","templated":true}]}}