{"id":9280,"date":"2021-03-26T08:41:00","date_gmt":"2021-03-26T14:41:00","guid":{"rendered":"http:\/\/tvalaire.com\/?p=9280"},"modified":"2021-04-01T08:43:04","modified_gmt":"2021-04-01T14:43:04","slug":"arranca-vacunacion-contra-covid-19-en-el-municipio","status":"publish","type":"post","link":"http:\/\/tvalaire.com\/?p=9280","title":{"rendered":"ARRANCA VACUNACI\u00d3N CONTRA COVID-19 EN EL MUNICIPIO"},"content":{"rendered":"\n<p>Esta ma\u00f1ana dio arranque la vacunaci\u00f3n para las personas mayores de 60 a\u00f1os, tanto de la cabecera municipal como de las distintas comunidades, en las sedes de la Preparatoria &#8220;Lic. Gustavo D\u00edaz Ordaz&#8221; y la secundaria &#8220;Damaso C\u00e1rdenas&#8221; respectivamente. Recordamos que por parte de la Instancia de la Mujer, DIF Municipal, Contralor\u00eda, Desarrollo Econ\u00f3mico, Servicios P\u00fablicos y Desarrollo Social se sigue apoyando en el registro y para el transporte a las sedes de manera gratuita a los n\u00fameros 438 118 9962 o 438 383 0450.<\/p>\n\n\n\n<figure class=\"wp-block-image size-large\"><img loading=\"lazy\" decoding=\"async\" width=\"593\" height=\"395\" src=\"http:\/\/tvalaire.com\/wp-content\/uploads\/2021\/04\/164844235_2527826474191064_832222446502966907_n.jpg\" alt=\"\" class=\"wp-image-9282\" srcset=\"http:\/\/tvalaire.com\/wp-content\/uploads\/2021\/04\/164844235_2527826474191064_832222446502966907_n.jpg 593w, http:\/\/tvalaire.com\/wp-content\/uploads\/2021\/04\/164844235_2527826474191064_832222446502966907_n-300x200.jpg 300w\" sizes=\"(max-width: 593px) 100vw, 593px\" \/><\/figure>\n\n\n\n<figure class=\"wp-block-image size-large\"><img loading=\"lazy\" decoding=\"async\" width=\"593\" height=\"395\" src=\"http:\/\/tvalaire.com\/wp-content\/uploads\/2021\/04\/165068815_2527826434191068_8232691931927013571_n.jpg\" alt=\"\" class=\"wp-image-9283\" srcset=\"http:\/\/tvalaire.com\/wp-content\/uploads\/2021\/04\/165068815_2527826434191068_8232691931927013571_n.jpg 593w, http:\/\/tvalaire.com\/wp-content\/uploads\/2021\/04\/165068815_2527826434191068_8232691931927013571_n-300x200.jpg 300w\" sizes=\"(max-width: 593px) 100vw, 593px\" \/><\/figure>\n","protected":false},"excerpt":{"rendered":"<p>Esta ma\u00f1ana dio arranque la vacunaci\u00f3n para las personas mayores de 60 a\u00f1os, tanto de&#8230;<\/p>\n","protected":false},"author":1,"featured_media":9281,"comment_status":"open","ping_status":"open","sticky":false,"template":"","format":"standard","meta":{"jetpack_post_was_ever_published":false,"_jetpack_newsletter_access":"","_jetpack_dont_email_post_to_subs":false,"_jetpack_newsletter_tier_id":0,"_jetpack_memberships_contains_paywalled_content":false,"_jetpack_memberships_contains_paid_content":false,"footnotes":"","jetpack_publicize_message":"","jetpack_publicize_feature_enabled":true,"jetpack_social_post_already_shared":true,"jetpack_social_options":{"image_generator_settings":{"template":"highway","enabled":false},"version":2}},"categories":[4],"tags":[],"class_list":["post-9280","post","type-post","status-publish","format-standard","has-post-thumbnail","hentry","category-puruandiro"],"jetpack_publicize_connections":[],"jetpack_sharing_enabled":true,"featured_image_urls":{"full":["http:\/\/tvalaire.com\/wp-content\/uploads\/2021\/04\/164774002_2527826504191061_2650924251634153075_n.jpg",593,395,false],"thumbnail":["http:\/\/tvalaire.com\/wp-content\/uploads\/2021\/04\/164774002_2527826504191061_2650924251634153075_n-150x150.jpg",150,150,true],"medium":["http:\/\/tvalaire.com\/wp-content\/uploads\/2021\/04\/164774002_2527826504191061_2650924251634153075_n-300x200.jpg",300,200,true],"medium_large":["http:\/\/tvalaire.com\/wp-content\/uploads\/2021\/04\/164774002_2527826504191061_2650924251634153075_n.jpg",593,395,false],"large":["http:\/\/tvalaire.com\/wp-content\/uploads\/2021\/04\/164774002_2527826504191061_2650924251634153075_n.jpg",593,395,false],"post-slider-thumb-size":["http:\/\/tvalaire.com\/wp-content\/uploads\/2021\/04\/164774002_2527826504191061_2650924251634153075_n-330x190.jpg",330,190,true],"post-category-slider-size":["http:\/\/tvalaire.com\/wp-content\/uploads\/2021\/04\/164774002_2527826504191061_2650924251634153075_n.jpg",330,220,false],"1536x1536":["http:\/\/tvalaire.com\/wp-content\/uploads\/2021\/04\/164774002_2527826504191061_2650924251634153075_n.jpg",593,395,false],"2048x2048":["http:\/\/tvalaire.com\/wp-content\/uploads\/2021\/04\/164774002_2527826504191061_2650924251634153075_n.jpg",593,395,false],"newsium-slider-full":["http:\/\/tvalaire.com\/wp-content\/uploads\/2021\/04\/164774002_2527826504191061_2650924251634153075_n.jpg",593,395,false],"newsium-featured":["http:\/\/tvalaire.com\/wp-content\/uploads\/2021\/04\/164774002_2527826504191061_2650924251634153075_n.jpg",593,395,false],"newsium-medium":["http:\/\/tvalaire.com\/wp-content\/uploads\/2021\/04\/164774002_2527826504191061_2650924251634153075_n.jpg",593,395,false]},"author_info":{"info":["tvalairenoti"]},"category_info":"<a href=\"http:\/\/tvalaire.com\/?cat=4\" rel=\"category\">Puru\u00e1ndiro<\/a>","tag_info":"Puru\u00e1ndiro","comment_count":"0","jetpack_featured_media_url":"http:\/\/tvalaire.com\/wp-content\/uploads\/2021\/04\/164774002_2527826504191061_2650924251634153075_n.jpg","_links":{"self":[{"href":"http:\/\/tvalaire.com\/index.php?rest_route=\/wp\/v2\/posts\/9280"}],"collection":[{"href":"http:\/\/tvalaire.com\/index.php?rest_route=\/wp\/v2\/posts"}],"about":[{"href":"http:\/\/tvalaire.com\/index.php?rest_route=\/wp\/v2\/types\/post"}],"author":[{"embeddable":true,"href":"http:\/\/tvalaire.com\/index.php?rest_route=\/wp\/v2\/users\/1"}],"replies":[{"embeddable":true,"href":"http:\/\/tvalaire.com\/index.php?rest_route=%2Fwp%2Fv2%2Fcomments&post=9280"}],"version-history":[{"count":1,"href":"http:\/\/tvalaire.com\/index.php?rest_route=\/wp\/v2\/posts\/9280\/revisions"}],"predecessor-version":[{"id":9284,"href":"http:\/\/tvalaire.com\/index.php?rest_route=\/wp\/v2\/posts\/9280\/revisions\/9284"}],"wp:featuredmedia":[{"embeddable":true,"href":"http:\/\/tvalaire.com\/index.php?rest_route=\/wp\/v2\/media\/9281"}],"wp:attachment":[{"href":"http:\/\/tvalaire.com\/index.php?rest_route=%2Fwp%2Fv2%2Fmedia&parent=9280"}],"wp:term":[{"taxonomy":"category","embeddable":true,"href":"http:\/\/tvalaire.com\/index.php?rest_route=%2Fwp%2Fv2%2Fcategories&post=9280"},{"taxonomy":"post_tag","embeddable":true,"href":"http:\/\/tvalaire.com\/index.php?rest_route=%2Fwp%2Fv2%2Ftags&post=9280"}],"curies":[{"name":"wp","href":"https:\/\/api.w.org\/{rel}","templated":true}]}}