{"id":9258,"date":"2021-03-31T08:19:00","date_gmt":"2021-03-31T14:19:00","guid":{"rendered":"http:\/\/tvalaire.com\/?p=9258"},"modified":"2021-04-01T08:21:40","modified_gmt":"2021-04-01T14:21:40","slug":"arrancan-trabajos-de-pavimentacion-en-la-calle-san-jose-de-la-colonia-santa-fe","status":"publish","type":"post","link":"http:\/\/tvalaire.com\/?p=9258","title":{"rendered":"ARRANCAN TRABAJOS DE PAVIMENTACI\u00d3N EN LA CALLE SAN JOS\u00c9 DE LA COLONIA SANTA FE"},"content":{"rendered":"\n<p><\/p>\n\n\n\n<p>\u00b7&nbsp;&nbsp;&nbsp;&nbsp;&nbsp;&nbsp;Se realizar\u00e1 a trav\u00e9s del programa federal Fondo III<\/p>\n\n\n\n<p>\u00b7&nbsp;&nbsp;&nbsp;&nbsp;&nbsp;&nbsp;Tendr\u00e1 una inversi\u00f3n de un mill\u00f3n 359 mil 511 pesos<\/p>\n\n\n\n<p>Autoridades municipales dieron el banderazo inicial de los trabajos de pavimentaci\u00f3n con concreto hidr\u00e1ulico de la calle San Jos\u00e9 en el tramo de Jardines de La&nbsp;Piedad&nbsp;a la San Mart\u00edn en la colonia Santa Fe.<\/p>\n\n\n\n<p>Esta obra consistir\u00e1 en la excavaci\u00f3n de terreno, suministro y colocaci\u00f3n de material de banco, tendido y compactado al 95 por ciento de sub base hidr\u00e1ulica con tezontle y tepetate con un espesor de 20 cent\u00edmetros, construcci\u00f3n de guarniciones y colocaci\u00f3n de concreto hidr\u00e1ulico premezclado en losas con un espesor de 17 cent\u00edmetros en un tramo de 925 metros cuadrados.<\/p>\n\n\n\n<p>La pavimentaci\u00f3n de esta calle corresponde al paquete de obras anunciadas en d\u00edas pasados por nuestro Alcalde Alex Espinoza en rueda de prensa, con las que se planea mejorar la infraestructura de diversas colonias en nuestro municipio.<\/p>\n\n\n\n<p>Por otro lado, durante el evento de arranque nuestro Alcalde hizo la invitaci\u00f3n a los vecinos a ser observadores de trabajos pues uno de los objetivos de esta administraci\u00f3n es que todas las obras sean de calidad.<\/p>\n\n\n\n<p>Esta es una obra m\u00e1s que el&nbsp;gobierno&nbsp;municipal que preside Alex Espinoza, realiza en esta colonia en la que hace apenas unos d\u00edas inaugur\u00f3 la pavimentaci\u00f3n de la calle Calzada de los Indios.<\/p>\n","protected":false},"excerpt":{"rendered":"<p>\u00b7&nbsp;&nbsp;&nbsp;&nbsp;&nbsp;&nbsp;Se realizar\u00e1 a trav\u00e9s del programa federal Fondo III \u00b7&nbsp;&nbsp;&nbsp;&nbsp;&nbsp;&nbsp;Tendr\u00e1 una inversi\u00f3n de un mill\u00f3n&#8230;<\/p>\n","protected":false},"author":1,"featured_media":9259,"comment_status":"open","ping_status":"open","sticky":false,"template":"","format":"standard","meta":{"jetpack_post_was_ever_published":false,"_jetpack_newsletter_access":"","_jetpack_dont_email_post_to_subs":false,"_jetpack_newsletter_tier_id":0,"_jetpack_memberships_contains_paywalled_content":false,"_jetpack_memberships_contains_paid_content":false,"footnotes":"","jetpack_publicize_message":"","jetpack_publicize_feature_enabled":true,"jetpack_social_post_already_shared":true,"jetpack_social_options":{"image_generator_settings":{"template":"highway","enabled":false},"version":2}},"categories":[1],"tags":[15],"class_list":["post-9258","post","type-post","status-publish","format-standard","has-post-thumbnail","hentry","category-la-piedad","tag-la-piedad"],"jetpack_publicize_connections":[],"jetpack_sharing_enabled":true,"featured_image_urls":{"full":["http:\/\/tvalaire.com\/wp-content\/uploads\/2021\/04\/WhatsApp-Image-2021-03-31-at-10.26.48-AM.jpeg",1280,853,false],"thumbnail":["http:\/\/tvalaire.com\/wp-content\/uploads\/2021\/04\/WhatsApp-Image-2021-03-31-at-10.26.48-AM-150x150.jpeg",150,150,true],"medium":["http:\/\/tvalaire.com\/wp-content\/uploads\/2021\/04\/WhatsApp-Image-2021-03-31-at-10.26.48-AM-300x200.jpeg",300,200,true],"medium_large":["http:\/\/tvalaire.com\/wp-content\/uploads\/2021\/04\/WhatsApp-Image-2021-03-31-at-10.26.48-AM-768x512.jpeg",640,427,true],"large":["http:\/\/tvalaire.com\/wp-content\/uploads\/2021\/04\/WhatsApp-Image-2021-03-31-at-10.26.48-AM-1024x682.jpeg",640,426,true],"post-slider-thumb-size":["http:\/\/tvalaire.com\/wp-content\/uploads\/2021\/04\/WhatsApp-Image-2021-03-31-at-10.26.48-AM-330x190.jpeg",330,190,true],"post-category-slider-size":["http:\/\/tvalaire.com\/wp-content\/uploads\/2021\/04\/WhatsApp-Image-2021-03-31-at-10.26.48-AM.jpeg",330,220,false],"1536x1536":["http:\/\/tvalaire.com\/wp-content\/uploads\/2021\/04\/WhatsApp-Image-2021-03-31-at-10.26.48-AM.jpeg",1280,853,false],"2048x2048":["http:\/\/tvalaire.com\/wp-content\/uploads\/2021\/04\/WhatsApp-Image-2021-03-31-at-10.26.48-AM.jpeg",1280,853,false],"newsium-slider-full":["http:\/\/tvalaire.com\/wp-content\/uploads\/2021\/04\/WhatsApp-Image-2021-03-31-at-10.26.48-AM-1280x845.jpeg",1280,845,true],"newsium-featured":["http:\/\/tvalaire.com\/wp-content\/uploads\/2021\/04\/WhatsApp-Image-2021-03-31-at-10.26.48-AM-1024x682.jpeg",1024,682,true],"newsium-medium":["http:\/\/tvalaire.com\/wp-content\/uploads\/2021\/04\/WhatsApp-Image-2021-03-31-at-10.26.48-AM-720x475.jpeg",720,475,true]},"author_info":{"info":["tvalairenoti"]},"category_info":"<a href=\"http:\/\/tvalaire.com\/?cat=1\" rel=\"category\">La Piedad<\/a>","tag_info":"La Piedad","comment_count":"0","jetpack_featured_media_url":"http:\/\/tvalaire.com\/wp-content\/uploads\/2021\/04\/WhatsApp-Image-2021-03-31-at-10.26.48-AM.jpeg","_links":{"self":[{"href":"http:\/\/tvalaire.com\/index.php?rest_route=\/wp\/v2\/posts\/9258"}],"collection":[{"href":"http:\/\/tvalaire.com\/index.php?rest_route=\/wp\/v2\/posts"}],"about":[{"href":"http:\/\/tvalaire.com\/index.php?rest_route=\/wp\/v2\/types\/post"}],"author":[{"embeddable":true,"href":"http:\/\/tvalaire.com\/index.php?rest_route=\/wp\/v2\/users\/1"}],"replies":[{"embeddable":true,"href":"http:\/\/tvalaire.com\/index.php?rest_route=%2Fwp%2Fv2%2Fcomments&post=9258"}],"version-history":[{"count":1,"href":"http:\/\/tvalaire.com\/index.php?rest_route=\/wp\/v2\/posts\/9258\/revisions"}],"predecessor-version":[{"id":9260,"href":"http:\/\/tvalaire.com\/index.php?rest_route=\/wp\/v2\/posts\/9258\/revisions\/9260"}],"wp:featuredmedia":[{"embeddable":true,"href":"http:\/\/tvalaire.com\/index.php?rest_route=\/wp\/v2\/media\/9259"}],"wp:attachment":[{"href":"http:\/\/tvalaire.com\/index.php?rest_route=%2Fwp%2Fv2%2Fmedia&parent=9258"}],"wp:term":[{"taxonomy":"category","embeddable":true,"href":"http:\/\/tvalaire.com\/index.php?rest_route=%2Fwp%2Fv2%2Fcategories&post=9258"},{"taxonomy":"post_tag","embeddable":true,"href":"http:\/\/tvalaire.com\/index.php?rest_route=%2Fwp%2Fv2%2Ftags&post=9258"}],"curies":[{"name":"wp","href":"https:\/\/api.w.org\/{rel}","templated":true}]}}