{"id":9255,"date":"2021-03-31T08:17:00","date_gmt":"2021-03-31T14:17:00","guid":{"rendered":"http:\/\/tvalaire.com\/?p=9255"},"modified":"2021-04-01T08:19:52","modified_gmt":"2021-04-01T14:19:52","slug":"cabildo-aprueba-reasfaltado-de-un-tramo-del-bulevar-lazaro-cardenas","status":"publish","type":"post","link":"http:\/\/tvalaire.com\/?p=9255","title":{"rendered":"CABILDO APRUEBA REASFALTADO DE UN TRAMO DEL BULEVAR L\u00c1ZARO C\u00c1RDENAS"},"content":{"rendered":"\n<p><\/p>\n\n\n\n<p>\u00b7&nbsp;&nbsp;&nbsp;&nbsp;&nbsp;&nbsp;Ser\u00e1 de la calle Robles a San Juan en ambos cuerpos<\/p>\n\n\n\n<p>\u00b7&nbsp;&nbsp;&nbsp;&nbsp;&nbsp;&nbsp;La inversi\u00f3n que se destinar\u00e1 es de 3 millones 100 mil pesos del programa CAPUFE<\/p>\n\n\n\n<p>Por unanimidad, integrantes del Cabildo aprobaron la modificaci\u00f3n al Programa Anual de Obra P\u00fablica 2021 que incluye, el reasfaltado del tramo de la calle Robles a San Juan sobre el bulevar L\u00e1zaro C\u00e1rdenas.<\/p>\n\n\n\n<p>El tramo propuesto la meta planteada es de 12 mil 321.66 metros cuadrados con una inversi\u00f3n de 3 millones 100 mil pesos, recursos que fueron aportados por administraci\u00f3n a trav\u00e9s del fondo de Caminos y Puentes Federales (CAPUFE).<\/p>\n\n\n\n<p>Los trabajos de reasfaltado correr\u00e1n a cargo del&nbsp;Gobierno&nbsp;Municipal, con la colocaci\u00f3n de una carpeta de 7 cent\u00edmetros.<\/p>\n\n\n\n<p>Con respecto a la rehabilitaci\u00f3n del bulevar L\u00e1zaro C\u00e1rdenas que est\u00e1 aprobado por el&nbsp;Gobierno&nbsp;Estatal, nuestro Alcalde inform\u00f3 que el proceso de trabajo inici\u00f3 este martes con la visita de la empresa que gan\u00f3 la licitaci\u00f3n para realizar un recorrido en campo con personal de Tr\u00e1nsito Municipal, IMPLAN, Desarrollo Social y Obras P\u00fablicas.<\/p>\n\n\n\n<p>El objetivo, fue conocer el flujo vehicular para determinar los tiempos y hacer un programa de trabajo en donde ver\u00e1n la posibilidad de abrir todo un cuerpo o trabajar por alas a la mitad de cada uno de ellos.<\/p>\n\n\n\n<p>Adelant\u00f3 que a partir del 5 de abril se planea iniciar los trabajos con maquinaria por parte del&nbsp;Gobierno&nbsp;del Estado en esta vialidad.<\/p>\n","protected":false},"excerpt":{"rendered":"<p>\u00b7&nbsp;&nbsp;&nbsp;&nbsp;&nbsp;&nbsp;Ser\u00e1 de la calle Robles a San Juan en ambos cuerpos \u00b7&nbsp;&nbsp;&nbsp;&nbsp;&nbsp;&nbsp;La inversi\u00f3n que se&#8230;<\/p>\n","protected":false},"author":1,"featured_media":9256,"comment_status":"open","ping_status":"open","sticky":false,"template":"","format":"standard","meta":{"jetpack_post_was_ever_published":false,"_jetpack_newsletter_access":"","_jetpack_dont_email_post_to_subs":false,"_jetpack_newsletter_tier_id":0,"_jetpack_memberships_contains_paywalled_content":false,"_jetpack_memberships_contains_paid_content":false,"footnotes":"","jetpack_publicize_message":"","jetpack_publicize_feature_enabled":true,"jetpack_social_post_already_shared":true,"jetpack_social_options":{"image_generator_settings":{"template":"highway","enabled":false},"version":2}},"categories":[1],"tags":[15],"class_list":["post-9255","post","type-post","status-publish","format-standard","has-post-thumbnail","hentry","category-la-piedad","tag-la-piedad"],"jetpack_publicize_connections":[],"jetpack_sharing_enabled":true,"featured_image_urls":{"full":["http:\/\/tvalaire.com\/wp-content\/uploads\/2021\/04\/WhatsApp-Image-2021-03-30-at-8.16.35-PM.jpeg",1280,853,false],"thumbnail":["http:\/\/tvalaire.com\/wp-content\/uploads\/2021\/04\/WhatsApp-Image-2021-03-30-at-8.16.35-PM-150x150.jpeg",150,150,true],"medium":["http:\/\/tvalaire.com\/wp-content\/uploads\/2021\/04\/WhatsApp-Image-2021-03-30-at-8.16.35-PM-300x200.jpeg",300,200,true],"medium_large":["http:\/\/tvalaire.com\/wp-content\/uploads\/2021\/04\/WhatsApp-Image-2021-03-30-at-8.16.35-PM-768x512.jpeg",640,427,true],"large":["http:\/\/tvalaire.com\/wp-content\/uploads\/2021\/04\/WhatsApp-Image-2021-03-30-at-8.16.35-PM-1024x682.jpeg",640,426,true],"post-slider-thumb-size":["http:\/\/tvalaire.com\/wp-content\/uploads\/2021\/04\/WhatsApp-Image-2021-03-30-at-8.16.35-PM-330x190.jpeg",330,190,true],"post-category-slider-size":["http:\/\/tvalaire.com\/wp-content\/uploads\/2021\/04\/WhatsApp-Image-2021-03-30-at-8.16.35-PM.jpeg",330,220,false],"1536x1536":["http:\/\/tvalaire.com\/wp-content\/uploads\/2021\/04\/WhatsApp-Image-2021-03-30-at-8.16.35-PM.jpeg",1280,853,false],"2048x2048":["http:\/\/tvalaire.com\/wp-content\/uploads\/2021\/04\/WhatsApp-Image-2021-03-30-at-8.16.35-PM.jpeg",1280,853,false],"newsium-slider-full":["http:\/\/tvalaire.com\/wp-content\/uploads\/2021\/04\/WhatsApp-Image-2021-03-30-at-8.16.35-PM-1280x845.jpeg",1280,845,true],"newsium-featured":["http:\/\/tvalaire.com\/wp-content\/uploads\/2021\/04\/WhatsApp-Image-2021-03-30-at-8.16.35-PM-1024x682.jpeg",1024,682,true],"newsium-medium":["http:\/\/tvalaire.com\/wp-content\/uploads\/2021\/04\/WhatsApp-Image-2021-03-30-at-8.16.35-PM-720x475.jpeg",720,475,true]},"author_info":{"info":["tvalairenoti"]},"category_info":"<a href=\"http:\/\/tvalaire.com\/?cat=1\" rel=\"category\">La Piedad<\/a>","tag_info":"La Piedad","comment_count":"0","jetpack_featured_media_url":"http:\/\/tvalaire.com\/wp-content\/uploads\/2021\/04\/WhatsApp-Image-2021-03-30-at-8.16.35-PM.jpeg","_links":{"self":[{"href":"http:\/\/tvalaire.com\/index.php?rest_route=\/wp\/v2\/posts\/9255"}],"collection":[{"href":"http:\/\/tvalaire.com\/index.php?rest_route=\/wp\/v2\/posts"}],"about":[{"href":"http:\/\/tvalaire.com\/index.php?rest_route=\/wp\/v2\/types\/post"}],"author":[{"embeddable":true,"href":"http:\/\/tvalaire.com\/index.php?rest_route=\/wp\/v2\/users\/1"}],"replies":[{"embeddable":true,"href":"http:\/\/tvalaire.com\/index.php?rest_route=%2Fwp%2Fv2%2Fcomments&post=9255"}],"version-history":[{"count":1,"href":"http:\/\/tvalaire.com\/index.php?rest_route=\/wp\/v2\/posts\/9255\/revisions"}],"predecessor-version":[{"id":9257,"href":"http:\/\/tvalaire.com\/index.php?rest_route=\/wp\/v2\/posts\/9255\/revisions\/9257"}],"wp:featuredmedia":[{"embeddable":true,"href":"http:\/\/tvalaire.com\/index.php?rest_route=\/wp\/v2\/media\/9256"}],"wp:attachment":[{"href":"http:\/\/tvalaire.com\/index.php?rest_route=%2Fwp%2Fv2%2Fmedia&parent=9255"}],"wp:term":[{"taxonomy":"category","embeddable":true,"href":"http:\/\/tvalaire.com\/index.php?rest_route=%2Fwp%2Fv2%2Fcategories&post=9255"},{"taxonomy":"post_tag","embeddable":true,"href":"http:\/\/tvalaire.com\/index.php?rest_route=%2Fwp%2Fv2%2Ftags&post=9255"}],"curies":[{"name":"wp","href":"https:\/\/api.w.org\/{rel}","templated":true}]}}