{"id":9244,"date":"2021-03-26T08:13:00","date_gmt":"2021-03-26T14:13:00","guid":{"rendered":"http:\/\/tvalaire.com\/?p=9244"},"modified":"2021-04-01T08:15:39","modified_gmt":"2021-04-01T14:15:39","slug":"arranca-construccion-de-bulevar-lazaro-cardenas","status":"publish","type":"post","link":"http:\/\/tvalaire.com\/?p=9244","title":{"rendered":"ARRANCA CONSTRUCCI\u00d3N DE BULEVAR L\u00c1ZARO C\u00c1RDENAS"},"content":{"rendered":"\n<p><\/p>\n\n\n\n<p>\u00b7&nbsp;&nbsp;&nbsp;&nbsp;&nbsp;&nbsp;&nbsp;&nbsp;&nbsp;<strong>Van por m\u00e1s pavimentaciones de calles en colonias de La&nbsp;Piedad<\/strong><\/p>\n\n\n\n<p>\u00b7&nbsp;&nbsp;&nbsp;&nbsp;&nbsp;&nbsp;&nbsp;&nbsp;&nbsp;<strong>Inauguran calle Calzada de los Indios en la colonia Santa Fe<\/strong><\/p>\n\n\n\n<p>Autoridades estatales y municipales dieron el arranque de las obras de reconstrucci\u00f3n de un tramo del bulevar L\u00e1zaro C\u00e1rdenas, con una inversi\u00f3n por 80 millones de pesos.<\/p>\n\n\n\n<p>Con ello, se cumple el compromiso pactado por el gobernador Silvano Aureoles Conejo y de nuestro presidente municipal, Alex Espinoza, para lograr que la principal vialidad del municipio pueda ser rehabilitada.<\/p>\n\n\n\n<p>La reconstrucci\u00f3n del pavimento sobre el bulevar L\u00e1zaro C\u00e1rdenas tendr\u00e1 una inversi\u00f3n de 80 millones de pesos que ser\u00e1n aportados por el&nbsp;Gobierno&nbsp;del Estado a trav\u00e9s de la SCOP; los trabajos partir\u00e1n desde la calle Heroico Colegio Militar a la Robles, por ambos cuerpos.<\/p>\n\n\n\n<p>En este tramo se contempla el levantamiento de la carpeta asf\u00e1ltica para mejorar la base y renovar drenaje y agua potable, para colocar losas de concreto hidr\u00e1ulico con un espesor de 25 cent\u00edmetros.<\/p>\n\n\n\n<p>En su intervenci\u00f3n de bienvenida nuestro alcalde Alex Espinoza, agradeci\u00f3 al Gobernador del Estado el cumplimiento a sus compromisos y apostarle a la rehabilitaci\u00f3n de la primera etapa de este bulevar, sobre el cual ayer se autoriz\u00f3 mediante el Consejo de CAPUFE, la rehabilitaci\u00f3n de la carpeta asf\u00e1ltica del tramo que faltar\u00e1 por reparar.<\/p>\n\n\n\n<p>Y aprovech\u00f3 para plantearle siete pavimentaciones que est\u00e1n pendientes en las calles, Pedro Moreno, Eduardo Villase\u00f1or, Prolongaci\u00f3n Arroyo Hondo que conectar\u00eda a seis colonias, Orqu\u00eddeas, J. M\u00fajica, San Esteban y San Ignacio por el orden de 23 millones de pesos.<\/p>\n\n\n\n<p>De igual forma, el gobernador Silvano Aureoles Conejo acudi\u00f3 a inaugurar la pavimentaci\u00f3n de la calle Calzada de los Indios en la colonia Santa Fe y la calle Gladiolas en el fraccionamiento El Cuitzillo.<\/p>\n\n\n\n<p>El acto de arranque oficial se llev\u00f3 a cabo sobre esta avenida en la que tambi\u00e9n estuvo presente el secretario de obras p\u00fablicas, Hugo Raya Pizano; la secretaria de salud, Diana Carpio; nuestro alcalde Alex Espinoza, entre otros funcionarios estatales y municipales.<\/p>\n\n\n\n<figure class=\"wp-block-image size-large\"><img loading=\"lazy\" decoding=\"async\" width=\"1024\" height=\"682\" src=\"http:\/\/tvalaire.com\/wp-content\/uploads\/2021\/04\/bule2-1024x682.jpeg\" alt=\"\" class=\"wp-image-9246\" srcset=\"http:\/\/tvalaire.com\/wp-content\/uploads\/2021\/04\/bule2-1024x682.jpeg 1024w, http:\/\/tvalaire.com\/wp-content\/uploads\/2021\/04\/bule2-300x200.jpeg 300w, http:\/\/tvalaire.com\/wp-content\/uploads\/2021\/04\/bule2-768x512.jpeg 768w, http:\/\/tvalaire.com\/wp-content\/uploads\/2021\/04\/bule2.jpeg 1280w\" sizes=\"(max-width: 1024px) 100vw, 1024px\" \/><\/figure>\n\n\n\n<figure class=\"wp-block-image size-large\"><img loading=\"lazy\" decoding=\"async\" width=\"1024\" height=\"682\" src=\"http:\/\/tvalaire.com\/wp-content\/uploads\/2021\/04\/bule3-1024x682.jpeg\" alt=\"\" class=\"wp-image-9247\" srcset=\"http:\/\/tvalaire.com\/wp-content\/uploads\/2021\/04\/bule3-1024x682.jpeg 1024w, http:\/\/tvalaire.com\/wp-content\/uploads\/2021\/04\/bule3-300x200.jpeg 300w, http:\/\/tvalaire.com\/wp-content\/uploads\/2021\/04\/bule3-768x512.jpeg 768w, http:\/\/tvalaire.com\/wp-content\/uploads\/2021\/04\/bule3.jpeg 1280w\" sizes=\"(max-width: 1024px) 100vw, 1024px\" \/><\/figure>\n\n\n\n<figure class=\"wp-block-image size-large\"><img loading=\"lazy\" decoding=\"async\" width=\"1024\" height=\"682\" src=\"http:\/\/tvalaire.com\/wp-content\/uploads\/2021\/04\/bule3-1-1024x682.jpeg\" alt=\"\" class=\"wp-image-9248\" srcset=\"http:\/\/tvalaire.com\/wp-content\/uploads\/2021\/04\/bule3-1-1024x682.jpeg 1024w, http:\/\/tvalaire.com\/wp-content\/uploads\/2021\/04\/bule3-1-300x200.jpeg 300w, http:\/\/tvalaire.com\/wp-content\/uploads\/2021\/04\/bule3-1-768x512.jpeg 768w, http:\/\/tvalaire.com\/wp-content\/uploads\/2021\/04\/bule3-1.jpeg 1280w\" sizes=\"(max-width: 1024px) 100vw, 1024px\" \/><\/figure>\n\n\n\n<figure class=\"wp-block-image size-large\"><img loading=\"lazy\" decoding=\"async\" width=\"1024\" height=\"682\" src=\"http:\/\/tvalaire.com\/wp-content\/uploads\/2021\/04\/WhatsApp-Image-2021-03-26-at-3.53.48-PM-1-1024x682.jpeg\" alt=\"\" class=\"wp-image-9249\" srcset=\"http:\/\/tvalaire.com\/wp-content\/uploads\/2021\/04\/WhatsApp-Image-2021-03-26-at-3.53.48-PM-1-1024x682.jpeg 1024w, http:\/\/tvalaire.com\/wp-content\/uploads\/2021\/04\/WhatsApp-Image-2021-03-26-at-3.53.48-PM-1-300x200.jpeg 300w, http:\/\/tvalaire.com\/wp-content\/uploads\/2021\/04\/WhatsApp-Image-2021-03-26-at-3.53.48-PM-1-768x512.jpeg 768w, http:\/\/tvalaire.com\/wp-content\/uploads\/2021\/04\/WhatsApp-Image-2021-03-26-at-3.53.48-PM-1.jpeg 1280w\" sizes=\"(max-width: 1024px) 100vw, 1024px\" \/><\/figure>\n","protected":false},"excerpt":{"rendered":"<p>\u00b7&nbsp;&nbsp;&nbsp;&nbsp;&nbsp;&nbsp;&nbsp;&nbsp;&nbsp;Van por m\u00e1s pavimentaciones de calles en colonias de La&nbsp;Piedad \u00b7&nbsp;&nbsp;&nbsp;&nbsp;&nbsp;&nbsp;&nbsp;&nbsp;&nbsp;Inauguran calle Calzada de los&#8230;<\/p>\n","protected":false},"author":1,"featured_media":9245,"comment_status":"open","ping_status":"open","sticky":false,"template":"","format":"standard","meta":{"jetpack_post_was_ever_published":false,"_jetpack_newsletter_access":"","_jetpack_dont_email_post_to_subs":false,"_jetpack_newsletter_tier_id":0,"_jetpack_memberships_contains_paywalled_content":false,"_jetpack_memberships_contains_paid_content":false,"footnotes":"","jetpack_publicize_message":"","jetpack_publicize_feature_enabled":true,"jetpack_social_post_already_shared":true,"jetpack_social_options":{"image_generator_settings":{"template":"highway","enabled":false},"version":2}},"categories":[1],"tags":[15],"class_list":["post-9244","post","type-post","status-publish","format-standard","has-post-thumbnail","hentry","category-la-piedad","tag-la-piedad"],"jetpack_publicize_connections":[],"jetpack_sharing_enabled":true,"featured_image_urls":{"full":["http:\/\/tvalaire.com\/wp-content\/uploads\/2021\/04\/bule.jpeg",1280,853,false],"thumbnail":["http:\/\/tvalaire.com\/wp-content\/uploads\/2021\/04\/bule-150x150.jpeg",150,150,true],"medium":["http:\/\/tvalaire.com\/wp-content\/uploads\/2021\/04\/bule-300x200.jpeg",300,200,true],"medium_large":["http:\/\/tvalaire.com\/wp-content\/uploads\/2021\/04\/bule-768x512.jpeg",640,427,true],"large":["http:\/\/tvalaire.com\/wp-content\/uploads\/2021\/04\/bule-1024x682.jpeg",640,426,true],"post-slider-thumb-size":["http:\/\/tvalaire.com\/wp-content\/uploads\/2021\/04\/bule-330x190.jpeg",330,190,true],"post-category-slider-size":["http:\/\/tvalaire.com\/wp-content\/uploads\/2021\/04\/bule.jpeg",330,220,false],"1536x1536":["http:\/\/tvalaire.com\/wp-content\/uploads\/2021\/04\/bule.jpeg",1280,853,false],"2048x2048":["http:\/\/tvalaire.com\/wp-content\/uploads\/2021\/04\/bule.jpeg",1280,853,false],"newsium-slider-full":["http:\/\/tvalaire.com\/wp-content\/uploads\/2021\/04\/bule-1280x845.jpeg",1280,845,true],"newsium-featured":["http:\/\/tvalaire.com\/wp-content\/uploads\/2021\/04\/bule-1024x682.jpeg",1024,682,true],"newsium-medium":["http:\/\/tvalaire.com\/wp-content\/uploads\/2021\/04\/bule-720x475.jpeg",720,475,true]},"author_info":{"info":["tvalairenoti"]},"category_info":"<a href=\"http:\/\/tvalaire.com\/?cat=1\" rel=\"category\">La Piedad<\/a>","tag_info":"La Piedad","comment_count":"0","jetpack_featured_media_url":"http:\/\/tvalaire.com\/wp-content\/uploads\/2021\/04\/bule.jpeg","_links":{"self":[{"href":"http:\/\/tvalaire.com\/index.php?rest_route=\/wp\/v2\/posts\/9244"}],"collection":[{"href":"http:\/\/tvalaire.com\/index.php?rest_route=\/wp\/v2\/posts"}],"about":[{"href":"http:\/\/tvalaire.com\/index.php?rest_route=\/wp\/v2\/types\/post"}],"author":[{"embeddable":true,"href":"http:\/\/tvalaire.com\/index.php?rest_route=\/wp\/v2\/users\/1"}],"replies":[{"embeddable":true,"href":"http:\/\/tvalaire.com\/index.php?rest_route=%2Fwp%2Fv2%2Fcomments&post=9244"}],"version-history":[{"count":1,"href":"http:\/\/tvalaire.com\/index.php?rest_route=\/wp\/v2\/posts\/9244\/revisions"}],"predecessor-version":[{"id":9250,"href":"http:\/\/tvalaire.com\/index.php?rest_route=\/wp\/v2\/posts\/9244\/revisions\/9250"}],"wp:featuredmedia":[{"embeddable":true,"href":"http:\/\/tvalaire.com\/index.php?rest_route=\/wp\/v2\/media\/9245"}],"wp:attachment":[{"href":"http:\/\/tvalaire.com\/index.php?rest_route=%2Fwp%2Fv2%2Fmedia&parent=9244"}],"wp:term":[{"taxonomy":"category","embeddable":true,"href":"http:\/\/tvalaire.com\/index.php?rest_route=%2Fwp%2Fv2%2Fcategories&post=9244"},{"taxonomy":"post_tag","embeddable":true,"href":"http:\/\/tvalaire.com\/index.php?rest_route=%2Fwp%2Fv2%2Ftags&post=9244"}],"curies":[{"name":"wp","href":"https:\/\/api.w.org\/{rel}","templated":true}]}}