{"id":9239,"date":"2021-03-26T08:11:00","date_gmt":"2021-03-26T14:11:00","guid":{"rendered":"http:\/\/tvalaire.com\/?p=9239"},"modified":"2021-04-01T08:13:24","modified_gmt":"2021-04-01T14:13:24","slug":"colocan-primera-piedra-del-nuevo-centro-de-salud-en-la-piedad","status":"publish","type":"post","link":"http:\/\/tvalaire.com\/?p=9239","title":{"rendered":"COLOCAN PRIMERA PIEDRA DEL NUEVO CENTRO DE SALUD EN LA PIEDAD"},"content":{"rendered":"\n<p><\/p>\n\n\n\n<p>\u00a0\u00a0<strong>Mejorar\u00e1n servicios m\u00e9dicos a municipios de la regi\u00f3n<\/strong><\/p>\n\n\n\n<p>\u00a0\u00a0<strong>Se ubicar\u00e1 en calle Carrillo Puerto, en plena zona Centro<\/strong><\/p>\n\n\n\n<p>El gobernador Silvano Aureoles Conejo y autoridades municipales dieron el arranque para el inicio de la construcci\u00f3n del nuevo Centro de Salud en La&nbsp;Piedad, mismo que vendr\u00e1 a mejorar el servicio m\u00e9dico en la regi\u00f3n.<\/p>\n\n\n\n<p>Ah\u00ed, el secretario de Obras P\u00fablicas y Comunicaciones, Hugo Raya Pizano, afirm\u00f3 que el proyecto tiene una inversi\u00f3n superior a los 48 millones de pesos, mismo que incluye la edificaci\u00f3n y el equipamiento.<\/p>\n\n\n\n<p>En su intervenci\u00f3n, nuestro presidente municipal, Alex Espinoza, afirm\u00f3 que la salud es una prioridad en esta \u00e9poca, prueba de ello es la vacunaci\u00f3n que se realiza en la ciudad a los adultos mayores contra el COVID-19.<\/p>\n\n\n\n<p>Explic\u00f3 que desde el inicio de este&nbsp;Gobierno&nbsp;se ha gestionado el proyecto para que se construya este nuevo Centro de Salud, mismo que ya es una realidad.<\/p>\n\n\n\n<p>El actual Centro de Salud tiene m\u00e1s de 58 a\u00f1os de existencia y mensualmente atiende a unos 6 mil pacientes, por lo que es necesario dar un mejor servicio m\u00e9dico.<\/p>\n\n\n\n<p>Se busca que el nuevo Centro de Salud d\u00e9 servicios de calidad y dignificar\u00e1 la atenci\u00f3n a las y los ciudadanos, por lo que agradeci\u00f3 el apoyo al&nbsp;Gobierno&nbsp;del Estado y las instituciones que participan, as\u00ed como al personal m\u00e9dico y enfermeras por su trabajo.<\/p>\n\n\n\n<p>Para la construcci\u00f3n de esta obra el&nbsp;Gobierno&nbsp;del Estado destin\u00f3 48 millones 700 mil pesos, de los cuales 37 millones corresponde a la construcci\u00f3n y poco m\u00e1s de 11 millones en equipamiento.<\/p>\n\n\n\n<p>El acto de inicio estuvo encabezado por el gobernador del estado, Silvano Aureoles Conejo; nuestro alcalde Alex Espinoza; Diana Celia Carpio R\u00edos, secretaria de Salud; el secretario de la SCOP, Hugo Raya&nbsp;Pizano, entre otros funcionarios.<\/p>\n\n\n\n<figure class=\"wp-block-image size-large\"><img loading=\"lazy\" decoding=\"async\" width=\"1024\" height=\"576\" src=\"http:\/\/tvalaire.com\/wp-content\/uploads\/2021\/04\/cs2-1024x576.jpeg\" alt=\"\" class=\"wp-image-9241\" srcset=\"http:\/\/tvalaire.com\/wp-content\/uploads\/2021\/04\/cs2-1024x576.jpeg 1024w, http:\/\/tvalaire.com\/wp-content\/uploads\/2021\/04\/cs2-300x169.jpeg 300w, http:\/\/tvalaire.com\/wp-content\/uploads\/2021\/04\/cs2-768x432.jpeg 768w, http:\/\/tvalaire.com\/wp-content\/uploads\/2021\/04\/cs2.jpeg 1280w\" sizes=\"(max-width: 1024px) 100vw, 1024px\" \/><\/figure>\n\n\n\n<figure class=\"wp-block-image size-large\"><img loading=\"lazy\" decoding=\"async\" width=\"1024\" height=\"576\" src=\"http:\/\/tvalaire.com\/wp-content\/uploads\/2021\/04\/cs1-1024x576.jpeg\" alt=\"\" class=\"wp-image-9242\" srcset=\"http:\/\/tvalaire.com\/wp-content\/uploads\/2021\/04\/cs1-1024x576.jpeg 1024w, http:\/\/tvalaire.com\/wp-content\/uploads\/2021\/04\/cs1-300x169.jpeg 300w, http:\/\/tvalaire.com\/wp-content\/uploads\/2021\/04\/cs1-768x432.jpeg 768w, http:\/\/tvalaire.com\/wp-content\/uploads\/2021\/04\/cs1.jpeg 1280w\" sizes=\"(max-width: 1024px) 100vw, 1024px\" \/><\/figure>\n","protected":false},"excerpt":{"rendered":"<p>\u00a0\u00a0Mejorar\u00e1n servicios m\u00e9dicos a municipios de la regi\u00f3n \u00a0\u00a0Se ubicar\u00e1 en calle Carrillo Puerto, en&#8230;<\/p>\n","protected":false},"author":1,"featured_media":9240,"comment_status":"open","ping_status":"open","sticky":false,"template":"","format":"standard","meta":{"jetpack_post_was_ever_published":false,"_jetpack_newsletter_access":"","_jetpack_dont_email_post_to_subs":false,"_jetpack_newsletter_tier_id":0,"_jetpack_memberships_contains_paywalled_content":false,"_jetpack_memberships_contains_paid_content":false,"footnotes":"","jetpack_publicize_message":"","jetpack_publicize_feature_enabled":true,"jetpack_social_post_already_shared":true,"jetpack_social_options":{"image_generator_settings":{"template":"highway","enabled":false},"version":2}},"categories":[1],"tags":[15],"class_list":["post-9239","post","type-post","status-publish","format-standard","has-post-thumbnail","hentry","category-la-piedad","tag-la-piedad"],"jetpack_publicize_connections":[],"jetpack_sharing_enabled":true,"featured_image_urls":{"full":["http:\/\/tvalaire.com\/wp-content\/uploads\/2021\/04\/cs3.jpeg",1280,720,false],"thumbnail":["http:\/\/tvalaire.com\/wp-content\/uploads\/2021\/04\/cs3-150x150.jpeg",150,150,true],"medium":["http:\/\/tvalaire.com\/wp-content\/uploads\/2021\/04\/cs3-300x169.jpeg",300,169,true],"medium_large":["http:\/\/tvalaire.com\/wp-content\/uploads\/2021\/04\/cs3-768x432.jpeg",640,360,true],"large":["http:\/\/tvalaire.com\/wp-content\/uploads\/2021\/04\/cs3-1024x576.jpeg",640,360,true],"post-slider-thumb-size":["http:\/\/tvalaire.com\/wp-content\/uploads\/2021\/04\/cs3-330x190.jpeg",330,190,true],"post-category-slider-size":["http:\/\/tvalaire.com\/wp-content\/uploads\/2021\/04\/cs3.jpeg",330,186,false],"1536x1536":["http:\/\/tvalaire.com\/wp-content\/uploads\/2021\/04\/cs3.jpeg",1280,720,false],"2048x2048":["http:\/\/tvalaire.com\/wp-content\/uploads\/2021\/04\/cs3.jpeg",1280,720,false],"newsium-slider-full":["http:\/\/tvalaire.com\/wp-content\/uploads\/2021\/04\/cs3.jpeg",1280,720,false],"newsium-featured":["http:\/\/tvalaire.com\/wp-content\/uploads\/2021\/04\/cs3-1024x576.jpeg",1024,576,true],"newsium-medium":["http:\/\/tvalaire.com\/wp-content\/uploads\/2021\/04\/cs3-720x475.jpeg",720,475,true]},"author_info":{"info":["tvalairenoti"]},"category_info":"<a href=\"http:\/\/tvalaire.com\/?cat=1\" rel=\"category\">La Piedad<\/a>","tag_info":"La Piedad","comment_count":"0","jetpack_featured_media_url":"http:\/\/tvalaire.com\/wp-content\/uploads\/2021\/04\/cs3.jpeg","_links":{"self":[{"href":"http:\/\/tvalaire.com\/index.php?rest_route=\/wp\/v2\/posts\/9239"}],"collection":[{"href":"http:\/\/tvalaire.com\/index.php?rest_route=\/wp\/v2\/posts"}],"about":[{"href":"http:\/\/tvalaire.com\/index.php?rest_route=\/wp\/v2\/types\/post"}],"author":[{"embeddable":true,"href":"http:\/\/tvalaire.com\/index.php?rest_route=\/wp\/v2\/users\/1"}],"replies":[{"embeddable":true,"href":"http:\/\/tvalaire.com\/index.php?rest_route=%2Fwp%2Fv2%2Fcomments&post=9239"}],"version-history":[{"count":1,"href":"http:\/\/tvalaire.com\/index.php?rest_route=\/wp\/v2\/posts\/9239\/revisions"}],"predecessor-version":[{"id":9243,"href":"http:\/\/tvalaire.com\/index.php?rest_route=\/wp\/v2\/posts\/9239\/revisions\/9243"}],"wp:featuredmedia":[{"embeddable":true,"href":"http:\/\/tvalaire.com\/index.php?rest_route=\/wp\/v2\/media\/9240"}],"wp:attachment":[{"href":"http:\/\/tvalaire.com\/index.php?rest_route=%2Fwp%2Fv2%2Fmedia&parent=9239"}],"wp:term":[{"taxonomy":"category","embeddable":true,"href":"http:\/\/tvalaire.com\/index.php?rest_route=%2Fwp%2Fv2%2Fcategories&post=9239"},{"taxonomy":"post_tag","embeddable":true,"href":"http:\/\/tvalaire.com\/index.php?rest_route=%2Fwp%2Fv2%2Ftags&post=9239"}],"curies":[{"name":"wp","href":"https:\/\/api.w.org\/{rel}","templated":true}]}}